{"id":2077,"date":"2024-08-11T21:40:59","date_gmt":"2024-08-11T21:40:59","guid":{"rendered":"https:\/\/deportodos.com.ar\/2023\/?p=2077"},"modified":"2024-08-13T18:51:14","modified_gmt":"2024-08-13T18:51:14","slug":"patronato-volvio-a-la-victoria-en-su-estadio","status":"publish","type":"post","link":"https:\/\/deportodos.com.ar\/2023\/patronato-volvio-a-la-victoria-en-su-estadio\/","title":{"rendered":"PATRONATO VOLVI\u00d3 A LA VICTORIA EN SU ESTADIO"},"content":{"rendered":"\n<p>Por la 27\u00b0 fecha de la Zona A en la Primera Nacional, Patronato recibi\u00f3 este domingo a Gimnasia de Jujuy. El duelo fue en el estadio Presb\u00edtero Bartolom\u00e9 Grella y cont\u00f3 con el arbitraje de Maximiliano Macheroni. La obligaci\u00f3n estaba en manos del&nbsp;<em>Patr\u00f3n<\/em>, que sumaba tres derrotas consecutivas y volv\u00eda a sentirse acechado por el descenso.<\/p>\n\n\n\n<p>La primera ocasi\u00f3n de riesgo del partido lleg\u00f3 tras una muy buena jugada preparada del&nbsp;<em>Lobo<\/em>&nbsp;juje\u00f1o. La ejecuci\u00f3n de un tiro libre a pocos metros del \u00e1rea grande deriv\u00f3 en una sucesi\u00f3n de pases que acab\u00f3 con la definici\u00f3n de Jorge Ju\u00e1rez de cara al arco de Julio Salv\u00e1. El remate del mediocampista, que lleg\u00f3 por sorpresa por el centro del \u00e1rea, se fue apenas desviado ante la falta de respuesta del fondo anfitri\u00f3n.<\/p>\n\n\n\n<p>El conjunto visitante tambi\u00e9n tuvo la segunda ocasi\u00f3n de gol, otra vez en una jugada de pelota parada. Esta vez, el centro fue pinchado hacia el costado derecho del ataque, desde donde lleg\u00f3 un pase al medio para Cristian Men\u00e9ndez. El experimentado atacante defini\u00f3 de primera, pero su env\u00edo se fue desviado por el costado izquierdo del arco de Salv\u00e1.<\/p>\n\n\n\n<p>El&nbsp;<em>Patr\u00f3n<\/em>&nbsp;tuvo sus intentos, pero le careci\u00f3 generaci\u00f3n de juego y se repiti\u00f3 en centros desde los costados que no encontraron destinatario a excepci\u00f3n de uno enviado para Emiliano Purita. El env\u00edo desde la derecha de Maximiliano Rueda lleg\u00f3 a Purita, que no pudo anticipar la salida de Joaqu\u00edn Bigo, con quien impact\u00f3. Ambos debieron ser atendidos tras ese choque.<\/p>\n\n\n\n<p>Ese choque, por el que Purita fue ins\u00f3litamente amonestado, acab\u00f3 con la lesi\u00f3n del mediocampista, que sali\u00f3 para el ingreso de Valent\u00edn Pereyra. Hasta ese momento, Patronato manejaba mejor la pelota, pero no era claro: las chances estaban del lado del visitante.<\/p>\n\n\n\n<p>Una de las aproximaciones m\u00e1s claras del&nbsp;<em>Patr\u00f3n<\/em>&nbsp;en un primer tiempo de pobre generaci\u00f3n fue tras un centro desde la derecha impulsado por Arnaldo Gonz\u00e1lez. El env\u00edo pasado ten\u00eda por destino la llegada de alg\u00fan jugador por el costado izquierdo, pero el arquero visitante sali\u00f3 y desvi\u00f3 el bal\u00f3n al tiro de esquina.<\/p>\n\n\n\n<p>Gimnasia volvi\u00f3 a llegar pasada la media hora de juego en un contragolpe que avanz\u00f3 por la izquierda y, tras un pase al centro, encontr\u00f3 a Mauro Albertengo a espaldas de Santiago Bellatti. El delantero enganch\u00f3 para hacer pasar al defensor y sac\u00f3 un remate hacia el palo izquierdo que Salv\u00e1 contuvo muy bien al arrojarse hacia ese poste. El&nbsp;<em>Lobo<\/em>&nbsp;merodeaba la apertura del marcador.<\/p>\n\n\n\n<p>La chance m\u00e1s clara del&nbsp;<em>Patr\u00f3n<\/em>&nbsp;lleg\u00f3 a los 36. Pereyra protagoniz\u00f3 un gran avance por el costado izquierdo. Luego de superar a dos rivales con una avivada, se meti\u00f3 al \u00e1rea y envi\u00f3 un pase al medio para el arribo de Gonzalo As\u00eds. El defensor remat\u00f3 de primera, pero lo hizo muy mal: el disparo fue d\u00e9bil y desviado por el costado izquierdo del arco del conjunto visitante. Sin embargo, Pereyra comenz\u00f3 a mostrar el camino.<\/p>\n\n\n\n<p>Franco Coronel tuvo la siguiente aproximaci\u00f3n clara para el conjunto local. El atacante recibi\u00f3 un centro desde la derecha y, luego de controlar, enganch\u00f3 hacia el centro para sacar un remate que busc\u00f3 el \u00e1ngulo superior izquierdo del arco defendido por Bigo, sin embargo, el env\u00edo se fue desviado.<\/p>\n\n\n\n<p>A los 43 minutos, una buena jugada del conjunto visitante deriv\u00f3 en el mano a mano entre Blas Palavecino y Salv\u00e1. El arquero contuvo la primera definici\u00f3n, pero dio rebote y le dio una nueva chance a Palavecino, que en su segundo intento busc\u00f3 picar la definici\u00f3n por encima del arquero. En ese intento, Palavecino cay\u00f3 tras chocar con Salv\u00e1 y el \u00e1rbitro sancion\u00f3 penal.<\/p>\n\n\n\n<p>De la ejecuci\u00f3n se encarg\u00f3 Cristian Men\u00e9ndez, que remat\u00f3 buscando el costado izquierdo del arco, pero sin mucha direcci\u00f3n, lo que favoreci\u00f3 a Salv\u00e1, que acert\u00f3 el lado y contuvo el remate con las piernas. As\u00ed mantuvo la esperanza del p\u00fablico local, que apoy\u00f3 a su equipo hacia el final del primer tiempo.<\/p>\n\n\n\n<p>El arranque del complemento tuvo poco por destacar por parte de ambos conjuntos. Salvo alguna jugada a bal\u00f3n parado, tuvieron dificultades para llevar el bal\u00f3n al \u00e1rea rival durante los primeros diez minutos. El partido baj\u00f3 en calidad respecto a lo ocurrido en el primer tiempo.<\/p>\n\n\n\n<p>La primera chance clara la tuvo Franco Coronel. El atacante del&nbsp;<em>Patr\u00f3n<\/em>&nbsp;apareci\u00f3 solo entre los centrales del elenco juje\u00f1o y ensay\u00f3 una definici\u00f3n por arriba del arquero, pero el bal\u00f3n termin\u00f3 en el techo del arco.<\/p>\n\n\n\n<p>En un contexto de escas\u00edsima generaci\u00f3n, Patronato volvi\u00f3 a llegar con un desborde por izquierda y centro por parte de Diego Mart\u00ednez que termin\u00f3 dando en el poste derecho, pero del lado de afuera. Por poco, era el&nbsp;<em>Patr\u00f3n<\/em>&nbsp;el que m\u00e1s merec\u00eda la ventaja.<\/p>\n\n\n\n<p>Sobre los 30, un saque r\u00e1pido de Pereyra en el lateral habilit\u00f3 a Coronel por el costado derecho. El atacante ubic\u00f3 la llegada de Emanuel Dening por el centro del \u00e1rea y lo habilit\u00f3 con un centro por abajo. En su primera definici\u00f3n, el correntino se encontr\u00f3 con la atajada de Bigo, pero en el rebote convirti\u00f3 el 1-0. Desafortunadamente, el atacante autor del gol estaba en offside y su gol fue anulado.<\/p>\n\n\n\n<p>Coronel volvi\u00f3 a tener una chance clar\u00edsima de gol sobre los 33. Otra vez apareci\u00f3 a espaldas de Nicol\u00e1s Dematei y eligi\u00f3 de nuevo la misma definici\u00f3n por encima del arquero. El resultado no cambi\u00f3, el bal\u00f3n pas\u00f3 por encima del arco y acab\u00f3 dando en la parte de atr\u00e1s de la red, confundiendo a alg\u00fan distra\u00eddo: no pudo ser para el&nbsp;<em>Rojinegro<\/em>.<\/p>\n\n\n\n<p>Y tanto empuj\u00f3 Patronato, que acab\u00f3 encontrando el gol. Fue a los 38, luego de un tiro de esquina de Valent\u00edn Pereyra que pese a no tener altura lleg\u00f3 a la posici\u00f3n de Gonzalo As\u00eds dentro del \u00e1rea chica. El defensor cruz\u00f3 su remate hacia el costado derecho y estamp\u00f3 el 1-0.<\/p>\n\n\n\n<p>Despu\u00e9s de eso Gimnasia intent\u00f3 empujar con pelotazos, pero con la misma carencia de ideas de todo el segundo tiempo. Es por eso que finalmente Patronato se qued\u00f3 con la victoria: fren\u00f3 la racha del&nbsp;<em>Lobo<\/em>&nbsp;juje\u00f1o y, por sobre todo, la propia.<\/p>\n\n\n\n<p>Con 30 puntos, ahora Patronato se ubica 15\u00b0 y consigue alejarse a dos puntos de los puestos de descenso. Gimnasia, por su lado, qued\u00f3 en la cuarta colocaci\u00f3n con 41 unidades. En la pr\u00f3xima fecha, el&nbsp;<em>Lobo<\/em>&nbsp;recibir\u00e1 a Racing de C\u00f3rdoba, mientras que Patronato tendr\u00e1 que visitar a Deportivo Maip\u00fa.<\/p>\n\n\n\n<p><strong>-S\u00cdNTESIS-<\/strong><br>Patronato&nbsp;<strong>1-0<\/strong>&nbsp;Gimnasia de Jujuy.<\/p>\n\n\n\n<p><strong>Gol:<\/strong><br>38\u2019ST: Gonzalo As\u00eds.<\/p>\n\n\n\n<p><strong>Incidencia:<\/strong><br>45\u2019PT: Julio Salv\u00e1 (PAT) le contuvo un penal a Cristian Men\u00e9ndez (GIJ).<\/p>\n\n\n\n<p><strong>Formaciones:<br>Patronato:<\/strong>&nbsp;Julio Salv\u00e1; Gonzalo As\u00eds, Gabriel D\u00edaz, Santiago Bellatti, Diego Mart\u00ednez; Maximiliano Rueda, Gustavo Turraca, Emiliano Purita; Arnaldo Gonz\u00e1lez; Franco Coronel y Emanuel Dening.<br>DT: Diego Pozo.<\/p>\n\n\n\n<p><strong>Gimnasia de Jujuy:<\/strong>&nbsp;Joaqu\u00edn Bigo; Bruno Palazzo, Guillermo Cosaro, Nicol\u00e1s Dematei, Facundo Rizzi; Jorge Ju\u00e1rez, Hugo Soria, Mat\u00edas Molina, Blas Palavecino; Mauro Albertengo y Cristian Men\u00e9ndez.<br>DT: Mat\u00edas M\u00f3dolo.<\/p>\n\n\n\n<p><strong>Cambios:<\/strong><br>17\u2019ST: ingres\u00f3 Valent\u00edn Pereyra por Emiliano Purita -lesionado- (PAT).<br>ET: ingres\u00f3 El\u00edas Ayala por Mauro Albertengo (GIJ).<br>18\u2019ST: ingres\u00f3 Jes\u00fas Endrizzi por Francisco Molina (GIJ).<br>18\u2019ST: ingres\u00f3 Axel Abet por Jorge Ju\u00e1rez (GIJ).<br>20\u2019ST: ingres\u00f3 Emanuel Maciel por Arnaldo Gonz\u00e1lez (PAT).<br>20\u2019ST: ingres\u00f3 Alan Bonansea por Maximiliano Rueda (PAT).<br>31\u2019ST: ingres\u00f3 Francisco Maidana por Blas Palavecino (GIJ).<br>36\u2019ST: ingres\u00f3 Gonzalo Puntano por Cristian Men\u00e9ndez (GIJ).<br>40\u2019ST: ingres\u00f3 Joel Ghirardello por Emanuel Dening (PAT).<br>40\u2019ST: ingres\u00f3 Bartolom\u00e9 Vel\u00e1zquez por Franco Coronel (PAT).<\/p>\n\n\n\n<p><strong>Amonestados:<\/strong><br>9\u2019PT: Emiliano Purita (PAT).<br>25\u2019PT: Jorge Ju\u00e1rez (GIJ).<br>40\u2019PT: Arnaldo Gonz\u00e1lez (PAT).<br>37\u2019ST: Facundo Rizzi (GIJ).<\/p>\n\n\n\n<p><strong>\u00c1rbitro:<\/strong>&nbsp;Maximiliano Macheroni.<\/p>\n\n\n\n<p><strong>Estadio:<\/strong>&nbsp;Presb\u00edtero Bartolom\u00e9 Grella.<\/p>\n\n\n\n<blockquote class=\"wp-block-quote is-layout-flow wp-block-quote-is-layout-flow\">\n<p>www.analisisdigital.com.ar<\/p>\n<\/blockquote>\n","protected":false},"excerpt":{"rendered":"<p>Por la 27\u00b0 fecha de la Zona A en la Primera Nacional, Patronato recibi\u00f3 este&#8230;<\/p>\n","protected":false},"author":2,"featured_media":2101,"comment_status":"open","ping_status":"open","sticky":false,"template":"","format":"standard","meta":{"footnotes":""},"categories":[36],"tags":[],"class_list":["post-2077","post","type-post","status-publish","format-standard","has-post-thumbnail","hentry","category-futbol"],"featured_image_urls":{"full":["https:\/\/deportodos.com.ar\/2023\/wp-content\/uploads\/2024\/08\/IMG-20240813-WA0034.jpg",1048,710,false],"thumbnail":["https:\/\/deportodos.com.ar\/2023\/wp-content\/uploads\/2024\/08\/IMG-20240813-WA0034-150x150.jpg",150,150,true],"medium":["https:\/\/deportodos.com.ar\/2023\/wp-content\/uploads\/2024\/08\/IMG-20240813-WA0034-300x203.jpg",300,203,true],"medium_large":["https:\/\/deportodos.com.ar\/2023\/wp-content\/uploads\/2024\/08\/IMG-20240813-WA0034-768x520.jpg",640,433,true],"large":["https:\/\/deportodos.com.ar\/2023\/wp-content\/uploads\/2024\/08\/IMG-20240813-WA0034-1024x694.jpg",640,434,true],"1536x1536":["https:\/\/deportodos.com.ar\/2023\/wp-content\/uploads\/2024\/08\/IMG-20240813-WA0034.jpg",1048,710,false],"2048x2048":["https:\/\/deportodos.com.ar\/2023\/wp-content\/uploads\/2024\/08\/IMG-20240813-WA0034.jpg",1048,710,false],"covernews-featured":["https:\/\/deportodos.com.ar\/2023\/wp-content\/uploads\/2024\/08\/IMG-20240813-WA0034-1024x694.jpg",1024,694,true],"covernews-medium":["https:\/\/deportodos.com.ar\/2023\/wp-content\/uploads\/2024\/08\/IMG-20240813-WA0034-540x340.jpg",540,340,true]},"author_info":{"display_name":"c2530142","author_link":"https:\/\/deportodos.com.ar\/2023\/author\/c2530142\/"},"category_info":"<a href=\"https:\/\/deportodos.com.ar\/2023\/category\/futbol\/\" rel=\"category tag\">Futbol<\/a>","tag_info":"Futbol","comment_count":"0","_links":{"self":[{"href":"https:\/\/deportodos.com.ar\/2023\/wp-json\/wp\/v2\/posts\/2077","targetHints":{"allow":["GET"]}}],"collection":[{"href":"https:\/\/deportodos.com.ar\/2023\/wp-json\/wp\/v2\/posts"}],"about":[{"href":"https:\/\/deportodos.com.ar\/2023\/wp-json\/wp\/v2\/types\/post"}],"author":[{"embeddable":true,"href":"https:\/\/deportodos.com.ar\/2023\/wp-json\/wp\/v2\/users\/2"}],"replies":[{"embeddable":true,"href":"https:\/\/deportodos.com.ar\/2023\/wp-json\/wp\/v2\/comments?post=2077"}],"version-history":[{"count":1,"href":"https:\/\/deportodos.com.ar\/2023\/wp-json\/wp\/v2\/posts\/2077\/revisions"}],"predecessor-version":[{"id":2079,"href":"https:\/\/deportodos.com.ar\/2023\/wp-json\/wp\/v2\/posts\/2077\/revisions\/2079"}],"wp:featuredmedia":[{"embeddable":true,"href":"https:\/\/deportodos.com.ar\/2023\/wp-json\/wp\/v2\/media\/2101"}],"wp:attachment":[{"href":"https:\/\/deportodos.com.ar\/2023\/wp-json\/wp\/v2\/media?parent=2077"}],"wp:term":[{"taxonomy":"category","embeddable":true,"href":"https:\/\/deportodos.com.ar\/2023\/wp-json\/wp\/v2\/categories?post=2077"},{"taxonomy":"post_tag","embeddable":true,"href":"https:\/\/deportodos.com.ar\/2023\/wp-json\/wp\/v2\/tags?post=2077"}],"curies":[{"name":"wp","href":"https:\/\/api.w.org\/{rel}","templated":true}]}}