{"id":2089,"date":"2024-08-12T14:24:28","date_gmt":"2024-08-12T14:24:28","guid":{"rendered":"https:\/\/deportodos.com.ar\/2023\/?p=2089"},"modified":"2024-08-13T18:48:06","modified_gmt":"2024-08-13T18:48:06","slug":"competicion-especial-entrerriano","status":"publish","type":"post","link":"https:\/\/deportodos.com.ar\/2023\/competicion-especial-entrerriano\/","title":{"rendered":"COMPETICI\u00d3N ESPECIAL ENTRERRIANO"},"content":{"rendered":"\n<p>Disputando el Campeonato R\u00edo Uruguay Seguros 2024 pudo la categor\u00eda espect\u00e1culo volvi\u00f3 a pasar por Concordia con carreras sumamente atrapantes.<\/p>\n\n\n\n<p><strong>TC Pista Entrerriano<\/strong><\/p>\n\n\n\n<p>Hizo relucir nuevamente el auto m\u00e1s s\u00f3lido y confiable de la categor\u00eda. Estamos hablando de Juan Pablo Torretta que regres\u00f3 al triunfo tras el quedo de Mariano Moine y la pelea con Luciano Fiorotto, con un auto que fue decayendo pese al gran ritmo inicial.<\/p>\n\n\n\n<p>Para completar el podio Fernando Schmuckler se lleva la segunda posici\u00f3n y al tercer escal\u00f3n del podio se sube Nahuel Pizzi llevando un aliciente al equipo de Mar\u00eda Grande.<\/p>\n\n\n\n<p>Jer\u00f3nimo Schepens de gran potencial en todo el fin de semana no pudo completar la final por un golpe al pared\u00f3n.<\/p>\n\n\n\n<p><strong>Clase 1 &#8211; El amo de Concordia<\/strong><\/p>\n\n\n\n<p>El mercedario otra vez de gran actuaci\u00f3n en la capital del citrus.<br>La accidentada final de Clase 1 dej\u00f3 como vencedor a Felix de la carrera tras la irrupci\u00f3n de bandera roja promediando la final y un Pace Car sobre lo \u00faltimo, que llev\u00f3 a alargue la contienda. Segunda victoria para F\u00e9lix en la misma ciudad en lo que va del a\u00f1o. D\u00e1ndole otro triunfo al equipo de Pablo Garc\u00eda que regresa lleno de puntos<\/p>\n\n\n\n<p>Nicol\u00e1s Barreto, tal vez el piloto m\u00e1s prolijo de la jornada acapar\u00f3 una importante segunda ubicaci\u00f3n, mientras que pensando en el campeonato Victorio Herbel capitaliz\u00f3 con un tercer puesto.<\/p>\n\n\n\n<p>La Copa S\u00e9niors volvi\u00f3 a caer en manos de Ricardo Droqui, quien debi\u00f3 sobrellevar la rotura de motor el s\u00e1bado por la tarde.<\/p>\n\n\n\n<p>Maximiliano Rougier llev\u00f3 un triste r\u00e9cord de volcar dos veces en un fin de semana; con m\u00ednimas consecuencias para su flamante unidad.<\/p>\n\n\n\n<p><strong>Clase 2 &#8211; Acalorado final<\/strong><\/p>\n\n\n\n<p>Picante final para la nueva Clase 2. En pocas fechas demostr\u00f3 el alto y exigente nivel de competencia. Llegando a un final lado a lado; definiendo los protagonistas en la \u00faltima chicana del circuito con doble contacto inclu\u00eddo.<\/p>\n\n\n\n<p>Est\u00e9fano Kunzi fu\u00e9 vencedor y Gast\u00f3n Dubois lleg\u00f3 en segunda, presentando intenci\u00f3n de apelar la maniobra.<\/p>\n\n\n\n<p>Tercero y apareciendo por primera vez en el podio fu\u00e9 el eficiente Julio Villa, elaborando sendos sobrepasos.<\/p>\n\n\n\n<p><strong>Clase 3 &#8211; El Clio se mete en la historia<\/strong><\/p>\n\n\n\n<p>Gast\u00f3n Borghes\u00e1n en su regreso triunfal y cerca de su casa mostr\u00f3 el incre\u00edble potencial logrado en su Renault Clio. Alcanzando el primer triunfo del modelo en la historia de la categor\u00eda.<\/p>\n\n\n\n<p>Juan Garc\u00eda realiz\u00f3 un gran esfuerzo para ser segundo. En tanto que Sebasti\u00e1n Elola alcanz\u00f3 remando desde el medio el tercer escal\u00f3n general y el dominio en Copa S\u00e9niors.<\/p>\n\n\n\n<p>Fu\u00e9 otro gran y vertiginoso evento para la divisional tres, que mostr\u00f3 una larga fila de de m\u00e1quinas en un trazado a estrenar.<\/p>\n","protected":false},"excerpt":{"rendered":"<p>Disputando el Campeonato R\u00edo Uruguay Seguros 2024 pudo la categor\u00eda espect\u00e1culo volvi\u00f3 a pasar por&#8230;<\/p>\n","protected":false},"author":2,"featured_media":2100,"comment_status":"open","ping_status":"open","sticky":false,"template":"","format":"standard","meta":{"footnotes":""},"categories":[6],"tags":[],"class_list":["post-2089","post","type-post","status-publish","format-standard","has-post-thumbnail","hentry","category-automovilismo"],"featured_image_urls":{"full":["https:\/\/deportodos.com.ar\/2023\/wp-content\/uploads\/2024\/08\/IMG-20240811-WA0038.jpg",1500,1000,false],"thumbnail":["https:\/\/deportodos.com.ar\/2023\/wp-content\/uploads\/2024\/08\/IMG-20240811-WA0038-150x150.jpg",150,150,true],"medium":["https:\/\/deportodos.com.ar\/2023\/wp-content\/uploads\/2024\/08\/IMG-20240811-WA0038-300x200.jpg",300,200,true],"medium_large":["https:\/\/deportodos.com.ar\/2023\/wp-content\/uploads\/2024\/08\/IMG-20240811-WA0038-768x512.jpg",640,427,true],"large":["https:\/\/deportodos.com.ar\/2023\/wp-content\/uploads\/2024\/08\/IMG-20240811-WA0038-1024x683.jpg",640,427,true],"1536x1536":["https:\/\/deportodos.com.ar\/2023\/wp-content\/uploads\/2024\/08\/IMG-20240811-WA0038.jpg",1500,1000,false],"2048x2048":["https:\/\/deportodos.com.ar\/2023\/wp-content\/uploads\/2024\/08\/IMG-20240811-WA0038.jpg",1500,1000,false],"covernews-featured":["https:\/\/deportodos.com.ar\/2023\/wp-content\/uploads\/2024\/08\/IMG-20240811-WA0038-1024x683.jpg",1024,683,true],"covernews-medium":["https:\/\/deportodos.com.ar\/2023\/wp-content\/uploads\/2024\/08\/IMG-20240811-WA0038-540x340.jpg",540,340,true]},"author_info":{"display_name":"c2530142","author_link":"https:\/\/deportodos.com.ar\/2023\/author\/c2530142\/"},"category_info":"<a href=\"https:\/\/deportodos.com.ar\/2023\/category\/automovilismo\/\" rel=\"category tag\">Automovilismo<\/a>","tag_info":"Automovilismo","comment_count":"0","_links":{"self":[{"href":"https:\/\/deportodos.com.ar\/2023\/wp-json\/wp\/v2\/posts\/2089","targetHints":{"allow":["GET"]}}],"collection":[{"href":"https:\/\/deportodos.com.ar\/2023\/wp-json\/wp\/v2\/posts"}],"about":[{"href":"https:\/\/deportodos.com.ar\/2023\/wp-json\/wp\/v2\/types\/post"}],"author":[{"embeddable":true,"href":"https:\/\/deportodos.com.ar\/2023\/wp-json\/wp\/v2\/users\/2"}],"replies":[{"embeddable":true,"href":"https:\/\/deportodos.com.ar\/2023\/wp-json\/wp\/v2\/comments?post=2089"}],"version-history":[{"count":1,"href":"https:\/\/deportodos.com.ar\/2023\/wp-json\/wp\/v2\/posts\/2089\/revisions"}],"predecessor-version":[{"id":2091,"href":"https:\/\/deportodos.com.ar\/2023\/wp-json\/wp\/v2\/posts\/2089\/revisions\/2091"}],"wp:featuredmedia":[{"embeddable":true,"href":"https:\/\/deportodos.com.ar\/2023\/wp-json\/wp\/v2\/media\/2100"}],"wp:attachment":[{"href":"https:\/\/deportodos.com.ar\/2023\/wp-json\/wp\/v2\/media?parent=2089"}],"wp:term":[{"taxonomy":"category","embeddable":true,"href":"https:\/\/deportodos.com.ar\/2023\/wp-json\/wp\/v2\/categories?post=2089"},{"taxonomy":"post_tag","embeddable":true,"href":"https:\/\/deportodos.com.ar\/2023\/wp-json\/wp\/v2\/tags?post=2089"}],"curies":[{"name":"wp","href":"https:\/\/api.w.org\/{rel}","templated":true}]}}