{"id":2096,"date":"2024-08-13T15:17:49","date_gmt":"2024-08-13T15:17:49","guid":{"rendered":"https:\/\/deportodos.com.ar\/2023\/?p=2096"},"modified":"2024-08-13T15:17:51","modified_gmt":"2024-08-13T15:17:51","slug":"se-jugo-la-3-fecha-de-las-zonas-1-y-4","status":"publish","type":"post","link":"https:\/\/deportodos.com.ar\/2023\/se-jugo-la-3-fecha-de-las-zonas-1-y-4\/","title":{"rendered":"SE JUG\u00d3 LA 3\u00b0 FECHA DE LAS ZONAS 1 Y 4"},"content":{"rendered":"\n<p>n de semana cargado de partidos, el domingo se cerr\u00f3 la acci\u00f3n con la tercera fecha de las Zonas 1 y 4 de la Liga Provincial Masculina de Mayores \u201c40 a\u00f1os\u201d.<\/p>\n\n\n\n<p>Despu\u00e9s de la jornada de anoche ya no quedan invictos en la Zona 1 de la competencia federativa despu\u00e9s de los triunfos en condici\u00f3n de local de Urquiza, Paracao, Estudiantes y Uni\u00f3n de Crespo.<\/p>\n\n\n\n<p>En duelo de paranaenses, el CAP super\u00f3 a Ciclista (90-88) en un partidazo en el \u201cGigante del Parque\u201d; el \u201cVerde\u201d tuvo el \u00faltimo tiro para llevarse la victoria pero Eliseo Cassano no pudo convertir. Por otra parte, CAE, con muy buenas labores de Facundo Schunk y Baltazar Claud\u00e9, derrot\u00f3 a Independiente (77-71) para obtener su primer \u00e9xito.<\/p>\n\n\n\n<p>Otro que gan\u00f3 por primera vez fue Urquiza, que bati\u00f3 77-71 a Recreativo en Santa Elena con una buena labor colectiva, mientras que Uni\u00f3n de Crespo baj\u00f3 a Progreso (82-69) de la mano de Juan Folmer y Valent\u00edn S\u00e1nchez.<\/p>\n\n\n\n<p>En la Zona 4, Central Entrerriano y BH de Gualeguay siguen a paso firme con r\u00e9cord perfecto de 3-0. El \u201cRojinegro\u201d no pas\u00f3 sobresaltos frente a Juventud Unida (92-59) en el \u201cJos\u00e9 Mar\u00eda B\u00e9rtora\u201d, en tanto que el \u201cVerde\u201d sac\u00f3 adelante un partido dificultoso frente a Atl\u00e9tico Tala (72-64).<\/p>\n\n\n\n<p>Adem\u00e1s, el Centro Sportivo Pe\u00f1arol, en un final cerrad\u00edsimo, obtuvo su segunda victoria de la temporada, al derrotar 73 a 71 a Neptunia. Nicol\u00e1s Bros y Francisco Michelli marcaron el rumbo ofensivo del \u201cTricolor\u201d.<\/p>\n\n\n\n<p><strong>3RA FECHA \u2013 DOMINGO 11\/08<\/strong><\/p>\n\n\n\n<p><strong>ZONA 1<\/strong><\/p>\n\n\n\n<p><strong><em>Urquiza 77 \u2013 Recreativo 71<\/em><\/strong><\/p>\n\n\n\n<p>Marcos Revello (CUSE): 18 puntos, 5 rebotes y 5 asistencias<\/p>\n\n\n\n<p>Alan Guanco (RBC): 21 puntos y 3 recobres<\/p>\n\n\n\n<p><strong><em>Paracao 90 \u2013 Ciclista 88<\/em><\/strong><\/p>\n\n\n\n<p>Rom\u00e1n Rodr\u00edguez (CAP): 21 tantos, 12 recobres, 5 pases gol<\/p>\n\n\n\n<p>Nicolas Nader \/ Eliseo Cassano (CCP): 22 puntos c\/u<\/p>\n\n\n\n<p><strong><em>CAE 77 \u2013 Independiente 71<\/em><\/strong><\/p>\n\n\n\n<p>Baltazar Claud\u00e9 (CAE): 20 unidades y 14 tableros.<\/p>\n\n\n\n<p>Ramiro Paz (IFC): 17 puntos y 4 rebotes.<\/p>\n\n\n\n<p><strong><em>Uni\u00f3n de Crespo 82 \u2013 Progreso 69<\/em><\/strong><\/p>\n\n\n\n<p>Valent\u00edn S\u00e1nchez (CAUC): 20 puntos, 4 rebotes y 3 asistencias.<\/p>\n\n\n\n<p>Leonel Rodr\u00edguez Seu (Pro): 22 unidades y 5 rebotes.<\/p>\n\n\n\n<p><strong>ZONA 4<\/strong><\/p>\n\n\n\n<p><strong><em>Pe\u00f1arol 73 \u2013 Neptunia 71<\/em><\/strong><\/p>\n\n\n\n<p>Nicol\u00e1s Bros (CSP): 17 puntos, 5 rebotes y 4 asistencias.<\/p>\n\n\n\n<p>Laureano Legaria (NEP): 23 tantos y 5 rebotes.<\/p>\n\n\n\n<p><strong><em>Central Entrerriano 92 \u2013 Juventud Unida 59<\/em><\/strong><\/p>\n\n\n\n<p>Mauricio Pane (CCE): 24 puntos y 3 rebotes.<\/p>\n\n\n\n<p>Gian Franco Nicotra (JU): 13 unidades y 4 recobres.<\/p>\n\n\n\n<p><strong><em>BH 72 \u2013 Atl\u00e9tico Tala 64<\/em><\/strong><\/p>\n\n\n\n<p>Agust\u00edn \u00c1valos (BH): 17 unidades y 9 rebotes.<\/p>\n\n\n\n<p>Guillermo Romero (CART): 15 tantos y 15 tableros.<\/p>\n\n\n\n<blockquote class=\"wp-block-quote is-layout-flow wp-block-quote-is-layout-flow\">\n<p>www.basqyetentrerios.com<\/p>\n<\/blockquote>\n","protected":false},"excerpt":{"rendered":"<p>n de semana cargado de partidos, el domingo se cerr\u00f3 la acci\u00f3n con la tercera&#8230;<\/p>\n","protected":false},"author":2,"featured_media":2097,"comment_status":"open","ping_status":"open","sticky":false,"template":"","format":"standard","meta":{"footnotes":""},"categories":[9],"tags":[],"class_list":["post-2096","post","type-post","status-publish","format-standard","has-post-thumbnail","hentry","category-basquet"],"featured_image_urls":{"full":["https:\/\/deportodos.com.ar\/2023\/wp-content\/uploads\/2024\/08\/IMG-20240813-WA0018.jpg",982,712,false],"thumbnail":["https:\/\/deportodos.com.ar\/2023\/wp-content\/uploads\/2024\/08\/IMG-20240813-WA0018-150x150.jpg",150,150,true],"medium":["https:\/\/deportodos.com.ar\/2023\/wp-content\/uploads\/2024\/08\/IMG-20240813-WA0018-300x218.jpg",300,218,true],"medium_large":["https:\/\/deportodos.com.ar\/2023\/wp-content\/uploads\/2024\/08\/IMG-20240813-WA0018-768x557.jpg",640,464,true],"large":["https:\/\/deportodos.com.ar\/2023\/wp-content\/uploads\/2024\/08\/IMG-20240813-WA0018.jpg",640,464,false],"1536x1536":["https:\/\/deportodos.com.ar\/2023\/wp-content\/uploads\/2024\/08\/IMG-20240813-WA0018.jpg",982,712,false],"2048x2048":["https:\/\/deportodos.com.ar\/2023\/wp-content\/uploads\/2024\/08\/IMG-20240813-WA0018.jpg",982,712,false],"covernews-featured":["https:\/\/deportodos.com.ar\/2023\/wp-content\/uploads\/2024\/08\/IMG-20240813-WA0018.jpg",982,712,false],"covernews-medium":["https:\/\/deportodos.com.ar\/2023\/wp-content\/uploads\/2024\/08\/IMG-20240813-WA0018-540x340.jpg",540,340,true]},"author_info":{"display_name":"c2530142","author_link":"https:\/\/deportodos.com.ar\/2023\/author\/c2530142\/"},"category_info":"<a href=\"https:\/\/deportodos.com.ar\/2023\/category\/basquet\/\" rel=\"category tag\">Basquet<\/a>","tag_info":"Basquet","comment_count":"0","_links":{"self":[{"href":"https:\/\/deportodos.com.ar\/2023\/wp-json\/wp\/v2\/posts\/2096","targetHints":{"allow":["GET"]}}],"collection":[{"href":"https:\/\/deportodos.com.ar\/2023\/wp-json\/wp\/v2\/posts"}],"about":[{"href":"https:\/\/deportodos.com.ar\/2023\/wp-json\/wp\/v2\/types\/post"}],"author":[{"embeddable":true,"href":"https:\/\/deportodos.com.ar\/2023\/wp-json\/wp\/v2\/users\/2"}],"replies":[{"embeddable":true,"href":"https:\/\/deportodos.com.ar\/2023\/wp-json\/wp\/v2\/comments?post=2096"}],"version-history":[{"count":1,"href":"https:\/\/deportodos.com.ar\/2023\/wp-json\/wp\/v2\/posts\/2096\/revisions"}],"predecessor-version":[{"id":2098,"href":"https:\/\/deportodos.com.ar\/2023\/wp-json\/wp\/v2\/posts\/2096\/revisions\/2098"}],"wp:featuredmedia":[{"embeddable":true,"href":"https:\/\/deportodos.com.ar\/2023\/wp-json\/wp\/v2\/media\/2097"}],"wp:attachment":[{"href":"https:\/\/deportodos.com.ar\/2023\/wp-json\/wp\/v2\/media?parent=2096"}],"wp:term":[{"taxonomy":"category","embeddable":true,"href":"https:\/\/deportodos.com.ar\/2023\/wp-json\/wp\/v2\/categories?post=2096"},{"taxonomy":"post_tag","embeddable":true,"href":"https:\/\/deportodos.com.ar\/2023\/wp-json\/wp\/v2\/tags?post=2096"}],"curies":[{"name":"wp","href":"https:\/\/api.w.org\/{rel}","templated":true}]}}