{"id":2110,"date":"2024-08-15T20:35:21","date_gmt":"2024-08-15T20:35:21","guid":{"rendered":"https:\/\/deportodos.com.ar\/2023\/?p=2110"},"modified":"2024-08-15T20:35:22","modified_gmt":"2024-08-15T20:35:22","slug":"todo-encaminado-para-el-duatlon-jeep-en-los-charruas","status":"publish","type":"post","link":"https:\/\/deportodos.com.ar\/2023\/todo-encaminado-para-el-duatlon-jeep-en-los-charruas\/","title":{"rendered":"TODO ENCAMINADO PARA EL DUATL\u00d3N JEEP EN LOS CHARRUAS"},"content":{"rendered":"\n<p>Con gran expectativa se espera esta nueva fecha del circuito que de a poco va entrando en su zona de definici\u00f3n en lo que hace a las primeras posiciones del certamen y que promete una gran lucha en los puestos de vanguardia.<\/p>\n\n\n\n<p>Este domingo 18 de agosto, desde las 10 horas, se estar\u00e1 disputando en Los Charr\u00faas, la cuarta fecha del \u201cCircuito Provincial de Duatl\u00f3n Jeep\u201d<br>que tendr\u00e1 en esta oportunidad distancia sprint y est\u00e1ndar, es decir 5k-20k-2.5k y 5k-40k-5k respectivamente.<\/p>\n\n\n\n<p>El epicentro de la prueba ser\u00e1 en calles Francisco Ram\u00edrez y Elena Roffo, donde estar\u00e1 ubicada la largada, parque cerrado y llegada de la competencia. El recorrido pedestre tendr\u00e1 un recorrido de 2500 metros por las calles del pueblo, para recorrer en dos oportunidades al comienzo, mientras que el ciclismo como ya es costumbre, ser\u00e1 un recorrido de 10 kil\u00f3metros de ida y10 de vuelta con retome en la curva del Duraznal. Ser\u00e1n dos vueltas para el est\u00e1ndar y una vuelta para el sprint.<\/p>\n\n\n\n<p>Las inscripciones se registran en&nbsp;<a href=\"http:\/\/www.encarrera.com.ar\/duatlon\" target=\"_blank\" rel=\"noreferrer noopener\">www.encarrera.com.ar\/duatlon<\/a>&nbsp;y cerrar\u00e1n este viernes 16, mientras que ese mismo d\u00eda ser\u00e1 la inscripci\u00f3n presencial para concordienses en Lauria Rodados de 20 a 21 horas.<\/p>\n\n\n\n<p>La Asociaci\u00f3n Concordiense de Pruebas Combinadas (A.C.P.C.) destaca el apoyo y acompa\u00f1amiento de todas las \u00e1reas del Municipio de Los Charr\u00faas que vivir\u00e1n este cl\u00e1sico de las pruebas combinadas que se espera con mucha ansiedad todos los a\u00f1os.<\/p>\n\n\n\n<blockquote class=\"wp-block-quote is-layout-flow wp-block-quote-is-layout-flow\">\n<p>www.diarioriouruguay.com.ar<\/p>\n<\/blockquote>\n","protected":false},"excerpt":{"rendered":"<p>Con gran expectativa se espera esta nueva fecha del circuito que de a poco va&#8230;<\/p>\n","protected":false},"author":2,"featured_media":2111,"comment_status":"open","ping_status":"open","sticky":false,"template":"","format":"standard","meta":{"footnotes":""},"categories":[18],"tags":[],"class_list":["post-2110","post","type-post","status-publish","format-standard","has-post-thumbnail","hentry","category-duatlon"],"featured_image_urls":{"full":["https:\/\/deportodos.com.ar\/2023\/wp-content\/uploads\/2024\/08\/r_1723643549.jpg",768,512,false],"thumbnail":["https:\/\/deportodos.com.ar\/2023\/wp-content\/uploads\/2024\/08\/r_1723643549-150x150.jpg",150,150,true],"medium":["https:\/\/deportodos.com.ar\/2023\/wp-content\/uploads\/2024\/08\/r_1723643549-300x200.jpg",300,200,true],"medium_large":["https:\/\/deportodos.com.ar\/2023\/wp-content\/uploads\/2024\/08\/r_1723643549.jpg",640,427,false],"large":["https:\/\/deportodos.com.ar\/2023\/wp-content\/uploads\/2024\/08\/r_1723643549.jpg",640,427,false],"1536x1536":["https:\/\/deportodos.com.ar\/2023\/wp-content\/uploads\/2024\/08\/r_1723643549.jpg",768,512,false],"2048x2048":["https:\/\/deportodos.com.ar\/2023\/wp-content\/uploads\/2024\/08\/r_1723643549.jpg",768,512,false],"covernews-featured":["https:\/\/deportodos.com.ar\/2023\/wp-content\/uploads\/2024\/08\/r_1723643549.jpg",768,512,false],"covernews-medium":["https:\/\/deportodos.com.ar\/2023\/wp-content\/uploads\/2024\/08\/r_1723643549-540x340.jpg",540,340,true]},"author_info":{"display_name":"c2530142","author_link":"https:\/\/deportodos.com.ar\/2023\/author\/c2530142\/"},"category_info":"<a href=\"https:\/\/deportodos.com.ar\/2023\/category\/duatlon\/\" rel=\"category tag\">Duatlon<\/a>","tag_info":"Duatlon","comment_count":"0","_links":{"self":[{"href":"https:\/\/deportodos.com.ar\/2023\/wp-json\/wp\/v2\/posts\/2110","targetHints":{"allow":["GET"]}}],"collection":[{"href":"https:\/\/deportodos.com.ar\/2023\/wp-json\/wp\/v2\/posts"}],"about":[{"href":"https:\/\/deportodos.com.ar\/2023\/wp-json\/wp\/v2\/types\/post"}],"author":[{"embeddable":true,"href":"https:\/\/deportodos.com.ar\/2023\/wp-json\/wp\/v2\/users\/2"}],"replies":[{"embeddable":true,"href":"https:\/\/deportodos.com.ar\/2023\/wp-json\/wp\/v2\/comments?post=2110"}],"version-history":[{"count":1,"href":"https:\/\/deportodos.com.ar\/2023\/wp-json\/wp\/v2\/posts\/2110\/revisions"}],"predecessor-version":[{"id":2112,"href":"https:\/\/deportodos.com.ar\/2023\/wp-json\/wp\/v2\/posts\/2110\/revisions\/2112"}],"wp:featuredmedia":[{"embeddable":true,"href":"https:\/\/deportodos.com.ar\/2023\/wp-json\/wp\/v2\/media\/2111"}],"wp:attachment":[{"href":"https:\/\/deportodos.com.ar\/2023\/wp-json\/wp\/v2\/media?parent=2110"}],"wp:term":[{"taxonomy":"category","embeddable":true,"href":"https:\/\/deportodos.com.ar\/2023\/wp-json\/wp\/v2\/categories?post=2110"},{"taxonomy":"post_tag","embeddable":true,"href":"https:\/\/deportodos.com.ar\/2023\/wp-json\/wp\/v2\/tags?post=2110"}],"curies":[{"name":"wp","href":"https:\/\/api.w.org\/{rel}","templated":true}]}}