{"id":2113,"date":"2024-08-15T20:38:12","date_gmt":"2024-08-15T20:38:12","guid":{"rendered":"https:\/\/deportodos.com.ar\/2023\/?p=2113"},"modified":"2024-08-15T20:38:12","modified_gmt":"2024-08-15T20:38:12","slug":"tc-en-buenos-aires-habra-5-entrerrianos-y-record-de-autos-nueva-generacion","status":"publish","type":"post","link":"https:\/\/deportodos.com.ar\/2023\/tc-en-buenos-aires-habra-5-entrerrianos-y-record-de-autos-nueva-generacion\/","title":{"rendered":"TC EN BUENOS AIRES: HABR\u00c1 5 ENTRERRIANOS Y R\u00c9CORD DE AUTOS NUEVA GENERACI\u00d3N"},"content":{"rendered":"\n<p>El Turismo Carretera disputar\u00e1 este fin de semana la 10\u00aa fecha del campeonato en el aut\u00f3dromo de Buenos Aires. Se trata de una carrera esperada por todos, no solo por lo que significa correr en el Coliseo porte\u00f1o, sino porque marcar\u00e1 el cierre de la Etapa Regular y la definici\u00f3n de los \u00faltimos clasificados a la Copa de Oro. Adem\u00e1s, la cita contar\u00e1 con la presencia del Gur\u00ed Mart\u00ednez y Guillermo Ortelli, quienes fueron invitados para competir con autos de la nueva generaci\u00f3n.<\/p>\n\n\n\n<p>La cita en el \u201cG\u00e1lvez\u201d marcar\u00e1 un r\u00e9cord de inscriptos para este a\u00f1o ya que hasta el momento hay 51 pilotos anotados, tres m\u00e1s que la mayor concurrencia que se registr\u00f3 durante la cuarta fecha del torneo en Toay (La Pampa) donde hubo un total de 48. A su vez, se espera el estreno de al menos 10 autos de Nueva Generaci\u00f3n, otro hito desde el desembarco de los coches modernos en este 2024.<\/p>\n\n\n\n<p>Este fin de semana habr\u00e1 10 participantes m\u00e1s que en la \u00faltima fecha en San Juan. Los m\u00e1s destacados son los retornos de Guillermo Ortelli (Chevrolet Camaro) y Omar Mart\u00ednez (Ford Mustang) que fueron invitados por la ACTC a participar solo de esta competencia. Y el de Agust\u00edn Canapino (Chevrolet) que tras su salida de la IndyCar se incorpor\u00f3 al Canning Motorsport.<\/p>\n\n\n\n<p>A su vez vuelven Sergio Alaux (Chevrolet Camaro), Diego De Carlo (Chevrolet Camaro) y Nicol\u00e1s Cotignola (Torino NG), quienes estrenar\u00e1n autos de Nueva Generaci\u00f3n. M\u00e1s las reincorporaciones de Federico Iribarne (Chevrolet Camaro), Christian Dose (Chevrolet), Leandro Mulet (Dodge) y Juan Garbelino (Torino), consigna&nbsp;<em>Solo TC<\/em>.<\/p>\n\n\n\n<p>Por otra parte, habr\u00e1 otros cinco pilotos que pondr\u00e1n en pista unidades modernas. Ellos son Facundo Ardusso y Santiago Mangoni quienes tripular\u00e1n sendos Chevrolet Camaro. Mientras que Esteban Gini, Agust\u00edn Mart\u00ednez y Marcelo Agrelo lo har\u00e1n a bordo de Toyota Camry versi\u00f3n 2024 (este \u00faltimo recibi\u00f3 el pase luego de iniciar el torneo con Dodge).<\/p>\n\n\n\n<p>En tanto que, adem\u00e1s del victoriense Juan Garbelino y el talense Omar Mart\u00ednez, los otros entrerrianos que dir\u00e1n presente ser\u00e1n el paranaense Mariano Werner, el uruguayense Nicol\u00e1s Bonelli y el paranaense Agust\u00edn Mart\u00ednez. \u00a0<\/p>\n\n\n\n<blockquote class=\"wp-block-quote is-layout-flow wp-block-quote-is-layout-flow\">\n<p>www.analisisdigital.com.ar<\/p>\n<\/blockquote>\n","protected":false},"excerpt":{"rendered":"<p>El Turismo Carretera disputar\u00e1 este fin de semana la 10\u00aa fecha del campeonato en el&#8230;<\/p>\n","protected":false},"author":2,"featured_media":2114,"comment_status":"open","ping_status":"open","sticky":false,"template":"","format":"standard","meta":{"footnotes":""},"categories":[6],"tags":[],"class_list":["post-2113","post","type-post","status-publish","format-standard","has-post-thumbnail","hentry","category-automovilismo"],"featured_image_urls":{"full":["https:\/\/deportodos.com.ar\/2023\/wp-content\/uploads\/2024\/08\/mustang_9.jpg",450,300,false],"thumbnail":["https:\/\/deportodos.com.ar\/2023\/wp-content\/uploads\/2024\/08\/mustang_9-150x150.jpg",150,150,true],"medium":["https:\/\/deportodos.com.ar\/2023\/wp-content\/uploads\/2024\/08\/mustang_9-300x200.jpg",300,200,true],"medium_large":["https:\/\/deportodos.com.ar\/2023\/wp-content\/uploads\/2024\/08\/mustang_9.jpg",450,300,false],"large":["https:\/\/deportodos.com.ar\/2023\/wp-content\/uploads\/2024\/08\/mustang_9.jpg",450,300,false],"1536x1536":["https:\/\/deportodos.com.ar\/2023\/wp-content\/uploads\/2024\/08\/mustang_9.jpg",450,300,false],"2048x2048":["https:\/\/deportodos.com.ar\/2023\/wp-content\/uploads\/2024\/08\/mustang_9.jpg",450,300,false],"covernews-featured":["https:\/\/deportodos.com.ar\/2023\/wp-content\/uploads\/2024\/08\/mustang_9.jpg",450,300,false],"covernews-medium":["https:\/\/deportodos.com.ar\/2023\/wp-content\/uploads\/2024\/08\/mustang_9.jpg",450,300,false]},"author_info":{"display_name":"c2530142","author_link":"https:\/\/deportodos.com.ar\/2023\/author\/c2530142\/"},"category_info":"<a href=\"https:\/\/deportodos.com.ar\/2023\/category\/automovilismo\/\" rel=\"category tag\">Automovilismo<\/a>","tag_info":"Automovilismo","comment_count":"0","_links":{"self":[{"href":"https:\/\/deportodos.com.ar\/2023\/wp-json\/wp\/v2\/posts\/2113","targetHints":{"allow":["GET"]}}],"collection":[{"href":"https:\/\/deportodos.com.ar\/2023\/wp-json\/wp\/v2\/posts"}],"about":[{"href":"https:\/\/deportodos.com.ar\/2023\/wp-json\/wp\/v2\/types\/post"}],"author":[{"embeddable":true,"href":"https:\/\/deportodos.com.ar\/2023\/wp-json\/wp\/v2\/users\/2"}],"replies":[{"embeddable":true,"href":"https:\/\/deportodos.com.ar\/2023\/wp-json\/wp\/v2\/comments?post=2113"}],"version-history":[{"count":1,"href":"https:\/\/deportodos.com.ar\/2023\/wp-json\/wp\/v2\/posts\/2113\/revisions"}],"predecessor-version":[{"id":2115,"href":"https:\/\/deportodos.com.ar\/2023\/wp-json\/wp\/v2\/posts\/2113\/revisions\/2115"}],"wp:featuredmedia":[{"embeddable":true,"href":"https:\/\/deportodos.com.ar\/2023\/wp-json\/wp\/v2\/media\/2114"}],"wp:attachment":[{"href":"https:\/\/deportodos.com.ar\/2023\/wp-json\/wp\/v2\/media?parent=2113"}],"wp:term":[{"taxonomy":"category","embeddable":true,"href":"https:\/\/deportodos.com.ar\/2023\/wp-json\/wp\/v2\/categories?post=2113"},{"taxonomy":"post_tag","embeddable":true,"href":"https:\/\/deportodos.com.ar\/2023\/wp-json\/wp\/v2\/tags?post=2113"}],"curies":[{"name":"wp","href":"https:\/\/api.w.org\/{rel}","templated":true}]}}