{"id":2131,"date":"2024-08-19T14:01:53","date_gmt":"2024-08-19T14:01:53","guid":{"rendered":"https:\/\/deportodos.com.ar\/2023\/?p=2131"},"modified":"2024-08-19T14:01:54","modified_gmt":"2024-08-19T14:01:54","slug":"gimnasia-gano-su-partido-pero-depro-perdio-en-el-suyo","status":"publish","type":"post","link":"https:\/\/deportodos.com.ar\/2023\/gimnasia-gano-su-partido-pero-depro-perdio-en-el-suyo\/","title":{"rendered":"GIMNASIA GAN\u00d3 SU PARTIDO, PERO DEPRO PERDI\u00d3 EN EL SUYO"},"content":{"rendered":"\n<p>Este domingo hubo acci\u00f3n por la quinta fecha de la Zona Rev\u00e1lida B del Torneo Federal A, etapa del certamen de la que participan los dos representantes entrerrianos en este campeonato. Ambos tuvieron acci\u00f3n durante esta jornada, aunque sus resultados fueron diferentes<\/p>\n\n\n\n<p><strong>Gimnasia 2-0 Juventud Antoniana<\/strong><\/p>\n\n\n\n<p>En el estadio Manuel y Ram\u00f3n N\u00fa\u00f1ez, Gimnasia de Concepci\u00f3n del Uruguay recibi\u00f3 a Juventud Antoniana de Salta. El encuentro, v\u00e1lido por la quinta fecha, era m\u00e1s que relevante para el&nbsp;<em>Lobo<\/em>, que lleg\u00f3 a este partido con apenas tres puntos acumulados en el torneo.<\/p>\n\n\n\n<p>Luego de una primera mitad que pas\u00f3 sin modificaciones en el tanteador, Gimnasia finalmente se puso al frente a los cuatro minutos del complemento. El gol que le dio la primera ventaja fue de Ariel Gonz\u00e1lez, y enfil\u00f3 al&nbsp;<em>Lobo<\/em>&nbsp;por el buen camino.<\/p>\n\n\n\n<p>Y el segundo tanto lleg\u00f3 a los 32. Dos minutos le bastaron a Dami\u00e1n Baltor\u00e9 para anotar su gol en el partido, ya que ingres\u00f3 a los 30 luego de la salida de Agust\u00edn Garc\u00eda. Con su tanto y la celebraci\u00f3n del 2-0, Gimnasia se acomod\u00f3 en el encuentro y cerr\u00f3 una m\u00e1s que relevante victoria.<\/p>\n\n\n\n<p>El&nbsp;<em>Lobo<\/em>&nbsp;qued\u00f3 sexto con seis unidades y en la pr\u00f3xima fecha tendr\u00e1 que visitar a Crucero del Norte en un duelo clave para su continuidad en el certamen; Antoniana, por su lado, tiene cuatro unidades y est\u00e1 octavo: en la pr\u00f3xima recibir\u00e1 a Sarmiento de Resistencia.<\/p>\n\n\n\n<p>La formaci\u00f3n de Gimnasia: Jairo D\u00edaz; Leonel L\u00f3pez, Jonathan Ben\u00edtez, Daniel Meza Aguirre, Ariel Gonz\u00e1lez; Johan Laureiro, Sebasti\u00e1n Acu\u00f1a, Nicol\u00e1s Germanier, Agust\u00edn Garc\u00eda; Sebasti\u00e1n Malimberni y Francisco Leonetti.<\/p>\n\n\n\n<p><strong>Defensores de Pronunciamiento 0-1<\/strong>&nbsp;<strong>Sarmiento<\/strong><\/p>\n\n\n\n<p>El estadio Delio Cardozo recibi\u00f3 el duelo correspondiente a la quinta fecha entre Defensores de Pronunciamiento y Sarmiento de Resistencia. El&nbsp;<em>Azulgrana<\/em>&nbsp;sigue sin dar pie con bola: lleg\u00f3 a este partido con apenas dos puntos y as\u00ed sigue en el campeonato, sin conseguir remontar.<\/p>\n\n\n\n<p>Fue Joel Lucero quien a los 16 minutos de la segunda mitad consigui\u00f3 torcer el marcador en favor del conjunto chaque\u00f1o. Lo hizo luego de un lateral jugado por el costado derecho tras el que defini\u00f3 de manera poco ortodoxa por encima del arquero del&nbsp;<em>Azulgrana<\/em>. Golazo y victoria para Sarmiento.<\/p>\n\n\n\n<p>La derrota dej\u00f3 a&nbsp;<em>Depro<\/em>&nbsp;pen\u00faltimo con apenas dos puntos: en la pr\u00f3xima fecha tendr\u00e1 que visitar a El Linque\u00f1o, que marcha cuarto y apenas perdi\u00f3 un encuentro en esta etapa del torneo. El&nbsp;<em>Aurirrojo<\/em>, por su lado, lleg\u00f3 a ocho unidades y marcha quinto en la tabla: en la pr\u00f3xima jornada visitar\u00e1 a Juventud Antoniana.<\/p>\n\n\n\n<p>La formaci\u00f3n de Defensores: Franco Dobler; Nahuel Valenzuela, Dami\u00e1n S\u00e1nchez, Nicol\u00e1s G\u00f3mez, Rafael R\u00edos; Facundo Odello, Lautaro Ojeda, Lucas Coyette, Lucas Pelud\u00e9; Leandro Ilari y Lautaro Robles.<\/p>\n\n\n\n<blockquote class=\"wp-block-quote is-layout-flow wp-block-quote-is-layout-flow\">\n<p>www.analisisdigital.com.ar<\/p>\n<\/blockquote>\n","protected":false},"excerpt":{"rendered":"<p>Este domingo hubo acci\u00f3n por la quinta fecha de la Zona Rev\u00e1lida B del Torneo&#8230;<\/p>\n","protected":false},"author":2,"featured_media":2132,"comment_status":"open","ping_status":"open","sticky":false,"template":"","format":"standard","meta":{"footnotes":""},"categories":[36],"tags":[],"class_list":["post-2131","post","type-post","status-publish","format-standard","has-post-thumbnail","hentry","category-futbol"],"featured_image_urls":{"full":["https:\/\/deportodos.com.ar\/2023\/wp-content\/uploads\/2024\/08\/gimnasia_cdu_27.jpg",1330,880,false],"thumbnail":["https:\/\/deportodos.com.ar\/2023\/wp-content\/uploads\/2024\/08\/gimnasia_cdu_27-150x150.jpg",150,150,true],"medium":["https:\/\/deportodos.com.ar\/2023\/wp-content\/uploads\/2024\/08\/gimnasia_cdu_27-300x198.jpg",300,198,true],"medium_large":["https:\/\/deportodos.com.ar\/2023\/wp-content\/uploads\/2024\/08\/gimnasia_cdu_27-768x508.jpg",640,423,true],"large":["https:\/\/deportodos.com.ar\/2023\/wp-content\/uploads\/2024\/08\/gimnasia_cdu_27-1024x678.jpg",640,424,true],"1536x1536":["https:\/\/deportodos.com.ar\/2023\/wp-content\/uploads\/2024\/08\/gimnasia_cdu_27.jpg",1330,880,false],"2048x2048":["https:\/\/deportodos.com.ar\/2023\/wp-content\/uploads\/2024\/08\/gimnasia_cdu_27.jpg",1330,880,false],"covernews-featured":["https:\/\/deportodos.com.ar\/2023\/wp-content\/uploads\/2024\/08\/gimnasia_cdu_27-1024x678.jpg",1024,678,true],"covernews-medium":["https:\/\/deportodos.com.ar\/2023\/wp-content\/uploads\/2024\/08\/gimnasia_cdu_27-540x340.jpg",540,340,true]},"author_info":{"display_name":"c2530142","author_link":"https:\/\/deportodos.com.ar\/2023\/author\/c2530142\/"},"category_info":"<a href=\"https:\/\/deportodos.com.ar\/2023\/category\/futbol\/\" rel=\"category tag\">Futbol<\/a>","tag_info":"Futbol","comment_count":"0","_links":{"self":[{"href":"https:\/\/deportodos.com.ar\/2023\/wp-json\/wp\/v2\/posts\/2131","targetHints":{"allow":["GET"]}}],"collection":[{"href":"https:\/\/deportodos.com.ar\/2023\/wp-json\/wp\/v2\/posts"}],"about":[{"href":"https:\/\/deportodos.com.ar\/2023\/wp-json\/wp\/v2\/types\/post"}],"author":[{"embeddable":true,"href":"https:\/\/deportodos.com.ar\/2023\/wp-json\/wp\/v2\/users\/2"}],"replies":[{"embeddable":true,"href":"https:\/\/deportodos.com.ar\/2023\/wp-json\/wp\/v2\/comments?post=2131"}],"version-history":[{"count":1,"href":"https:\/\/deportodos.com.ar\/2023\/wp-json\/wp\/v2\/posts\/2131\/revisions"}],"predecessor-version":[{"id":2133,"href":"https:\/\/deportodos.com.ar\/2023\/wp-json\/wp\/v2\/posts\/2131\/revisions\/2133"}],"wp:featuredmedia":[{"embeddable":true,"href":"https:\/\/deportodos.com.ar\/2023\/wp-json\/wp\/v2\/media\/2132"}],"wp:attachment":[{"href":"https:\/\/deportodos.com.ar\/2023\/wp-json\/wp\/v2\/media?parent=2131"}],"wp:term":[{"taxonomy":"category","embeddable":true,"href":"https:\/\/deportodos.com.ar\/2023\/wp-json\/wp\/v2\/categories?post=2131"},{"taxonomy":"post_tag","embeddable":true,"href":"https:\/\/deportodos.com.ar\/2023\/wp-json\/wp\/v2\/tags?post=2131"}],"curies":[{"name":"wp","href":"https:\/\/api.w.org\/{rel}","templated":true}]}}