{"id":2144,"date":"2024-08-23T20:17:54","date_gmt":"2024-08-23T20:17:54","guid":{"rendered":"https:\/\/deportodos.com.ar\/2023\/?p=2144"},"modified":"2024-08-23T20:17:55","modified_gmt":"2024-08-23T20:17:55","slug":"el-paranaense-jairo-suarez-ira-por-el-titulo-fedelatin-pesado","status":"publish","type":"post","link":"https:\/\/deportodos.com.ar\/2023\/el-paranaense-jairo-suarez-ira-por-el-titulo-fedelatin-pesado\/","title":{"rendered":"EL PARANAENSE JAIRO SUAREZ IR\u00c1 POR EL TITULO FEDELAT\u00cdN PESADO"},"content":{"rendered":"\n<p>El paranaense Jairo Su\u00e1rez va por la victoria m\u00e1s importante en su carrera profesional. El boxeador entrerriano ser\u00e1 parte del \u201cKnock Out a las Drogas\u201d, el importante evento que desarrollar\u00e1 este viernes la Asociaci\u00f3n Mundial de Boxeo (AMB) en el Casino Buenos Aires. El\u00a0<em>Espartano<\/em>\u00a0ir\u00e1 de punto, pero intentar\u00e1 dar el gran golpe ante el invicto italiano Giovanni Scuderi, con quien dirimir\u00e1n el vacante t\u00edtulo Fedelat\u00edn AMB de la categor\u00eda Pesado, se\u00f1ala\u00a0<em>Uno Entre R\u00edos<\/em>.<\/p>\n\n\n\n<p>A s\u00f3lo 20 d\u00edas de su \u00faltimo combate, en el que despach\u00f3 en el segundo asalto al juje\u00f1o Marcelo Reyes, el exjugador de rugby del Club Atl\u00e9tico Estudiantes intentar\u00e1 dar la sorpresa y traerse a la capital entrerriana el cintur\u00f3n. Para ello deber\u00e1 imponerse sobre Scuderi, un espigado pugilista tano con proyecci\u00f3n internacional, que viene de pelear en el m\u00edtico Madison Square Garden de Nueva York en los Estados Unidos.<\/p>\n\n\n\n<p>El combate est\u00e1 pautado a 10 asaltos, en la divisi\u00f3n Pesado. El pupilo de Rodolfo&nbsp;<em>Chito<\/em>&nbsp;Retamal, de 35 a\u00f1os, llega a este compromiso con un r\u00e9cord profesional de siete peleas ganadas (dos por nocaut) y dos perdidas. En el pesaje oficial del jueves, Su\u00e1rez marc\u00f3 en la balanza 103 kilogramos.<\/p>\n\n\n\n<p>Enfrente estar\u00e1 el peleador europeo, de 30 a\u00f1os, quien est\u00e1 invicto en el boxeo profesional, etapa en la que se ha impuesto en sus 10 presentaciones, cuatro de ellas por la v\u00eda r\u00e1pida. Cuando Scuderi se subi\u00f3 a la b\u00e1scula, \u00e9sta se detuvo en 97 kilos.<\/p>\n\n\n\n<blockquote class=\"wp-block-quote is-layout-flow wp-block-quote-is-layout-flow\">\n<p>www.analisisdigital.com.ar<\/p>\n<\/blockquote>\n","protected":false},"excerpt":{"rendered":"<p>El paranaense Jairo Su\u00e1rez va por la victoria m\u00e1s importante en su carrera profesional. El&#8230;<\/p>\n","protected":false},"author":2,"featured_media":2146,"comment_status":"open","ping_status":"open","sticky":false,"template":"","format":"standard","meta":{"footnotes":""},"categories":[13],"tags":[],"class_list":["post-2144","post","type-post","status-publish","format-standard","has-post-thumbnail","hentry","category-boxeo"],"featured_image_urls":{"full":["https:\/\/deportodos.com.ar\/2023\/wp-content\/uploads\/2024\/08\/jairo_2-1.jpg",450,300,false],"thumbnail":["https:\/\/deportodos.com.ar\/2023\/wp-content\/uploads\/2024\/08\/jairo_2-1-150x150.jpg",150,150,true],"medium":["https:\/\/deportodos.com.ar\/2023\/wp-content\/uploads\/2024\/08\/jairo_2-1-300x200.jpg",300,200,true],"medium_large":["https:\/\/deportodos.com.ar\/2023\/wp-content\/uploads\/2024\/08\/jairo_2-1.jpg",450,300,false],"large":["https:\/\/deportodos.com.ar\/2023\/wp-content\/uploads\/2024\/08\/jairo_2-1.jpg",450,300,false],"1536x1536":["https:\/\/deportodos.com.ar\/2023\/wp-content\/uploads\/2024\/08\/jairo_2-1.jpg",450,300,false],"2048x2048":["https:\/\/deportodos.com.ar\/2023\/wp-content\/uploads\/2024\/08\/jairo_2-1.jpg",450,300,false],"covernews-featured":["https:\/\/deportodos.com.ar\/2023\/wp-content\/uploads\/2024\/08\/jairo_2-1.jpg",450,300,false],"covernews-medium":["https:\/\/deportodos.com.ar\/2023\/wp-content\/uploads\/2024\/08\/jairo_2-1.jpg",450,300,false]},"author_info":{"display_name":"c2530142","author_link":"https:\/\/deportodos.com.ar\/2023\/author\/c2530142\/"},"category_info":"<a href=\"https:\/\/deportodos.com.ar\/2023\/category\/boxeo\/\" rel=\"category tag\">Boxeo<\/a>","tag_info":"Boxeo","comment_count":"0","_links":{"self":[{"href":"https:\/\/deportodos.com.ar\/2023\/wp-json\/wp\/v2\/posts\/2144","targetHints":{"allow":["GET"]}}],"collection":[{"href":"https:\/\/deportodos.com.ar\/2023\/wp-json\/wp\/v2\/posts"}],"about":[{"href":"https:\/\/deportodos.com.ar\/2023\/wp-json\/wp\/v2\/types\/post"}],"author":[{"embeddable":true,"href":"https:\/\/deportodos.com.ar\/2023\/wp-json\/wp\/v2\/users\/2"}],"replies":[{"embeddable":true,"href":"https:\/\/deportodos.com.ar\/2023\/wp-json\/wp\/v2\/comments?post=2144"}],"version-history":[{"count":1,"href":"https:\/\/deportodos.com.ar\/2023\/wp-json\/wp\/v2\/posts\/2144\/revisions"}],"predecessor-version":[{"id":2147,"href":"https:\/\/deportodos.com.ar\/2023\/wp-json\/wp\/v2\/posts\/2144\/revisions\/2147"}],"wp:featuredmedia":[{"embeddable":true,"href":"https:\/\/deportodos.com.ar\/2023\/wp-json\/wp\/v2\/media\/2146"}],"wp:attachment":[{"href":"https:\/\/deportodos.com.ar\/2023\/wp-json\/wp\/v2\/media?parent=2144"}],"wp:term":[{"taxonomy":"category","embeddable":true,"href":"https:\/\/deportodos.com.ar\/2023\/wp-json\/wp\/v2\/categories?post=2144"},{"taxonomy":"post_tag","embeddable":true,"href":"https:\/\/deportodos.com.ar\/2023\/wp-json\/wp\/v2\/tags?post=2144"}],"curies":[{"name":"wp","href":"https:\/\/api.w.org\/{rel}","templated":true}]}}