{"id":2155,"date":"2024-08-25T22:03:34","date_gmt":"2024-08-25T22:03:34","guid":{"rendered":"https:\/\/deportodos.com.ar\/2023\/?p=2155"},"modified":"2024-08-25T22:03:35","modified_gmt":"2024-08-25T22:03:35","slug":"el-campeon-etcheveste-impuso-su-jerarquia","status":"publish","type":"post","link":"https:\/\/deportodos.com.ar\/2023\/el-campeon-etcheveste-impuso-su-jerarquia\/","title":{"rendered":"EL CAMPE\u00d3N ETCHEVESTE IMPUSO SU JERARQU\u00cdA"},"content":{"rendered":"\n<p>El entrerriano, que larg\u00f3 6\u00ba, prevaleci\u00f3 con su Chevrolet Corsa en la espectacular Final que la divisi\u00f3n intermedia disput\u00f3 en Rosario, por la 7\u00aa fecha. Los VW Up de Nazzi y Costamagna completaron el podio.<\/p>\n\n\n\n<p>La\u00a0<strong>Clase 2\u00a0<\/strong>del\u00a0<strong>Turismo Pista<\/strong>\u00a0brind\u00f3 una Final espectacular en el aut\u00f3dromo de\u00a0<strong>Rosario<\/strong>, sede de la 7\u00aa fecha, que coron\u00f3 como brillante ganador a\u00a0<strong>Yair Etcheveste<\/strong>\u00a0(Chevrolet Corsa) luego de una ardua batalla por la victoria con\u00a0<strong>Lucas Garro\u00a0<\/strong>(VW Up),\u00a0<strong>Lucas Bayala\u00a0<\/strong>(Ford Ka) y\u00a0<strong>Jos\u00e9 Luis Costamagna<\/strong>\u00a0(VW Up).\u00a0\u00a0<\/p>\n\n\n\n<p>Garro y Costamagna fueron los grandes protagonistas de la lucha por la punta en las primeras vueltas pero&nbsp;<strong>en los dos \u00faltimos giros<\/strong>, luego de la reanudaci\u00f3n tras el segundo y \u00faltimo auto de seguridad,&nbsp;<strong>Etcheveste y Bayala se sumaron decididamente a la contienda<\/strong>. Tras intercambiarse un par de veces el liderazgo con Garro, el \u201cChule\u201d se adue\u00f1\u00f3 de la punta mientras que el fueguino se retrasaba (lleg\u00f3 29\u00ba a 1 vuelta, con r\u00e9cord de vuelta incluido).<\/p>\n\n\n\n<p>Etcheveste, que cuenta con la atenci\u00f3n de su propio equipo, el trabajo de Fernando Monti en los amortiguadores y los motores de Enrique Bustos, alcanz\u00f3 su&nbsp;<strong>4\u00ba triunfo en la<\/strong>&nbsp;<strong>Clase 2&nbsp;<\/strong>del Turismo Pista y el primero de la temporada 202<strong>4. Su anterior \u00e9xito hab\u00eda sido hace un a\u00f1o: el 20 de agosto en R\u00edo Cuarto.<\/strong>&nbsp;<\/p>\n\n\n\n<p>\u201c<em>Fue una gran carrera. Es una alegr\u00eda incre\u00edble, cuesta much\u00edsimo estar ac\u00e1 porque hacemos todo a pulm\u00f3n y corremos frente a grandes pilotos y equipos.&nbsp;<\/em><strong><em>Hemos ganado varias veces pero siempre nos cuesta horrores<\/em><\/strong>\u201d, indic\u00f3 Etcheveste en&nbsp;<strong>Campeones Radio&nbsp;<\/strong>y<strong>&nbsp;Continental AM 590.<\/strong><\/p>\n\n\n\n<p><strong>Franco Nazzi<\/strong>&nbsp;(VW Up), que larg\u00f3 desde la 17\u00aa posici\u00f3n, se mantuvo ajeno a las refriegas entre los protagonistas en la lucha por la victoria y emergi\u00f3 como escolta luego de las fricciones de las vueltas finales, lo que le permiti\u00f3 terminar 2\u00ba y cosechar su&nbsp;<strong>3\u00ba podio de la temporada<\/strong>&nbsp;que adem\u00e1s representa su mejor resultado del a\u00f1o.<\/p>\n\n\n\n<p>Luego de quedar 5\u00ba en la \u00faltima vuelta por despistarse al mismo tiempo que&nbsp;<strong>Lucas Bayala&nbsp;<\/strong>(Ford Ka),&nbsp;<strong>Jos\u00e9 Luis Costamagna<\/strong>&nbsp;(VW Up) se recuper\u00f3 y sobre la meta super\u00f3 al tandilense y a&nbsp;<strong>Agust\u00edn Mart\u00edn<\/strong>&nbsp;(Fiat Way), en un desenlace que mostr\u00f3 a 4 autos separados por tan s\u00f3lo 0s228.&nbsp;<\/p>\n\n\n\n<p>El santafesino de Susana le gan\u00f3 el 3\u00ba lugar por 0s069 a Bayala, aunque luego el piloto del MA Motorsport fue recargado con 1 puesto y qued\u00f3 5\u00ba. A\u00fan as\u00ed, le alcanz\u00f3 para irse del \u201cJuan Manuel Fangio\u201d como nuevo l\u00edder del campeonato tras un fin de semana muy adverso para&nbsp;<strong>Fernando \u201cMorro\u201d Iglesias<\/strong>&nbsp;(Chevrolet Corsa), que abandon\u00f3 tanto en la serie (por un toque) como en la Final (por esquivar a un rival).<\/p>\n\n\n\n<p>La&nbsp;<strong>pr\u00f3xima fecha<\/strong>&nbsp;del Turismo Pista ser\u00e1 en el aut\u00f3dromo de&nbsp;<strong>Buenos Aires<\/strong>, donde del&nbsp;<strong>20 al 22 de septiembre<\/strong>&nbsp;se disputar\u00e1 la \u201cCarrera de los 300 Pilotos\u201d.&nbsp;&nbsp;<\/p>\n\n\n\n<figure class=\"wp-block-image size-full\"><a href=\"https:\/\/deportodos.com.ar\/2023\/wp-content\/uploads\/2024\/08\/1000198606.jpg\"><img fetchpriority=\"high\" decoding=\"async\" width=\"693\" height=\"976\" src=\"https:\/\/deportodos.com.ar\/2023\/wp-content\/uploads\/2024\/08\/1000198606.jpg\" alt=\"\" class=\"wp-image-2156\" srcset=\"https:\/\/deportodos.com.ar\/2023\/wp-content\/uploads\/2024\/08\/1000198606.jpg 693w, https:\/\/deportodos.com.ar\/2023\/wp-content\/uploads\/2024\/08\/1000198606-213x300.jpg 213w\" sizes=\"(max-width: 693px) 100vw, 693px\" \/><\/a><\/figure>\n\n\n\n<blockquote class=\"wp-block-quote is-layout-flow wp-block-quote-is-layout-flow\">\n<p>www.campeones.com.ar<\/p>\n<\/blockquote>\n\n\n\n<p><br><\/p>\n","protected":false},"excerpt":{"rendered":"<p>El entrerriano, que larg\u00f3 6\u00ba, prevaleci\u00f3 con su Chevrolet Corsa en la espectacular Final que&#8230;<\/p>\n","protected":false},"author":2,"featured_media":2157,"comment_status":"open","ping_status":"open","sticky":false,"template":"","format":"standard","meta":{"footnotes":""},"categories":[6],"tags":[],"class_list":["post-2155","post","type-post","status-publish","format-standard","has-post-thumbnail","hentry","category-automovilismo"],"featured_image_urls":{"full":["https:\/\/deportodos.com.ar\/2023\/wp-content\/uploads\/2024\/08\/Etcheveste-Victoria-C2-TP-2024.jpeg",976,549,false],"thumbnail":["https:\/\/deportodos.com.ar\/2023\/wp-content\/uploads\/2024\/08\/Etcheveste-Victoria-C2-TP-2024-150x150.jpeg",150,150,true],"medium":["https:\/\/deportodos.com.ar\/2023\/wp-content\/uploads\/2024\/08\/Etcheveste-Victoria-C2-TP-2024-300x169.jpeg",300,169,true],"medium_large":["https:\/\/deportodos.com.ar\/2023\/wp-content\/uploads\/2024\/08\/Etcheveste-Victoria-C2-TP-2024-768x432.jpeg",640,360,true],"large":["https:\/\/deportodos.com.ar\/2023\/wp-content\/uploads\/2024\/08\/Etcheveste-Victoria-C2-TP-2024.jpeg",640,360,false],"1536x1536":["https:\/\/deportodos.com.ar\/2023\/wp-content\/uploads\/2024\/08\/Etcheveste-Victoria-C2-TP-2024.jpeg",976,549,false],"2048x2048":["https:\/\/deportodos.com.ar\/2023\/wp-content\/uploads\/2024\/08\/Etcheveste-Victoria-C2-TP-2024.jpeg",976,549,false],"covernews-featured":["https:\/\/deportodos.com.ar\/2023\/wp-content\/uploads\/2024\/08\/Etcheveste-Victoria-C2-TP-2024.jpeg",976,549,false],"covernews-medium":["https:\/\/deportodos.com.ar\/2023\/wp-content\/uploads\/2024\/08\/Etcheveste-Victoria-C2-TP-2024-540x340.jpeg",540,340,true]},"author_info":{"display_name":"c2530142","author_link":"https:\/\/deportodos.com.ar\/2023\/author\/c2530142\/"},"category_info":"<a href=\"https:\/\/deportodos.com.ar\/2023\/category\/automovilismo\/\" rel=\"category tag\">Automovilismo<\/a>","tag_info":"Automovilismo","comment_count":"0","_links":{"self":[{"href":"https:\/\/deportodos.com.ar\/2023\/wp-json\/wp\/v2\/posts\/2155","targetHints":{"allow":["GET"]}}],"collection":[{"href":"https:\/\/deportodos.com.ar\/2023\/wp-json\/wp\/v2\/posts"}],"about":[{"href":"https:\/\/deportodos.com.ar\/2023\/wp-json\/wp\/v2\/types\/post"}],"author":[{"embeddable":true,"href":"https:\/\/deportodos.com.ar\/2023\/wp-json\/wp\/v2\/users\/2"}],"replies":[{"embeddable":true,"href":"https:\/\/deportodos.com.ar\/2023\/wp-json\/wp\/v2\/comments?post=2155"}],"version-history":[{"count":1,"href":"https:\/\/deportodos.com.ar\/2023\/wp-json\/wp\/v2\/posts\/2155\/revisions"}],"predecessor-version":[{"id":2158,"href":"https:\/\/deportodos.com.ar\/2023\/wp-json\/wp\/v2\/posts\/2155\/revisions\/2158"}],"wp:featuredmedia":[{"embeddable":true,"href":"https:\/\/deportodos.com.ar\/2023\/wp-json\/wp\/v2\/media\/2157"}],"wp:attachment":[{"href":"https:\/\/deportodos.com.ar\/2023\/wp-json\/wp\/v2\/media?parent=2155"}],"wp:term":[{"taxonomy":"category","embeddable":true,"href":"https:\/\/deportodos.com.ar\/2023\/wp-json\/wp\/v2\/categories?post=2155"},{"taxonomy":"post_tag","embeddable":true,"href":"https:\/\/deportodos.com.ar\/2023\/wp-json\/wp\/v2\/tags?post=2155"}],"curies":[{"name":"wp","href":"https:\/\/api.w.org\/{rel}","templated":true}]}}