{"id":2162,"date":"2024-08-26T00:59:54","date_gmt":"2024-08-26T00:59:54","guid":{"rendered":"https:\/\/deportodos.com.ar\/2023\/?p=2162"},"modified":"2024-08-26T00:59:55","modified_gmt":"2024-08-26T00:59:55","slug":"salio-el-sol-y-brillo-el-espectaculo-en-la-historica","status":"publish","type":"post","link":"https:\/\/deportodos.com.ar\/2023\/salio-el-sol-y-brillo-el-espectaculo-en-la-historica\/","title":{"rendered":"SALI\u00d3 EL SOL Y BRILL\u00d3 EL ESPECT\u00c1CULO EN \u00abLA HIST\u00d3RICA \u00ab"},"content":{"rendered":"\n<p><strong>El Campeonato Entrerriano de Karting complet\u00f3 su sexto evento anual en Concepci\u00f3n del Uruguay, con un clima cambiante durante todo el fin de semana. Jun Manuel Wiesner, Tiziano Cantero, Luis Barrientos x2, Alejo Weiss, Franco Balbuena, Dami\u00e1n Cleppe, Agust\u00edn Fabi\u00e1n y Pablo Zapata se quedaron con las nueve finales uruguayenses.<\/strong><\/p>\n\n\n\n<p>Despu\u00e9s de m\u00e1s de un a\u00f1o sin acci\u00f3n provincial en lo que concierne al karting, el Aut\u00f3dromo de Concepci\u00f3n del Uruguay volvi\u00f3 a recibir al Campeonato Entrerriano de Karting, que present\u00f3 casi 160 karts en pista y disput\u00f3 las dos primeras dobles jornadas de la temporada, de las divisionales 150cc Promocional y 110cc Escuela, respectivamente.<\/p>\n\n\n\n<p>Precisamente, el s\u00e1bado por la tarde y con condici\u00f3n de pista h\u00fameda, se llevaron a cabo las primeras finales correspondientes a la fecha 6, de las categor\u00edas mencionadas. En ellas prevalecieron Juan Manuel Wiesner y Luis Barrientos, respectivamente, ambos por segunda vez en el a\u00f1o.<\/p>\n\n\n\n<p>Ya durante la ma\u00f1ana del domingo fue el turno de las series de la fecha 7 para las especialidades menores y de la sexta cita para las restantes. Y, m\u00e1s tarde, el plato fuerte, conformado por siete pruebas finales. La seguidilla inici\u00f3 con la \u201cPromo\u201d y el aplastante triunfo del subcampe\u00f3n 2023, Tiziano Cantero, y continu\u00f3 con el espect\u00e1culo de la Escuela, con \u201cdoblete\u201d para el pace\u00f1o Luis Barrientos.<\/p>\n\n\n\n<p>A continuaci\u00f3n, las pruebas de la siempre numerosa 150cc Mayores \u201cB\u201d, una con la victoria heredada por Alejo Weiss (primera de \u00e9l), por recargo al vencedor en pista Ezequiel S\u00e1nchez, y la otra con la espectacular definici\u00f3n a favor de Franco Balbuena (segunda en 2024), con su escolta Agust\u00edn De Zan.<\/p>\n\n\n\n<p>Luego fue el turno de la 150cc Junior \u201cA\u201d, con el segundo triunfo anual de Dami\u00e1n Cleppe. Y, para cerrar la jornada, las dos carreras de la 150cc Mayores \u201cC\u201d: la primera, con dominio aplastante del primerizo Agust\u00edn Fabi\u00e1n y la segunda, accidentada en cuanto a largadas, obtenida en pista por Mario G\u00f3mez, que fue excluido luego por t\u00e9cnica y entreg\u00f3 la victoria a Pablo Zapata.<\/p>\n\n\n\n<p>Cabe aclarar que en esta fecha nuevamente no fue de la partida la 125cc Internacional, por no reunir el n\u00famero m\u00ednimo de participantes.<\/p>\n\n\n\n<p>Resultados finales EXTRAOFICIALES sujetos a verificaci\u00f3n t\u00e9cnica y deportiva:<\/p>\n\n\n\n<p><strong>\u2013&nbsp;<u>150cc Promocional (19 karts):<\/u><\/strong>&nbsp;1\u00b0Tiziano Cantero, 2\u00b0Gaspar Maschio, 3\u00b0Jerem\u00edas Esquivel \/\/ 4\u00b0Bruno Masetto, 5\u00b0Gustavo Grimaldi, 6\u00b0Mateo Fern\u00e1ndez, 7\u00b0Valentino Premaries, 8\u00b0Ger\u00f3nimo Zilloni, 9\u00b0Emilio L\u00f3pez Ferro, 10\u00b0Santiago Korell.<\/p>\n\n\n\n<p><strong>\u2013&nbsp;<u>110cc Escuela (14):<\/u><\/strong>&nbsp;1\u00b0Luis Barrientos, 2\u00b0Santino Stuber, 3\u00b0Gonzalo Callejas (URU)\/\/ 4\u00b0Benjam\u00edn Iglesias, 5\u00b0\u00c1lvaro Sabisky, 6\u00b0Alejandro Pralong, 7\u00b0Vicente Allodi, 8\u00b0Thiago Noir, 9\u00b0Santiago Secchi, 10\u00b0M\u00e1ximo Montiel.<\/p>\n\n\n\n<p><strong>\u2013&nbsp;<u>150cc Mayores \u201cB\u201d- Final 1 (23):<\/u><\/strong>&nbsp;1\u00b0Alejo Weiss, 2\u00b0Ezequiel S\u00e1nchez, 3\u00b0Franco Bozo\/\/ 4\u00b0Dai\u00e1n Favre, 5\u00b0Eric Jacob, 6\u00b0Joaqu\u00edn Blanc, 7\u00b0Guido Carpanelli, 8\u00b0Alexis Dobler, 9\u00b0Juan Manuel Palacio, 10\u00b0Franco Cecchini.<\/p>\n\n\n\n<p><strong>\u2013&nbsp;<u>150cc Mayores \u201cB\u201d- Final 2 (23):<\/u><\/strong>&nbsp;1\u00b0Franco Balbuena, 2\u00b0Agust\u00edn De Zan, 3\u00b0Manuel Milera\/\/ 4\u00b0Adri\u00e1n Waisten, 5\u00b0Luca Fiorotto, 6\u00b0Ulises Pauletti, 7\u00b0Mat\u00edas Mouchet, 8\u00b0Julio Vel\u00e1zquez, 9\u00b0Juan Mart\u00edn G\u00f3mez, 10\u00b0Sof\u00eda Percara.<\/p>\n\n\n\n<p><strong>\u2013&nbsp;<u>150cc Junior \u201cA\u201d (27):<\/u><\/strong>&nbsp;1\u00b0Dami\u00e1n Cleppe, 2\u00b0Joaqu\u00edn Pagola Jacob, 3\u00b0Uriel Rodr\u00edguez\/\/ 4\u00b0Enzo De Zan, 5\u00b0Guido Gay, 6\u00b0Fernando Barreto, 7\u00b0Ignacio Sachs, 8\u00b0Tom\u00e1s Pellandino, 9\u00b0Bautista Milevcic, 10\u00b0Camilo Lound.<\/p>\n\n\n\n<p><strong>\u2013&nbsp;<u>150cc Mayores \u201cC\u201d- Final 1 (22):<\/u><\/strong>&nbsp;1\u00b0Agust\u00edn Fabi\u00e1n, 2\u00b0Leandro Gonz\u00e1lez, 3\u00b0Ricardo Narcisi\/\/ 4\u00b0Paulo Alfaro, 5\u00b0Manuel Cretton, 6\u00b0Pablo Gabas, 7\u00b0Gonzalo Perlo, 8\u00b0Jos\u00e9 Mar\u00eda Gaspar\u00edn, 9\u00b0Maximiliano Rupani, 10\u00b0Jonathan Loskin.<\/p>\n\n\n\n<p><strong>\u2013&nbsp;<u>150cc Mayores \u201cC\u201d- Final 2 (22):<\/u><\/strong>&nbsp;1\u00b0Pablo Zapata, 2\u00b0Mart\u00edn Palavecino, 3\u00b0Federico Solda\/\/ 4\u00b0Andr\u00e9s Franco, 5\u00b0Santiago Antivero, 6\u00b0Nicol\u00e1s Broggi, 7\u00b0Walter Monta\u00f1ana, 8\u00b0David Lound, 9\u00b0Facundo Picullo, 10\u00b0Gabriel Denoni.<\/p>\n\n\n\n<p><strong>\u2013&nbsp;<u>Copa M\u00e1ster 150cc (12):<\/u><\/strong>&nbsp;1\u00b0Mart\u00edn Palavecino, 2\u00b0Santiago Antivero, 3\u00b0Walter Monta\u00f1ana\/\/ 4\u00b0Gabriel Denoni, 5\u00b0Francisco Michelli, 6\u00b0Alejandro P\u00e9rez, 7\u00b0Walter Bianchini, 8\u00b0Mat\u00edas Iriarte, 9\u00b0Cristian Quir\u00f3s, 10\u00b0Luis Viviani.<\/p>\n\n\n\n<p>La pr\u00f3xima fecha ser\u00e1 los d\u00edas 21 y 22 de septiembre en el Kart\u00f3dromo \u201cJorge Frare\u201d de Gualeguay.<\/p>\n\n\n\n<p>PRENSA ACEKP: Rodrigo Bouvet<\/p>\n\n\n\n<p>FOTOS: Andr\u00e9s Queirolo<\/p>\n\n\n\n<figure class=\"wp-block-image size-full\"><a href=\"https:\/\/deportodos.com.ar\/2023\/wp-content\/uploads\/2024\/08\/1000198728.jpg\"><img fetchpriority=\"high\" decoding=\"async\" width=\"1024\" height=\"682\" src=\"https:\/\/deportodos.com.ar\/2023\/wp-content\/uploads\/2024\/08\/1000198728.jpg\" alt=\"\" class=\"wp-image-2164\" srcset=\"https:\/\/deportodos.com.ar\/2023\/wp-content\/uploads\/2024\/08\/1000198728.jpg 1024w, https:\/\/deportodos.com.ar\/2023\/wp-content\/uploads\/2024\/08\/1000198728-300x200.jpg 300w, https:\/\/deportodos.com.ar\/2023\/wp-content\/uploads\/2024\/08\/1000198728-768x512.jpg 768w\" sizes=\"(max-width: 1024px) 100vw, 1024px\" \/><\/a><\/figure>\n\n\n\n<figure class=\"wp-block-image size-large\"><a href=\"https:\/\/deportodos.com.ar\/2023\/wp-content\/uploads\/2024\/08\/1000198720.jpg\"><img decoding=\"async\" width=\"1024\" height=\"682\" src=\"https:\/\/deportodos.com.ar\/2023\/wp-content\/uploads\/2024\/08\/1000198720-1024x682.jpg\" alt=\"\" class=\"wp-image-2165\" srcset=\"https:\/\/deportodos.com.ar\/2023\/wp-content\/uploads\/2024\/08\/1000198720-1024x682.jpg 1024w, https:\/\/deportodos.com.ar\/2023\/wp-content\/uploads\/2024\/08\/1000198720-300x200.jpg 300w, https:\/\/deportodos.com.ar\/2023\/wp-content\/uploads\/2024\/08\/1000198720-768x512.jpg 768w, https:\/\/deportodos.com.ar\/2023\/wp-content\/uploads\/2024\/08\/1000198720-1536x1024.jpg 1536w, https:\/\/deportodos.com.ar\/2023\/wp-content\/uploads\/2024\/08\/1000198720.jpg 2000w\" sizes=\"(max-width: 1024px) 100vw, 1024px\" \/><\/a><\/figure>\n","protected":false},"excerpt":{"rendered":"<p>El Campeonato Entrerriano de Karting complet\u00f3 su sexto evento anual en Concepci\u00f3n del Uruguay, con&#8230;<\/p>\n","protected":false},"author":2,"featured_media":2163,"comment_status":"open","ping_status":"open","sticky":false,"template":"","format":"standard","meta":{"footnotes":""},"categories":[1],"tags":[],"class_list":["post-2162","post","type-post","status-publish","format-standard","has-post-thumbnail","hentry","category-sin-categoria"],"featured_image_urls":{"full":["https:\/\/deportodos.com.ar\/2023\/wp-content\/uploads\/2024\/08\/DSC_68951p-1024x682-1.jpg",1024,682,false],"thumbnail":["https:\/\/deportodos.com.ar\/2023\/wp-content\/uploads\/2024\/08\/DSC_68951p-1024x682-1-150x150.jpg",150,150,true],"medium":["https:\/\/deportodos.com.ar\/2023\/wp-content\/uploads\/2024\/08\/DSC_68951p-1024x682-1-300x200.jpg",300,200,true],"medium_large":["https:\/\/deportodos.com.ar\/2023\/wp-content\/uploads\/2024\/08\/DSC_68951p-1024x682-1-768x512.jpg",640,427,true],"large":["https:\/\/deportodos.com.ar\/2023\/wp-content\/uploads\/2024\/08\/DSC_68951p-1024x682-1.jpg",640,426,false],"1536x1536":["https:\/\/deportodos.com.ar\/2023\/wp-content\/uploads\/2024\/08\/DSC_68951p-1024x682-1.jpg",1024,682,false],"2048x2048":["https:\/\/deportodos.com.ar\/2023\/wp-content\/uploads\/2024\/08\/DSC_68951p-1024x682-1.jpg",1024,682,false],"covernews-featured":["https:\/\/deportodos.com.ar\/2023\/wp-content\/uploads\/2024\/08\/DSC_68951p-1024x682-1.jpg",1024,682,false],"covernews-medium":["https:\/\/deportodos.com.ar\/2023\/wp-content\/uploads\/2024\/08\/DSC_68951p-1024x682-1-540x340.jpg",540,340,true]},"author_info":{"display_name":"c2530142","author_link":"https:\/\/deportodos.com.ar\/2023\/author\/c2530142\/"},"category_info":"<a href=\"https:\/\/deportodos.com.ar\/2023\/category\/sin-categoria\/\" rel=\"category tag\">Sin categor\u00eda<\/a>","tag_info":"Sin categor\u00eda","comment_count":"0","_links":{"self":[{"href":"https:\/\/deportodos.com.ar\/2023\/wp-json\/wp\/v2\/posts\/2162","targetHints":{"allow":["GET"]}}],"collection":[{"href":"https:\/\/deportodos.com.ar\/2023\/wp-json\/wp\/v2\/posts"}],"about":[{"href":"https:\/\/deportodos.com.ar\/2023\/wp-json\/wp\/v2\/types\/post"}],"author":[{"embeddable":true,"href":"https:\/\/deportodos.com.ar\/2023\/wp-json\/wp\/v2\/users\/2"}],"replies":[{"embeddable":true,"href":"https:\/\/deportodos.com.ar\/2023\/wp-json\/wp\/v2\/comments?post=2162"}],"version-history":[{"count":1,"href":"https:\/\/deportodos.com.ar\/2023\/wp-json\/wp\/v2\/posts\/2162\/revisions"}],"predecessor-version":[{"id":2166,"href":"https:\/\/deportodos.com.ar\/2023\/wp-json\/wp\/v2\/posts\/2162\/revisions\/2166"}],"wp:featuredmedia":[{"embeddable":true,"href":"https:\/\/deportodos.com.ar\/2023\/wp-json\/wp\/v2\/media\/2163"}],"wp:attachment":[{"href":"https:\/\/deportodos.com.ar\/2023\/wp-json\/wp\/v2\/media?parent=2162"}],"wp:term":[{"taxonomy":"category","embeddable":true,"href":"https:\/\/deportodos.com.ar\/2023\/wp-json\/wp\/v2\/categories?post=2162"},{"taxonomy":"post_tag","embeddable":true,"href":"https:\/\/deportodos.com.ar\/2023\/wp-json\/wp\/v2\/tags?post=2162"}],"curies":[{"name":"wp","href":"https:\/\/api.w.org\/{rel}","templated":true}]}}