{"id":217,"date":"2023-11-11T18:39:24","date_gmt":"2023-11-11T18:39:24","guid":{"rendered":"https:\/\/deportodos.com.ar\/2023\/?p=217"},"modified":"2023-11-11T18:39:24","modified_gmt":"2023-11-11T18:39:24","slug":"werner-fue-imparable","status":"publish","type":"post","link":"https:\/\/deportodos.com.ar\/2023\/werner-fue-imparable\/","title":{"rendered":"WERNER FUE IMPARABLE"},"content":{"rendered":"\n<p>\u201cPole position\u201d. Victoria de punta a punta y r\u00e9cord de vuelta en la serie. Triunfo de principio a fin y giro m\u00e1s r\u00e1pido en la Final. As\u00ed fue el fin de semana de Mariano Werner (Ford) en el aut\u00f3dromo de Rafaela, donde se disput\u00f3 la 13\u00aa fecha del 82\u00ba Campeonato Argentino de Turismo Carretera. De esta manera, el entrerriano extendi\u00f3 a 40 puntos su ventaja como l\u00edder en la Copa de Oro, cuando quedan 2 carreras para el final.<br>La Final de esta 40\u00aa visita de la \u201cm\u00e1xima\u201d al circuito santafesino ofreci\u00f3 numerosas alternativas, aunque ninguna de ellas en la punta. Es que el piloto del Fadel Memo Corse Racing domin\u00f3 a voluntad el desarrollo y construy\u00f3 sin sobresaltos su 24\u00aa victoria en 233 participaciones en la categor\u00eda y la 3\u00aa de la temporada 2023, de la que es el m\u00e1s ganador.<br>\u201cTen\u00eda un gran auto. Esto es m\u00e9rito de todos los chicos del equipo. Perdimos puntos en San Luis y en San Nicol\u00e1s, pero sab\u00edamos del potencial con el que cont\u00e1bamos por todas las pruebas que hab\u00edamos hecho. Estoy feliz por volver a ganar: hab\u00edamos ido confiados a San Nicol\u00e1s y nos sali\u00f3 el tiro por la culata. Esto renueva las expectativas\u201d, asegur\u00f3 Werner en Campeones Radio y AM590 Continental.<br>El triunfo signific\u00f3 el 2\u00ba en Rafaela para el entrerriano, quien tambi\u00e9n hab\u00eda ganado en 2016 de punta a punta, en la primera edici\u00f3n de la \u00abCarrera del Mill\u00f3n\u00bb. As\u00ed, Ford cort\u00f3 una racha de 5 victorias consecutivas de Chevrolet en el trazado santafesino, donde un auto del \u201c\u00d3valo\u201d no ganaba desde 2018, con Mauricio Lambiris (Gur\u00ed Mart\u00ednez Competici\u00f3n).<br>Las aspiraciones de Werner de volver a ser campe\u00f3n de Turismo Carretera se vieron favorecidas por el retraso de Juli\u00e1n Santero (Ford), quien sufri\u00f3 con la presi\u00f3n de combustible (fallaron las dos bombas) y cay\u00f3 a la 41\u00aa posici\u00f3n cuando estaba 8\u00ba. Finalmente, el mendocino lleg\u00f3 26\u00ba, y si bien se mantiene 2\u00ba en la Copa de Oro, est\u00e1 a 40 puntos del l\u00edder cuando quedan 117,5 en juego.<br>Muy buena carrera hizo Nicol\u00e1s Bonelli. El entrerriano hizo gran serie y finamente termin\u00f3 s\u00e9ptimo la final del domingo.<br>Campeonato: Mariano Werner 149,5, Juli\u00e1n Santero 109,5, Santiago Mangoni 103,5, Valent\u00edn Aguirre 84,5 y Jos\u00e9 Manuel Urcera 80,5.<br>Pr\u00f3xima fecha: 11 y 12 de noviembre en Toay.<\/p>\n","protected":false},"excerpt":{"rendered":"<p>\u201cPole position\u201d. Victoria de punta a punta y r\u00e9cord de vuelta en la serie. Triunfo&#8230;<\/p>\n","protected":false},"author":2,"featured_media":218,"comment_status":"open","ping_status":"open","sticky":false,"template":"","format":"standard","meta":{"footnotes":""},"categories":[6],"tags":[],"class_list":["post-217","post","type-post","status-publish","format-standard","has-post-thumbnail","hentry","category-automovilismo"],"featured_image_urls":{"full":["https:\/\/deportodos.com.ar\/2023\/wp-content\/uploads\/2023\/10\/WhatsApp-Image-2023-10-29-at-7.57.35-PM.jpeg",976,651,false],"thumbnail":["https:\/\/deportodos.com.ar\/2023\/wp-content\/uploads\/2023\/10\/WhatsApp-Image-2023-10-29-at-7.57.35-PM-150x150.jpeg",150,150,true],"medium":["https:\/\/deportodos.com.ar\/2023\/wp-content\/uploads\/2023\/10\/WhatsApp-Image-2023-10-29-at-7.57.35-PM-300x200.jpeg",300,200,true],"medium_large":["https:\/\/deportodos.com.ar\/2023\/wp-content\/uploads\/2023\/10\/WhatsApp-Image-2023-10-29-at-7.57.35-PM-768x512.jpeg",640,427,true],"large":["https:\/\/deportodos.com.ar\/2023\/wp-content\/uploads\/2023\/10\/WhatsApp-Image-2023-10-29-at-7.57.35-PM.jpeg",640,427,false],"1536x1536":["https:\/\/deportodos.com.ar\/2023\/wp-content\/uploads\/2023\/10\/WhatsApp-Image-2023-10-29-at-7.57.35-PM.jpeg",976,651,false],"2048x2048":["https:\/\/deportodos.com.ar\/2023\/wp-content\/uploads\/2023\/10\/WhatsApp-Image-2023-10-29-at-7.57.35-PM.jpeg",976,651,false],"covernews-featured":["https:\/\/deportodos.com.ar\/2023\/wp-content\/uploads\/2023\/10\/WhatsApp-Image-2023-10-29-at-7.57.35-PM.jpeg",976,651,false],"covernews-medium":["https:\/\/deportodos.com.ar\/2023\/wp-content\/uploads\/2023\/10\/WhatsApp-Image-2023-10-29-at-7.57.35-PM-540x340.jpeg",540,340,true]},"author_info":{"display_name":"c2530142","author_link":"https:\/\/deportodos.com.ar\/2023\/author\/c2530142\/"},"category_info":"<a href=\"https:\/\/deportodos.com.ar\/2023\/category\/automovilismo\/\" rel=\"category tag\">Automovilismo<\/a>","tag_info":"Automovilismo","comment_count":"0","_links":{"self":[{"href":"https:\/\/deportodos.com.ar\/2023\/wp-json\/wp\/v2\/posts\/217","targetHints":{"allow":["GET"]}}],"collection":[{"href":"https:\/\/deportodos.com.ar\/2023\/wp-json\/wp\/v2\/posts"}],"about":[{"href":"https:\/\/deportodos.com.ar\/2023\/wp-json\/wp\/v2\/types\/post"}],"author":[{"embeddable":true,"href":"https:\/\/deportodos.com.ar\/2023\/wp-json\/wp\/v2\/users\/2"}],"replies":[{"embeddable":true,"href":"https:\/\/deportodos.com.ar\/2023\/wp-json\/wp\/v2\/comments?post=217"}],"version-history":[{"count":1,"href":"https:\/\/deportodos.com.ar\/2023\/wp-json\/wp\/v2\/posts\/217\/revisions"}],"predecessor-version":[{"id":219,"href":"https:\/\/deportodos.com.ar\/2023\/wp-json\/wp\/v2\/posts\/217\/revisions\/219"}],"wp:featuredmedia":[{"embeddable":true,"href":"https:\/\/deportodos.com.ar\/2023\/wp-json\/wp\/v2\/media\/218"}],"wp:attachment":[{"href":"https:\/\/deportodos.com.ar\/2023\/wp-json\/wp\/v2\/media?parent=217"}],"wp:term":[{"taxonomy":"category","embeddable":true,"href":"https:\/\/deportodos.com.ar\/2023\/wp-json\/wp\/v2\/categories?post=217"},{"taxonomy":"post_tag","embeddable":true,"href":"https:\/\/deportodos.com.ar\/2023\/wp-json\/wp\/v2\/tags?post=217"}],"curies":[{"name":"wp","href":"https:\/\/api.w.org\/{rel}","templated":true}]}}