{"id":2171,"date":"2024-08-27T23:52:37","date_gmt":"2024-08-27T23:52:37","guid":{"rendered":"https:\/\/deportodos.com.ar\/2023\/?p=2171"},"modified":"2024-08-27T23:52:38","modified_gmt":"2024-08-27T23:52:38","slug":"intentamos-ser-protagonistas-y-pelear-el-campeonato-diji-manuel-borgert","status":"publish","type":"post","link":"https:\/\/deportodos.com.ar\/2023\/intentamos-ser-protagonistas-y-pelear-el-campeonato-diji-manuel-borgert\/","title":{"rendered":"\u00abINTENTAMOS SER PROTAGONISTAS Y PELEAR EL CAMPEONATO\u00bb DIJI MANUEL BORGERT"},"content":{"rendered":"\n<p>El ramirense Manuel Borgert consigui\u00f3 su cuarto triunfo de la temporada en el aut\u00f3dromo Roberto Mouras de La Plata. El entrerriano lider\u00f3 la competencia del TC Pista Mouras por delante de Lucas Bohdanowicz y Leandro Gonz\u00e1lez, de manera que contin\u00faa liderando el torneo. \u201cEs la cuarta final que ganamos en el a\u00f1o. Acumulamos cuatro victorias para el playoff y en esta \u00faltima carrera sab\u00edamos que ten\u00edamos un auto muy fuerte adentro de las curvas, as\u00ed que ten\u00eda que hacer una muy buena largada para poder mantener la punta\u201d, cont\u00f3.<\/p>\n\n\n\n<p>Y sobre la competencia cont\u00f3: \u201cSuper\u00e9 a Bohdanowicz, pero en el primer giro nos sorprendi\u00f3 Denis Cifre, quien larg\u00f3 tercero y literalmente nos cruz\u00f3 a los dos por adentro y nos gan\u00f3 la posici\u00f3n. As\u00ed que de ah\u00ed en adelante fue correrlo y meterle presi\u00f3n que pude hacer porque tuve un auto con mucho ritmo\u2026Pero cuando faltaban tres vueltas a \u00e9l se le rompi\u00f3 el motor, ven\u00eda bastante cerca, lo que pude aprovechar y agarrar la punta hasta la final\u201d.<\/p>\n\n\n\n<p>Y sigui\u00f3: \u201cLos fierros por ah\u00ed son un poco ingratos en ese sentido, a veces te toca ganar como fue en mi caso, otras perder y que no dependen del piloto, porque esas situaciones te pueden llegar a pasar\u201d.<\/p>\n\n\n\n<p>M\u00e1s adelante, el entrerriano cont\u00f3: \u201cEn 2023 decidimos quedarnos un a\u00f1o m\u00e1s en el TC Pista Mouras para intentar ser protagonistas y pelear el campeonato, lo que hasta ahora venimos haciendo bastante bien. Estamos punteros con cuatro triunfos para el playoff que lo recalco, porque son ocho puntos los cuales ingres\u00e1s por cada victoria ganada y nosotros ya tenemos asegurados 32, por lo que esperamos ganar la etapa regular que es nuestro objetivo para la fecha que viene, que es cuando se define y que son 15 puntos m\u00e1s\u201d.<\/p>\n\n\n\n<p>Para el cierre expres\u00f3: \u201cArrancar\u00edamos, si todo sigue as\u00ed, con unos puntos extras en el playoff\u2026La categor\u00eda se volvi\u00f3 bastante pareja y los primeros cinco autos son los que estamos m\u00e1s firmes en la clasificaci\u00f3n\u201d.<\/p>\n\n\n\n<p>Es de mencionar que la pr\u00f3xima fecha (11\u00aa), se correr\u00e1 los d\u00edas 30, 31 de agosto y 1 de septiembre, en circuito a confirmar.<\/p>\n\n\n\n<blockquote class=\"wp-block-quote is-layout-flow wp-block-quote-is-layout-flow\">\n<p>www.analisisdigital.com.ar<\/p>\n<\/blockquote>\n","protected":false},"excerpt":{"rendered":"<p>El ramirense Manuel Borgert consigui\u00f3 su cuarto triunfo de la temporada en el aut\u00f3dromo Roberto&#8230;<\/p>\n","protected":false},"author":2,"featured_media":2172,"comment_status":"open","ping_status":"open","sticky":false,"template":"","format":"standard","meta":{"footnotes":""},"categories":[6],"tags":[],"class_list":["post-2171","post","type-post","status-publish","format-standard","has-post-thumbnail","hentry","category-automovilismo"],"featured_image_urls":{"full":["https:\/\/deportodos.com.ar\/2023\/wp-content\/uploads\/2024\/08\/manuel_borgert_6_0.jpg",450,300,false],"thumbnail":["https:\/\/deportodos.com.ar\/2023\/wp-content\/uploads\/2024\/08\/manuel_borgert_6_0-150x150.jpg",150,150,true],"medium":["https:\/\/deportodos.com.ar\/2023\/wp-content\/uploads\/2024\/08\/manuel_borgert_6_0-300x200.jpg",300,200,true],"medium_large":["https:\/\/deportodos.com.ar\/2023\/wp-content\/uploads\/2024\/08\/manuel_borgert_6_0.jpg",450,300,false],"large":["https:\/\/deportodos.com.ar\/2023\/wp-content\/uploads\/2024\/08\/manuel_borgert_6_0.jpg",450,300,false],"1536x1536":["https:\/\/deportodos.com.ar\/2023\/wp-content\/uploads\/2024\/08\/manuel_borgert_6_0.jpg",450,300,false],"2048x2048":["https:\/\/deportodos.com.ar\/2023\/wp-content\/uploads\/2024\/08\/manuel_borgert_6_0.jpg",450,300,false],"covernews-featured":["https:\/\/deportodos.com.ar\/2023\/wp-content\/uploads\/2024\/08\/manuel_borgert_6_0.jpg",450,300,false],"covernews-medium":["https:\/\/deportodos.com.ar\/2023\/wp-content\/uploads\/2024\/08\/manuel_borgert_6_0.jpg",450,300,false]},"author_info":{"display_name":"c2530142","author_link":"https:\/\/deportodos.com.ar\/2023\/author\/c2530142\/"},"category_info":"<a href=\"https:\/\/deportodos.com.ar\/2023\/category\/automovilismo\/\" rel=\"category tag\">Automovilismo<\/a>","tag_info":"Automovilismo","comment_count":"0","_links":{"self":[{"href":"https:\/\/deportodos.com.ar\/2023\/wp-json\/wp\/v2\/posts\/2171","targetHints":{"allow":["GET"]}}],"collection":[{"href":"https:\/\/deportodos.com.ar\/2023\/wp-json\/wp\/v2\/posts"}],"about":[{"href":"https:\/\/deportodos.com.ar\/2023\/wp-json\/wp\/v2\/types\/post"}],"author":[{"embeddable":true,"href":"https:\/\/deportodos.com.ar\/2023\/wp-json\/wp\/v2\/users\/2"}],"replies":[{"embeddable":true,"href":"https:\/\/deportodos.com.ar\/2023\/wp-json\/wp\/v2\/comments?post=2171"}],"version-history":[{"count":1,"href":"https:\/\/deportodos.com.ar\/2023\/wp-json\/wp\/v2\/posts\/2171\/revisions"}],"predecessor-version":[{"id":2173,"href":"https:\/\/deportodos.com.ar\/2023\/wp-json\/wp\/v2\/posts\/2171\/revisions\/2173"}],"wp:featuredmedia":[{"embeddable":true,"href":"https:\/\/deportodos.com.ar\/2023\/wp-json\/wp\/v2\/media\/2172"}],"wp:attachment":[{"href":"https:\/\/deportodos.com.ar\/2023\/wp-json\/wp\/v2\/media?parent=2171"}],"wp:term":[{"taxonomy":"category","embeddable":true,"href":"https:\/\/deportodos.com.ar\/2023\/wp-json\/wp\/v2\/categories?post=2171"},{"taxonomy":"post_tag","embeddable":true,"href":"https:\/\/deportodos.com.ar\/2023\/wp-json\/wp\/v2\/tags?post=2171"}],"curies":[{"name":"wp","href":"https:\/\/api.w.org\/{rel}","templated":true}]}}