{"id":2174,"date":"2024-08-29T21:21:33","date_gmt":"2024-08-29T21:21:33","guid":{"rendered":"https:\/\/deportodos.com.ar\/2023\/?p=2174"},"modified":"2024-08-29T21:21:35","modified_gmt":"2024-08-29T21:21:35","slug":"comienzan-los-juegos-paralimpicos-cuando-y-quienes-son-los-entrerrianos-que-compiten","status":"publish","type":"post","link":"https:\/\/deportodos.com.ar\/2023\/comienzan-los-juegos-paralimpicos-cuando-y-quienes-son-los-entrerrianos-que-compiten\/","title":{"rendered":"COMIENZAN LOS JUEGOS PARAL\u00cdMPICOS: CU\u00c1NDO Y QUI\u00c9NES SON LOS ENTRERRIANOS QUE COMPITEN"},"content":{"rendered":"\n<p>Con siete atletas entrerrianos, este mi\u00e9rcoles 28 de agosto dar\u00e1n inicio los Juegos Paral\u00edmpicos de Par\u00eds 2024, y la delegaci\u00f3n argentina contar\u00e1 con 70 atletas. Conoce, en detalle, cu\u00e1ndo ser\u00e1n las presentaciones de los atletas de la provincia.<\/p>\n\n\n\n<p>Este mi\u00e9rcoles 28 de agosto dar\u00e1n inicio los&nbsp;Juegos Paral\u00edmpicos de Par\u00eds 2024, y&nbsp;la delegaci\u00f3n argentina contar\u00e1 con 70 atletas, un n\u00famero superior al de la \u00faltima edici\u00f3n en Tokio 2020. Entre los deportistas argentinos,&nbsp;se destacan siete entrerrianos, tres de ellos debutantes en la m\u00e1xima cita del deporte adaptado.<\/p>\n\n\n\n<p><strong>Delegaci\u00f3n argentina en Par\u00eds 2024<\/strong><\/p>\n\n\n\n<p>Argentina participar\u00e1 en 14 disciplinas diferentes, con un total de 39 hombres y 31 mujeres en competencia. Excepto Los Murci\u00e9lagos, el equipo de f\u00fatbol para ciegos, el resto de los atletas disputar\u00e1n pruebas individuales o en parejas. La competencia se extender\u00e1 hasta el 8 de septiembre, y la delegaci\u00f3n argentina sue\u00f1a con traer varias medallas de Francia.<\/p>\n\n\n\n<p><strong>Los entrerrianos en Par\u00eds 2024<\/strong><\/p>\n\n\n\n<p>Estar\u00e1n los ciclistas Rodrigo L\u00f3pez (Col\u00f3n) y Maximiliano G\u00f3mez (Gualeguay), la jugadora de Boccia (bochas adaptadas) Stefan\u00eda Ferrando (Gualeguay) y las para-atletas Antonella Ruiz D\u00edaz (Gualeguaych\u00fa), Trinidad C\u00f3ppola Molina (M\u00e9danos), Teresita Briozzi (Concordia) y Sof\u00eda Casse (Villa Elisa). Las tres \u00faltimas tendr\u00e1n su debut absoluto en Juegos Paral\u00edmpicos.<\/p>\n\n\n\n<p>Ser\u00e1 la 17\u00aa edici\u00f3n de los Juegos Paral\u00edmpicos, que reunir\u00e1n 4400 atletas de 168 pa\u00edses (un r\u00e9cord) y los representantes del equipo paral\u00edmpico de refugiados. Tambi\u00e9n habr\u00e1 casi dos mil mujeres compitiendo, todo un r\u00e9cord para la competencia.<\/p>\n\n\n\n<p><strong>Rodrigo L\u00f3pez (Col\u00f3n) \u2013 Ciclismo Adaptado<\/strong><\/p>\n\n\n\n<p>El colonense Rodrigo L\u00f3pez, una leyenda del ciclismo adaptado, competir\u00e1 por sexta vez en unos Juegos Paral\u00edmpicos, habiendo participado previamente en Atenas 2004, Pek\u00edn 2008, Londres 2012, R\u00edo 2016 y Tokio 2020+1. L\u00f3pez ha sido dos veces medallista de bronce en esta competencia y ha obtenido ocho diplomas paral\u00edmpicos a lo largo de su carrera.<\/p>\n\n\n\n<p><strong>Fechas de competencia:<\/strong><\/p>\n\n\n\n<p>29 de agosto: Persecuci\u00f3n individual (ciclismo de pista).<br>31 de agosto: Kil\u00f3metro contrarreloj (ciclismo de pista).<br>4 de septiembre: Prueba contrarreloj (ciclismo de ruta).<br>7 de septiembre: Carrera de ruta (pelot\u00f3n).<\/p>\n\n\n\n<p><strong>Antonella Ruiz D\u00edaz (Gualeguaych\u00fa) \u2013 Para-atletismo<\/strong><\/p>\n\n\n\n<p>Antonella Ruiz D\u00edaz, medallista de bronce en Tokio 2020+1 en lanzamiento de bala, competir\u00e1 nuevamente en los Juegos Paral\u00edmpicos en las pruebas de bala y disco, por la categor\u00eda F41. Ruiz D\u00edaz llega con grandes expectativas tras su destacada actuaci\u00f3n en los Juegos Parapanamericanos de Santiago 2023, donde obtuvo una medalla dorada y otra plateada.<\/p>\n\n\n\n<p><strong>Fechas de competencia:<\/strong><\/p>\n\n\n\n<p>30 de agosto: Lanzamiento de bala (5:38 AM hora argentina).<br>4 de septiembre: Lanzamiento de disco (5:00 AM hora argentina).<\/p>\n\n\n\n<p><strong>Maximiliano G\u00f3mez (Gualeguay) \u2013 Ciclismo Adaptado<\/strong><\/p>\n\n\n\n<p>Maximiliano G\u00f3mez, integrante del seleccionado argentino de ciclismo adaptado, competir\u00e1 por segunda vez en los Juegos Paral\u00edmpicos. En Tokio 2020+1, G\u00f3mez obtuvo cuatro diplomas en igual cantidad de pruebas. Llega a Par\u00eds tras una destacada actuaci\u00f3n en los Juegos Parapanamericanos de Santiago 2023, donde gan\u00f3 medallas de oro y plata.<\/p>\n\n\n\n<p><strong>Fechas de competencia:<\/strong><\/p>\n\n\n\n<p>29 de agosto: Persecuci\u00f3n individual 4000 metros (ciclismo de pista).<br>1 de septiembre: 1000 metros contrarreloj (ciclismo de pista).<br>4 de septiembre: Prueba contrarreloj (ciclismo de ruta).<br>6 de septiembre: Carrera de ruta (ciclismo de ruta).<\/p>\n\n\n\n<p><strong>Sof\u00eda Casse (Villa Elisa) \u2013 Para-atletismo<\/strong><\/p>\n\n\n\n<p>Con apenas 18 a\u00f1os, Sof\u00eda Casse debutar\u00e1 en los Juegos Paral\u00edmpicos en la prueba de salto en largo T11, reservada para deportistas con discapacidad visual. Casse ha mostrado un gran progreso en su especialidad, logrando su clasificaci\u00f3n en el Centro Nacional de Alto Rendimiento Deportivo (CeNARD).<\/p>\n\n\n\n<p><strong>Fecha de competencia:<\/strong><\/p>\n\n\n\n<p>30 de agosto: Salto en largo T11 (10:52 AM hora de Francia; 15:52 hora de Argentina).<br>Stefan\u00eda Ferrando (Gualeguay) \u2013 Boccia<br>Stefan\u00eda Ferrando&nbsp;competir\u00e1 por segunda vez en unos Juegos Paral\u00edmpicos en la disciplina de Boccia. Ferrando, quien padece Atrofia Muscular Espinal (AME) tipo 2, buscar\u00e1 capitalizar la experiencia adquirida en Tokio 2020+1 y en los recientes Juegos Parapanamericanos de Santiago 2023, donde gan\u00f3 una medalla dorada y una plateada.<\/p>\n\n\n\n<p><strong>Fechas de competencia:<\/strong><\/p>\n\n\n\n<p>29 de agosto: Prueba individual femenina (Boccia).<br>3 de septiembre: Competencia por parejas mixtas (Boccia).<\/p>\n\n\n\n<p><strong>Teresita Briozzi (Concordia) \u2013 Para-atletismo<\/strong><\/p>\n\n\n\n<p>Teresita Briozzi,&nbsp;velocista concordiense, har\u00e1 su debut en los Juegos Paral\u00edmpicos en la categor\u00eda T47, para deportistas con discapacidad en miembros superiores. Briozzi competir\u00e1 en las distancias de 200 y 400 metros llanos.<\/p>\n\n\n\n<p><strong>Fechas de competencia:<\/strong><\/p>\n\n\n\n<p>30 de agosto: 400 metros llanos (Stade France).<br>7 de septiembre: 200 metros llanos.<\/p>\n\n\n\n<p><strong>Trinidad C\u00f3ppola Molina (M\u00e9danos) \u2013 Para-atletismo<\/strong><\/p>\n\n\n\n<p>Trinidad C\u00f3ppola Molina, oriunda de M\u00e9danos, competir\u00e1 por primera vez en unos Juegos Paral\u00edmpicos en la prueba de salto en largo T11. C\u00f3ppola Molina tambi\u00e9n es la primera bombera voluntaria ciega del pa\u00eds, y actualmente estudia profesorado de educaci\u00f3n f\u00edsica en Gualeguay.<\/p>\n\n\n\n<p><strong>Fecha de competencia:<\/strong><\/p>\n\n\n\n<p>30 de agosto: Salto en largo T11 (5:00 AM hora argentina).<\/p>\n\n\n\n<blockquote class=\"wp-block-quote is-layout-flow wp-block-quote-is-layout-flow\">\n<p>www.lapiramide.net<\/p>\n<\/blockquote>\n","protected":false},"excerpt":{"rendered":"<p>Con siete atletas entrerrianos, este mi\u00e9rcoles 28 de agosto dar\u00e1n inicio los Juegos Paral\u00edmpicos de&#8230;<\/p>\n","protected":false},"author":2,"featured_media":2175,"comment_status":"open","ping_status":"open","sticky":false,"template":"","format":"standard","meta":{"footnotes":""},"categories":[1],"tags":[],"class_list":["post-2174","post","type-post","status-publish","format-standard","has-post-thumbnail","hentry","category-sin-categoria"],"featured_image_urls":{"full":["https:\/\/deportodos.com.ar\/2023\/wp-content\/uploads\/2024\/08\/IMG-20240829-WA0063.jpg",956,896,false],"thumbnail":["https:\/\/deportodos.com.ar\/2023\/wp-content\/uploads\/2024\/08\/IMG-20240829-WA0063-150x150.jpg",150,150,true],"medium":["https:\/\/deportodos.com.ar\/2023\/wp-content\/uploads\/2024\/08\/IMG-20240829-WA0063-300x281.jpg",300,281,true],"medium_large":["https:\/\/deportodos.com.ar\/2023\/wp-content\/uploads\/2024\/08\/IMG-20240829-WA0063-768x720.jpg",640,600,true],"large":["https:\/\/deportodos.com.ar\/2023\/wp-content\/uploads\/2024\/08\/IMG-20240829-WA0063.jpg",640,600,false],"1536x1536":["https:\/\/deportodos.com.ar\/2023\/wp-content\/uploads\/2024\/08\/IMG-20240829-WA0063.jpg",956,896,false],"2048x2048":["https:\/\/deportodos.com.ar\/2023\/wp-content\/uploads\/2024\/08\/IMG-20240829-WA0063.jpg",956,896,false],"covernews-featured":["https:\/\/deportodos.com.ar\/2023\/wp-content\/uploads\/2024\/08\/IMG-20240829-WA0063.jpg",956,896,false],"covernews-medium":["https:\/\/deportodos.com.ar\/2023\/wp-content\/uploads\/2024\/08\/IMG-20240829-WA0063-540x340.jpg",540,340,true]},"author_info":{"display_name":"c2530142","author_link":"https:\/\/deportodos.com.ar\/2023\/author\/c2530142\/"},"category_info":"<a href=\"https:\/\/deportodos.com.ar\/2023\/category\/sin-categoria\/\" rel=\"category tag\">Sin categor\u00eda<\/a>","tag_info":"Sin categor\u00eda","comment_count":"0","_links":{"self":[{"href":"https:\/\/deportodos.com.ar\/2023\/wp-json\/wp\/v2\/posts\/2174","targetHints":{"allow":["GET"]}}],"collection":[{"href":"https:\/\/deportodos.com.ar\/2023\/wp-json\/wp\/v2\/posts"}],"about":[{"href":"https:\/\/deportodos.com.ar\/2023\/wp-json\/wp\/v2\/types\/post"}],"author":[{"embeddable":true,"href":"https:\/\/deportodos.com.ar\/2023\/wp-json\/wp\/v2\/users\/2"}],"replies":[{"embeddable":true,"href":"https:\/\/deportodos.com.ar\/2023\/wp-json\/wp\/v2\/comments?post=2174"}],"version-history":[{"count":1,"href":"https:\/\/deportodos.com.ar\/2023\/wp-json\/wp\/v2\/posts\/2174\/revisions"}],"predecessor-version":[{"id":2176,"href":"https:\/\/deportodos.com.ar\/2023\/wp-json\/wp\/v2\/posts\/2174\/revisions\/2176"}],"wp:featuredmedia":[{"embeddable":true,"href":"https:\/\/deportodos.com.ar\/2023\/wp-json\/wp\/v2\/media\/2175"}],"wp:attachment":[{"href":"https:\/\/deportodos.com.ar\/2023\/wp-json\/wp\/v2\/media?parent=2174"}],"wp:term":[{"taxonomy":"category","embeddable":true,"href":"https:\/\/deportodos.com.ar\/2023\/wp-json\/wp\/v2\/categories?post=2174"},{"taxonomy":"post_tag","embeddable":true,"href":"https:\/\/deportodos.com.ar\/2023\/wp-json\/wp\/v2\/tags?post=2174"}],"curies":[{"name":"wp","href":"https:\/\/api.w.org\/{rel}","templated":true}]}}