{"id":2185,"date":"2024-08-29T23:31:00","date_gmt":"2024-08-29T23:31:00","guid":{"rendered":"https:\/\/deportodos.com.ar\/2023\/?p=2185"},"modified":"2024-08-29T23:31:01","modified_gmt":"2024-08-29T23:31:01","slug":"horarios-para-el-tc-2000-en-su-segunda-visita-a-concordia","status":"publish","type":"post","link":"https:\/\/deportodos.com.ar\/2023\/horarios-para-el-tc-2000-en-su-segunda-visita-a-concordia\/","title":{"rendered":"HORARIOS PARA EL TC 2000 EN SU SEGUNDA VISITA A CONCORDIA"},"content":{"rendered":"\n<p>Este fin de semana llegar\u00e1 al Parque Aut\u00f3dromo Ciudad de Concordia el TC 2000, por segunda vez en el a\u00f1o, y arrancando una nueva etapa de su certamen 2024. El s\u00e1bado la actividad en pista comenzar\u00e1 a partir de las 10:10 horas con los entrenamientos. La primera final, de las dos pactadas, se dar\u00e1 a las 5 de la tarde. El domingo, por su parte, ser\u00e1 a las 11:15.<\/p>\n\n\n\n<p>S\u00f3lo horas restan para la llegada de TC2000 para su s\u00e9ptima fecha de la temporada 2024, en el Parque Aut\u00f3dromo Ciudad de Concordia y con una agenda cargada de actividades con dos finales que ser\u00e1n claves para la definici\u00f3n del campeonato. La Fiat Competizione, compartir\u00e1 escenario.<\/p>\n\n\n\n<p>La actividad oficial iniciar\u00e1 el s\u00e1bado 31 de agosto con entrenamientos para la Fiat Competizione entre las 09:15 a 10:00. En lo que respecta al TC 2000 ser\u00e1 desde las 10:10 a las 11:20 horas. La clasificaci\u00f3n se realizar\u00e1 a las 14:50, para luego vivir la primera final del fin de semana. La largada de la misma 17:50 y contar\u00e1 con 20 minutos m\u00e1s una vuelta.<\/p>\n\n\n\n<p>El domingo, todo iniciar\u00e1 con las pruebas libres del TC 2000, por 10 minutos, desde las 09:20 horas. La jornada dominical contar\u00e1 con dos finales. La primera de ellas es para la Fiat Competizione a las 10:20 con un m\u00e1ximo de 20 minutos m\u00e1s 1 vuelta. El cierre estar\u00e1 a cargo de la categor\u00eda m\u00e1s tecnol\u00f3gica de Sudam\u00e9rica a partir de las 11:20 con un tiempo de 35 minutos m\u00e1s 1 vuelta.<\/p>\n\n\n\n<p>Cronograma<br>S\u00e1bado 31 de agosto<br>09:15 a 10:00 hs. &#8211; Entrenamiento 1 Fiat Competizione<br>10:10 a 11:20 hs. &#8211; Entrenamiento 1 TC 2000<br>11:00 a 11:45 hs. &#8211; Clasificaci\u00f3n 1 Fiat Competizione<br>11:50 a 12:05 hs. &#8211; Clasificaci\u00f3n 2 Fiat Competizione<br>12:15 a 13:25 hs. &#8211; Entrenamiento 2 TC 2000<br>14:10 hs. &#8211; Final Fiat Competizione (20 minutos + 1 minuto)<br>14:50 a 16:50 hs. &#8211; Clasificaci\u00f3n TC 2000<br>17:20 hs. &#8211; Final TC 2000 (20 minutos + 1 vuelta)<\/p>\n\n\n\n<p>Domingo 1 de septiembre<br>09:20 a 09:30 hs. &#8211; Pruebas Libres sin pasar por la recta principal<br>10:20 hs. &#8211; Final Fiat Competizione (20 minutos + 1 vuelta)<br>11:20 hs. &#8211; Final TC 2000 (35 minutos + 1 vuelta)<\/p>\n","protected":false},"excerpt":{"rendered":"<p>Este fin de semana llegar\u00e1 al Parque Aut\u00f3dromo Ciudad de Concordia el TC 2000, por&#8230;<\/p>\n","protected":false},"author":2,"featured_media":2186,"comment_status":"open","ping_status":"open","sticky":false,"template":"","format":"standard","meta":{"footnotes":""},"categories":[6],"tags":[],"class_list":["post-2185","post","type-post","status-publish","format-standard","has-post-thumbnail","hentry","category-automovilismo"],"featured_image_urls":{"full":["https:\/\/deportodos.com.ar\/2023\/wp-content\/uploads\/2024\/08\/240210-TC2000-Concordia.jpeg",976,651,false],"thumbnail":["https:\/\/deportodos.com.ar\/2023\/wp-content\/uploads\/2024\/08\/240210-TC2000-Concordia-150x150.jpeg",150,150,true],"medium":["https:\/\/deportodos.com.ar\/2023\/wp-content\/uploads\/2024\/08\/240210-TC2000-Concordia-300x200.jpeg",300,200,true],"medium_large":["https:\/\/deportodos.com.ar\/2023\/wp-content\/uploads\/2024\/08\/240210-TC2000-Concordia-768x512.jpeg",640,427,true],"large":["https:\/\/deportodos.com.ar\/2023\/wp-content\/uploads\/2024\/08\/240210-TC2000-Concordia.jpeg",640,427,false],"1536x1536":["https:\/\/deportodos.com.ar\/2023\/wp-content\/uploads\/2024\/08\/240210-TC2000-Concordia.jpeg",976,651,false],"2048x2048":["https:\/\/deportodos.com.ar\/2023\/wp-content\/uploads\/2024\/08\/240210-TC2000-Concordia.jpeg",976,651,false],"covernews-featured":["https:\/\/deportodos.com.ar\/2023\/wp-content\/uploads\/2024\/08\/240210-TC2000-Concordia.jpeg",976,651,false],"covernews-medium":["https:\/\/deportodos.com.ar\/2023\/wp-content\/uploads\/2024\/08\/240210-TC2000-Concordia-540x340.jpeg",540,340,true]},"author_info":{"display_name":"c2530142","author_link":"https:\/\/deportodos.com.ar\/2023\/author\/c2530142\/"},"category_info":"<a href=\"https:\/\/deportodos.com.ar\/2023\/category\/automovilismo\/\" rel=\"category tag\">Automovilismo<\/a>","tag_info":"Automovilismo","comment_count":"0","_links":{"self":[{"href":"https:\/\/deportodos.com.ar\/2023\/wp-json\/wp\/v2\/posts\/2185","targetHints":{"allow":["GET"]}}],"collection":[{"href":"https:\/\/deportodos.com.ar\/2023\/wp-json\/wp\/v2\/posts"}],"about":[{"href":"https:\/\/deportodos.com.ar\/2023\/wp-json\/wp\/v2\/types\/post"}],"author":[{"embeddable":true,"href":"https:\/\/deportodos.com.ar\/2023\/wp-json\/wp\/v2\/users\/2"}],"replies":[{"embeddable":true,"href":"https:\/\/deportodos.com.ar\/2023\/wp-json\/wp\/v2\/comments?post=2185"}],"version-history":[{"count":1,"href":"https:\/\/deportodos.com.ar\/2023\/wp-json\/wp\/v2\/posts\/2185\/revisions"}],"predecessor-version":[{"id":2187,"href":"https:\/\/deportodos.com.ar\/2023\/wp-json\/wp\/v2\/posts\/2185\/revisions\/2187"}],"wp:featuredmedia":[{"embeddable":true,"href":"https:\/\/deportodos.com.ar\/2023\/wp-json\/wp\/v2\/media\/2186"}],"wp:attachment":[{"href":"https:\/\/deportodos.com.ar\/2023\/wp-json\/wp\/v2\/media?parent=2185"}],"wp:term":[{"taxonomy":"category","embeddable":true,"href":"https:\/\/deportodos.com.ar\/2023\/wp-json\/wp\/v2\/categories?post=2185"},{"taxonomy":"post_tag","embeddable":true,"href":"https:\/\/deportodos.com.ar\/2023\/wp-json\/wp\/v2\/tags?post=2185"}],"curies":[{"name":"wp","href":"https:\/\/api.w.org\/{rel}","templated":true}]}}