{"id":2200,"date":"2024-09-02T02:23:05","date_gmt":"2024-09-02T02:23:05","guid":{"rendered":"https:\/\/deportodos.com.ar\/2023\/?p=2200"},"modified":"2024-09-02T02:23:05","modified_gmt":"2024-09-02T02:23:05","slug":"2-fecha-del-grand-prix-del-rio-uruguay","status":"publish","type":"post","link":"https:\/\/deportodos.com.ar\/2023\/2-fecha-del-grand-prix-del-rio-uruguay\/","title":{"rendered":"2\u00b0 FECHA DEL GRAND PRIX DEL R\u00cdO URUGUAY"},"content":{"rendered":"\n<p>El pasado fin de semana del 31 de agosto y 1 de septiembre, se disput\u00f3 en aguas del r\u00edo Uruguay, frente a la pintoresca costanera de la isla del puerto de Concepci\u00f3n del Uruguay, la segunda fecha del Grand Prix del R\u00edo Uruguay de las clases Optimist y Laser.<\/p>\n\n\n\n<p>El evento fue organizado exitosamente por el Yacht Club Entrerriano y convoco a m\u00e1s de 30 timoneles provenientes de las ciudades de Paysand\u00fa y Flores por la Republica Oriental del Uruguay y de Concordia, Col\u00f3n, Paran\u00e1 y de nuestra ciudad por el lado argentino.<\/p>\n\n\n\n<p>El s\u00e1bado, la jornada se present\u00f3 con lloviznas hasta el mediod\u00eda y con viento del oeste de unos 17 nudos con rachas muy fuertes que llegaron a los 25 nudos de intensidad. A partir de las 14 hs se largo la primera de las regatas del campeonato y fue el local Juan Ignacio Botti quien se quedo con el primer lugar en la categor\u00eda Optimist general. En Optimist Principiantes la sanducera Catalina Bugaiov fue la ganadora. En la clase Laser se impuso Ignacio Hofer. A continuaci\u00f3n de esta competencia, se dio la partida a la segunda regata y fue Felipe P\u00e9rez Calle de Concepci\u00f3n del Uruguay, quien se adjudic\u00f3 la prueba en Optimist General y en Principiantes Catalina Bugaiov repiti\u00f3 el triunfo. En Laser Pablo Castellano, tambi\u00e9n de la \u201chist\u00f3rica\u201d, se qued\u00f3 con los lauros. Al finalizar esta competencia el Oficial de Regata decidi\u00f3 dar por finalizada la jornada, ya que debido al fuerte viento hubo muchos abandonos entre los participantes. La categor\u00eda Escuela, realiz\u00f3 sus regatas dentro de la laguna que est\u00e1 frente a la sede del YCE y fue Franco Dalmazzo quien se quedo con el primer puesto en las tres regatas corridas.<\/p>\n\n\n\n<p>Por la noche en las instalaciones del club organizador se realizo una cena de camarader\u00eda entre los \u201cregatistas\u201d<\/p>\n\n\n\n<p>El domingo a las 11 hs estaba prevista la primera de las regatas del d\u00eda. Esta vez el viento hab\u00eda borneado al SW con una intensidad de 14 nudos. Estas condiciones provocaban que el r\u00edo de los p\u00e1jaros tuviera una ola corta tipo la del r\u00edo de la Plata. Felipe P\u00e9rez Calle fue el ganador en Optimist General, Mateo Barbar\u00e1 en Optimist Principiantes y Nacho Hofer en Laser. A continuaci\u00f3n de esta regata se dio la partida a la cuarta regata del campeonato que fue ganada por Juan Botti en Optimist General, F\u00e9lix Baya Casal de Concordia en Principiantes y Nacho Hofer en Laser. La quinta regata fue la \u00faltima para los Optimist y fue la paranaense Valentina Aguirre quien se quedo con el primer lugar. En Principiantes el colonense M\u00e1ximo Alvarez fue el ganador y en Laser el uruguayense Francisco Fonseca se quedo con el primer puesto.<\/p>\n\n\n\n<p>Una vez finalizada esta competencia la clase Laser larg\u00f3 la sexta y ultima regata del campeonato y fue Ignacio Hofer quien se la adjudico. En la laguna frente al YCE la categor\u00eda Escuela realizo sus regatas y fue el local Franco Dalmazzo y la colonense Valentina Colombo Esteva quien ganaron las regatas.<\/p>\n\n\n\n<p>Una vez completadas las competencias, la flota se traslado al Yacht Club Entrerriano donde se realiz\u00f3 la entrega de premios a los m\u00e1s destacados.<\/p>\n\n\n\n<p>Resultados Finales: Optimist General (5 primeros) 1\u00ba Felipe P\u00e9rez Calle YCE; 2) Juan Ignacio Botti YCE; 3) Valentina Aguirre CNP; 4) Martin Neyra YCE; 5) Catalina Bugaiov YCP<\/p>\n\n\n\n<p>Laser (5 primeros) 1\u00ba) Ignacio Hofer YCE; 2) Pablo Castellano YCE; 3) Juli\u00e1n Quintar YCE; 4) Alejandro Paiz CYC; 5) Francisco Fonseca YCE<\/p>\n\n\n\n<p>Principiantes ( 5 primeros) 1\u00ba) Catalina Bugaiov YCP; 2) Mateo Barbar\u00e1 YCE; 3) M\u00e1ximo Alvarez CPC; 4) F\u00e9lix Baya Casal CYC; 5) Ramiro Palau CYC<\/p>\n\n\n\n<p>Escuela (5 primeros) 1\u00ba) Franco Dalmazzo YCE; 2) Valentina Colombo Esteva CPC; 3) Joaqu\u00edn Tim\u00f3n G\u00f3mez CYC; 4) Felipe R\u00edos YCE; 5) Felipe Saredo YCP.<\/p>\n\n\n\n<p>La pr\u00f3xima fecha del GPRU ser\u00e1 el 5 y 6 de octubre en Colon<\/p>\n\n\n\n<p>Fernando Esquivo<\/p>\n","protected":false},"excerpt":{"rendered":"<p>El pasado fin de semana del 31 de agosto y 1 de septiembre, se disput\u00f3&#8230;<\/p>\n","protected":false},"author":2,"featured_media":2201,"comment_status":"open","ping_status":"open","sticky":false,"template":"","format":"standard","meta":{"footnotes":""},"categories":[62],"tags":[],"class_list":["post-2200","post","type-post","status-publish","format-standard","has-post-thumbnail","hentry","category-vela"],"featured_image_urls":{"full":["https:\/\/deportodos.com.ar\/2023\/wp-content\/uploads\/2024\/09\/IMG-20240901-WA0072.jpg",1600,900,false],"thumbnail":["https:\/\/deportodos.com.ar\/2023\/wp-content\/uploads\/2024\/09\/IMG-20240901-WA0072-150x150.jpg",150,150,true],"medium":["https:\/\/deportodos.com.ar\/2023\/wp-content\/uploads\/2024\/09\/IMG-20240901-WA0072-300x169.jpg",300,169,true],"medium_large":["https:\/\/deportodos.com.ar\/2023\/wp-content\/uploads\/2024\/09\/IMG-20240901-WA0072-768x432.jpg",640,360,true],"large":["https:\/\/deportodos.com.ar\/2023\/wp-content\/uploads\/2024\/09\/IMG-20240901-WA0072-1024x576.jpg",640,360,true],"1536x1536":["https:\/\/deportodos.com.ar\/2023\/wp-content\/uploads\/2024\/09\/IMG-20240901-WA0072-1536x864.jpg",1536,864,true],"2048x2048":["https:\/\/deportodos.com.ar\/2023\/wp-content\/uploads\/2024\/09\/IMG-20240901-WA0072.jpg",1600,900,false],"covernews-featured":["https:\/\/deportodos.com.ar\/2023\/wp-content\/uploads\/2024\/09\/IMG-20240901-WA0072-1024x576.jpg",1024,576,true],"covernews-medium":["https:\/\/deportodos.com.ar\/2023\/wp-content\/uploads\/2024\/09\/IMG-20240901-WA0072-540x340.jpg",540,340,true]},"author_info":{"display_name":"c2530142","author_link":"https:\/\/deportodos.com.ar\/2023\/author\/c2530142\/"},"category_info":"<a href=\"https:\/\/deportodos.com.ar\/2023\/category\/vela\/\" rel=\"category tag\">Vela<\/a>","tag_info":"Vela","comment_count":"0","_links":{"self":[{"href":"https:\/\/deportodos.com.ar\/2023\/wp-json\/wp\/v2\/posts\/2200","targetHints":{"allow":["GET"]}}],"collection":[{"href":"https:\/\/deportodos.com.ar\/2023\/wp-json\/wp\/v2\/posts"}],"about":[{"href":"https:\/\/deportodos.com.ar\/2023\/wp-json\/wp\/v2\/types\/post"}],"author":[{"embeddable":true,"href":"https:\/\/deportodos.com.ar\/2023\/wp-json\/wp\/v2\/users\/2"}],"replies":[{"embeddable":true,"href":"https:\/\/deportodos.com.ar\/2023\/wp-json\/wp\/v2\/comments?post=2200"}],"version-history":[{"count":1,"href":"https:\/\/deportodos.com.ar\/2023\/wp-json\/wp\/v2\/posts\/2200\/revisions"}],"predecessor-version":[{"id":2202,"href":"https:\/\/deportodos.com.ar\/2023\/wp-json\/wp\/v2\/posts\/2200\/revisions\/2202"}],"wp:featuredmedia":[{"embeddable":true,"href":"https:\/\/deportodos.com.ar\/2023\/wp-json\/wp\/v2\/media\/2201"}],"wp:attachment":[{"href":"https:\/\/deportodos.com.ar\/2023\/wp-json\/wp\/v2\/media?parent=2200"}],"wp:term":[{"taxonomy":"category","embeddable":true,"href":"https:\/\/deportodos.com.ar\/2023\/wp-json\/wp\/v2\/categories?post=2200"},{"taxonomy":"post_tag","embeddable":true,"href":"https:\/\/deportodos.com.ar\/2023\/wp-json\/wp\/v2\/tags?post=2200"}],"curies":[{"name":"wp","href":"https:\/\/api.w.org\/{rel}","templated":true}]}}