{"id":2209,"date":"2024-09-03T01:38:11","date_gmt":"2024-09-03T01:38:11","guid":{"rendered":"https:\/\/deportodos.com.ar\/2023\/?p=2209"},"modified":"2024-09-03T01:38:12","modified_gmt":"2024-09-03T01:38:12","slug":"santiago-micheloud-encabezo-la-carrera-homenaje-en-la-kantera-de-colonia-ensayo","status":"publish","type":"post","link":"https:\/\/deportodos.com.ar\/2023\/santiago-micheloud-encabezo-la-carrera-homenaje-en-la-kantera-de-colonia-ensayo\/","title":{"rendered":"SANTIAGO MICHELOUD ENCABEZ\u00d3 LA CARRERA HOMENAJE EN \u201cLA KANTERA\u201d DE COLONIA ENSAYO"},"content":{"rendered":"\n<p>El pasado fin de semana se corri\u00f3 la anunciada Fecha del Enduro \u00a8Entre Rios y Barrancas \u00a8 con el prop\u00f3sito de homenajear a Germ\u00e1n Calvi que perdi\u00f3 la vida tiempo atr\u00e1s en un accidente de tr\u00e1nsito en las cercan\u00edas de su ciudad de Galvez, pero que tambi\u00e9n result\u00f3 propicia la oportunidad para recordar a otro gran protagonista del Enduro Extremo con muchas participaciones en nuestra Provincia una verdadera leyenda de las motos como es C\u00e9sar de Messa de San Francisco (Cba) a dos d\u00edas de cumplirse el primer aniversario de su fallecimiento. Los premios que se entregaron a los integrantes de los podios llevaron el reconocimiento y homenaje a \u00e9stos dos grande cultores del Enduro Germ\u00e1n Calvi y C\u00e9sar Messa . Con casi 70 competidores se puso en marcha la jornada deportiva donde Santiago Micheloud se destac\u00f3 como el mas r\u00e1pido a la hora de completar las 6 vueltas de la categor\u00edas principales . El oriundo de Paran\u00e1 resulto ser el ganador de la general y de su categor\u00eda Seniors Open, en tanto en la Seniors \u00a8B\u00a8 se impuso el piloto representante del circuito \u00a8La Kantera\u00a8 Cristian Bournissent. La Categor\u00eda Juniors Open tuvo como ganador al joven Marco Gambaro de Paran\u00e1 . En Masters \u201cA\u201d se impuso otro Paranaense Gonzalo Betancourt , en Master \u00a8B\u00a8 Diego Capri de Pilar (Santa F\u00e9)se llev\u00f3 la victoria . En masters C el triunfo quedo para el piloto de Pilar Mariano Mansilla . En calle hasta 300 se impuso el representante de Caseros Fernando Ballardini , en Enduro Calle Mayores con buen parque de competidores logr\u00f3 destacarse Carlos Cinquini de Villa Hernandarias y en la Promocional Franco Bargiano de Santa F\u00e9. En tanto entre las damas la representante de Gualeguay Pilar Bellotto resulto la ganadora. Con un circuito que estuvo en buenas condiciones, exigente, entretenido con muchas variantes en cuanto al piso y donde fueron pocos los que pudieron bajar los 15 minutos la vuelta , ayudado por la lluvia que reg\u00f3 el trazado entre viernes y s\u00e1bado. Finalizado el evento se realiz\u00f3 la emotiva entrega de premios y distinciones a los participantes, muchos de \u00e9stos pidiendo de manera expl\u00edcita que APEMA le d\u00e9 continuidad al Enduro Extremo, algo que ser\u00e1 evaluado por parte de la Fiscalizadora.<br>ENDURO EXTREMO \u2013 PREMIO GERM\u00c1N CALVI \u2013C\u00c9SAR MESSA \u2013 1 DE SEPTIEMBRE 2024-<br>CIRCUITO \u201cLa Kantera \u201c \u2013COLONIA ENSAYO \u2013Dpto. Diamante- Organiz\u00f3: RH Producciones y Familia Roskoff \u2013 Fiscaliz\u00f3: APEMA \u2013 Auspiciaron; Comuna de Colonia Ensayo &#8211; Etiketten &#8211;<br>Paran\u00e1 Moto- Guinsel Rectificaciones \u2013 Moto Urbana &#8211; TTONU TYRES de Tom\u00e1s Tonutti \u2013 Optica Oro Verde \u2013Cobertura M\u00e9dica Deportiva \u2013 R\u00edo Uruguay Seguros \u2013 Colaboraci\u00f3n Polic\u00eda de Entre R\u00edos.-<\/p>\n\n\n\n<p>CAT. SENIORS OPEN<br>1\u00b0- Santiago Micheloud \u2013 Paran\u00e1 \u2013 Yz 125<br>2\u00b0- Diego Guionet \u2013 Colon \u2013 KTM 350<br>3\u00b0 &#8211; Matias Felippa \u2013 Esperanza \u2013 Kayo 250<\/p>\n\n\n\n<p>CAT. SENIOR \u00a8B\u00a8<br>1\u00b0- Cristian Bournissent- Aldea Salto \u2013 KXF 450<br>2\u00b0- Sebasti\u00e1n Sarniotti \u2013 Mar\u00eda Juana \u2013 CR 250<br>3\u00b0- Agust\u00edn Alfonzo \u2013 C. del Uruguay \u2013 Tornado 250<br>4\u00b0- Iv\u00e1n Perron \u2013 Caseros \u2013 Beta 300<br>CAT . JUNIORS OPEN<br>1\u00b0- Marco Gambaro \u2013 Paran\u00e1 \u2013 Gas Gas 85<br>2\u00b0- Franco Bargiano \u2013 Santa F\u00e9 \u2013 Beta 200<br>3\u00b0- Flavio Godoy \u2013 Gualeguay \u2013 Tornado 250<br>4\u00b0- Martin Calvi \u2013 Galvez \u2013 KTM 250<br>5\u00b0- Nicol\u00e1s Yuskowich \u2013 Paran\u00e1 \u2013 Tornado 250<br>6\u00b0- Ramiro Schon \u2013 Gualeguay \u2013 Tornado 250<\/p>\n\n\n\n<p>CAT . MASTERS \u00a8A\u00a8<br>1\u00b0- Gonzalo Bentancourt \u2013 Paran\u00e1 \u2013 Beta 500<br>2\u00b0- Santiago Huber \u2013 Galvez \u2013 Husqvarna 300<br>3\u00b0- Gonzalo Roldan \u2013 Macia- KTM 300<br>4\u00b0- Leonel Grassi \u2013 Galvez \u2013 Beta 350<br>5\u00b0- Osvaldo P\u00e9rez \u2013 R. del Tala \u2013 XMM 250<br>6\u00b0- Cristian Hildebrandt \u2013 Durazno \u2013 KDX 200<\/p>\n\n\n\n<p>CAT. MASTERS \u00a8B\u00a8<br>1\u00b0- Diego Capri \u2013 Pilar (Santa F\u00e9 ) \u2013 Beta 300<br>2\u00b0- Heber Bordet \u2013 C. del Uruguay \u2013 Gas Gas 250<br>3\u00b0- Javier Aduco- Herrera- Husqvarna 300<br>4\u00b0- Eduardo Vacirca \u2013 Santa F\u00e9 \u2013 Sherco 300<br>5\u00b0- Silvio Poggio \u2013 C. del Uruguay &#8211; Beta 350<br>6\u00b0- Osvaldo Romero \u2013 Paran\u00e1 \u2013 Sherco 300<br>7\u00b0- Javier Bettarel \u2013 Gualeguay \u2013 Husqvarna 300<br>8\u00b0- Mariano Perrig \u2013 Paran\u00e1 \u2013 Beta 430<br>9\u00b0- Carlos Cinquini \u2013 Hernandarias \u2013 RVM 250<br>10\u00b0- Gustavo Almada \u2013 Rosario \u2013 CRF 230<br>11\u00b0- Alejandro Gadea- Federal \u2013 RVM 250<br>12\u00b0- Adri\u00e1n Gonz\u00e1lez \u2013 Rosario- Kayo 250<br>13\u00b0- Marcelo Paoltroni \u2013 G\u00e1lvez \u2013Husqvarna 250<\/p>\n\n\n\n<p>MASTERS \u00a8C\u00a8<br>1\u00b0- Mariano Mansilla- Pilar ( Santa F\u00e9) \u2013 Husqvarna 300<br>2\u00b0- Carlos Silvestre \u2013 Paran\u00e1 \u2013 Husqvarna 350<br>3\u00b0- Gustavo Guinsel \u2013 Paran\u00e1 \u2013 KXF 450<br>4\u00b0- Adri\u00e1n Cardozo- G\u00e1lvez (S. F\u00e9) \u2013 Husqvarna 350<br>5\u00b0- Esteban Yuskowich- Paran\u00e1 \u2013 KXF 450<br>6\u00b0- Javier Rolon \u2013 San Lorenzo \u2013 CRF 250<br>7\u00b0- Eladio Felippa- Esperanza &#8211; TRX 250<br>8\u00b0- Alfredo Bignotti \u2013 Concordia \u2013 TTR 230<br>N\/C \u2013 Marcelo Sanfilippo \u2013 Paran\u00e1 \u2013 KDX 200<\/p>\n\n\n\n<p>CAT. PROMOCIONAL<br>1\u00b0- Franco Bargiano \u2013 Santa F\u00e9 \u2013 Beta 200<br>2\u00b0 &#8211; Marco Gambaro \u2013 Paran\u00e1 \u2013 Gas Gas 85<br>3\u00b0- Mariano Perrig \u2013 Paran\u00e1 \u2013 Beta 350<br>4\u00b0- Luciano Viglietti \u2013 San Carlos Centro \u2013 Husqvarna 250<br>5\u00b0- Germ\u00e1n Mart\u00ednez \u2013 Paran\u00e1- KDX 200<br>6\u00b0- Emiliano Faugel \u2013 G\u00e1lvez \u2013 Beta 200<br>7\u00b0- Mat\u00edas Santilli \u2013 G\u00e1lvez \u2013 KTM 350<br>8\u00b0- Adri\u00e1n Ponce \u2013 G\u00e1lvez \u2013 KTM 300<br>9\u00b0- Agust\u00edn Ram\u00edrez \u2013 Oro Verde- CRF 450<\/p>\n\n\n\n<p>CAT. CALLE HASTA 300cc<br>1\u00b0- Fernando Ballardini \u2013 Caseros \u2013 Tornado 250<br>2\u00b0- Ramiro Schon \u2013 Gualeguay \u2013 Tornado 250<br>3\u00b0- Bautista Maurino \u2013 San G. del Sauce (S.F\u00e9) \u2013 Tornado 250<br>4\u00b0- Carlos Brusco- G\u00e1lvez \u2013 Tornado 250<br>5\u00b0- Ignacio Acosta &#8211; Paran\u00e1- Tornado 250<br>6\u00b0- \u00c1ngel Contreras- Timbues ( S. F\u00e9) \u2013 Tornado 250<br>7\u00b0- Osvaldo P\u00e9rez \u2013 R. del Tala \u2013 XMM 250<br>8\u00b0- Julio Escalante \u2013 La Plata &#8211; Tornado 250<br>9\u00b0- Tomas Tonutti \u2013 Oro Verde \u2013 DT 175<br>10\u00b0- Flavio Godoy \u2013 Gualeguay- Guerrero 200<br>N\/C- Agust\u00edn Alfonso \u2013 C. del Uruguay \u2013 Tornado 250<\/p>\n\n\n\n<p>CAT. CALLE MAYORES + 45 A\u00d1OS<br>1\u00b0- Carlos Cinquini \u2013 Hernandarias \u2013 RVM 250<br>2\u00b0- Flavio Crespo \u2013 Gualeguay- Tornado 250<br>3\u00b0- Javier Chuard -Esperanza (S. F\u00e9) &#8211; KLX 250<br>4\u00b0- Martin Rubiolo \u2013 San Francisco- CRF 230<br>5\u00b0- Fernando Gerosa- Santa F\u00e9- Tornado 250<br>6\u00b0- Eladio Felippa- Esperanza &#8211; TRX 250<br>7\u00b0- Martin Fassano \u2013 Gdor. Etchevere \u2013 Tornado 250<br>8\u00b0- Rodrigo Perez \u2013 R. del Tala \u2013 Tornado 250<br>9\u00b0- Daniel M\u00fcller \u2013 Emp. San Carlos \u2013 RVM 250<br>10\u00b0- Cesar De Brackeler \u2013 La Plata \u2013 CRF 230<br>11\u00b0- Walter S\u00e1nchez- Paran\u00e1- Tornado 250<br>12\u00b0- Fernando Villagra- Paran\u00e1 \u2013 Tornado 250<br>13\u00b0- Hern\u00e1n Roberti \u2013 Santa F\u00e9 \u2013 CRF 230<br>N\/C- Ram\u00f3n Bianni \u2013 Paran\u00e1 \u2013 XLX 250<\/p>\n\n\n\n<p>CAT. DAMAS<br>1\u00b0- Mar\u00eda Pilar Belloto \u2013 Gualeguay \u2013 XTZ 125<\/p>\n","protected":false},"excerpt":{"rendered":"<p>El pasado fin de semana se corri\u00f3 la anunciada Fecha del Enduro \u00a8Entre Rios y&#8230;<\/p>\n","protected":false},"author":2,"featured_media":2210,"comment_status":"open","ping_status":"open","sticky":false,"template":"","format":"standard","meta":{"footnotes":""},"categories":[20],"tags":[],"class_list":["post-2209","post","type-post","status-publish","format-standard","has-post-thumbnail","hentry","category-enduro"],"featured_image_urls":{"full":["https:\/\/deportodos.com.ar\/2023\/wp-content\/uploads\/2024\/09\/IMG-20240902-WA0116.jpg",576,873,false],"thumbnail":["https:\/\/deportodos.com.ar\/2023\/wp-content\/uploads\/2024\/09\/IMG-20240902-WA0116-150x150.jpg",150,150,true],"medium":["https:\/\/deportodos.com.ar\/2023\/wp-content\/uploads\/2024\/09\/IMG-20240902-WA0116-198x300.jpg",198,300,true],"medium_large":["https:\/\/deportodos.com.ar\/2023\/wp-content\/uploads\/2024\/09\/IMG-20240902-WA0116.jpg",576,873,false],"large":["https:\/\/deportodos.com.ar\/2023\/wp-content\/uploads\/2024\/09\/IMG-20240902-WA0116.jpg",576,873,false],"1536x1536":["https:\/\/deportodos.com.ar\/2023\/wp-content\/uploads\/2024\/09\/IMG-20240902-WA0116.jpg",576,873,false],"2048x2048":["https:\/\/deportodos.com.ar\/2023\/wp-content\/uploads\/2024\/09\/IMG-20240902-WA0116.jpg",576,873,false],"covernews-featured":["https:\/\/deportodos.com.ar\/2023\/wp-content\/uploads\/2024\/09\/IMG-20240902-WA0116.jpg",576,873,false],"covernews-medium":["https:\/\/deportodos.com.ar\/2023\/wp-content\/uploads\/2024\/09\/IMG-20240902-WA0116-540x340.jpg",540,340,true]},"author_info":{"display_name":"c2530142","author_link":"https:\/\/deportodos.com.ar\/2023\/author\/c2530142\/"},"category_info":"<a href=\"https:\/\/deportodos.com.ar\/2023\/category\/enduro\/\" rel=\"category tag\">Enduro<\/a>","tag_info":"Enduro","comment_count":"0","_links":{"self":[{"href":"https:\/\/deportodos.com.ar\/2023\/wp-json\/wp\/v2\/posts\/2209","targetHints":{"allow":["GET"]}}],"collection":[{"href":"https:\/\/deportodos.com.ar\/2023\/wp-json\/wp\/v2\/posts"}],"about":[{"href":"https:\/\/deportodos.com.ar\/2023\/wp-json\/wp\/v2\/types\/post"}],"author":[{"embeddable":true,"href":"https:\/\/deportodos.com.ar\/2023\/wp-json\/wp\/v2\/users\/2"}],"replies":[{"embeddable":true,"href":"https:\/\/deportodos.com.ar\/2023\/wp-json\/wp\/v2\/comments?post=2209"}],"version-history":[{"count":1,"href":"https:\/\/deportodos.com.ar\/2023\/wp-json\/wp\/v2\/posts\/2209\/revisions"}],"predecessor-version":[{"id":2211,"href":"https:\/\/deportodos.com.ar\/2023\/wp-json\/wp\/v2\/posts\/2209\/revisions\/2211"}],"wp:featuredmedia":[{"embeddable":true,"href":"https:\/\/deportodos.com.ar\/2023\/wp-json\/wp\/v2\/media\/2210"}],"wp:attachment":[{"href":"https:\/\/deportodos.com.ar\/2023\/wp-json\/wp\/v2\/media?parent=2209"}],"wp:term":[{"taxonomy":"category","embeddable":true,"href":"https:\/\/deportodos.com.ar\/2023\/wp-json\/wp\/v2\/categories?post=2209"},{"taxonomy":"post_tag","embeddable":true,"href":"https:\/\/deportodos.com.ar\/2023\/wp-json\/wp\/v2\/tags?post=2209"}],"curies":[{"name":"wp","href":"https:\/\/api.w.org\/{rel}","templated":true}]}}