{"id":2216,"date":"2024-09-05T15:22:23","date_gmt":"2024-09-05T15:22:23","guid":{"rendered":"https:\/\/deportodos.com.ar\/2023\/?p=2216"},"modified":"2024-09-05T15:22:24","modified_gmt":"2024-09-05T15:22:24","slug":"se-corre-en-federal-la-quinta-fecha-del-duatlon-jeep","status":"publish","type":"post","link":"https:\/\/deportodos.com.ar\/2023\/se-corre-en-federal-la-quinta-fecha-del-duatlon-jeep\/","title":{"rendered":"SE CORRE EN FEDERAL LA QUINTA FECHA DEL DUATLON JEEP"},"content":{"rendered":"\n<p>Con gran expectativa se prepara Federal para recibir por tercera vez al Circuito Provincial de Duatl\u00f3n \u00abJeep\u00bb que estar\u00e1 disputando este domingo desde las 10.30 hs. la quinta fecha de este apasionante certamen que de a poco est\u00e1 entrando en su etapa de definiciones.<\/p>\n\n\n\n<p>Ell epicentro de la prueba ser\u00e1 en la plaza Eva Per\u00f3n y la organizaci\u00f3n estar\u00e1 a cargo de la Direcci\u00f3n de Deportes de la Municipalidad de Federal y contar\u00e1 con la fiscalizaci\u00f3n de la Asociaci\u00f3n Concordiense de Purebas Combinadas, organizadora de este circuito.<\/p>\n\n\n\n<p>Desde las 10.30 hs. se pondr\u00e1 en marcha la carrera de los mayores, juveniles y postas, con un campeonato que se presenta apasionante en su definici\u00f3n, no s\u00f3lo en la general de varones y damas sino tambi\u00e9n en varias categor\u00edas.<\/p>\n\n\n\n<p>La distancia de esta fecha ser\u00e1 sprint (5k-20k-2.5k) y presenta la particularidad de que ser\u00e1 la primera prueba del campeonato donde no se estar\u00e1 permitido rodar en pelot\u00f3n, es decir ser\u00e1 una carrera sin drafting.<\/p>\n\n\n\n<p>Las inscripciones se vienen registrando en la web:&nbsp;<a href=\"http:\/\/www.encarrera.com.ar\/duatlon\" rel=\"noreferrer noopener\" target=\"_blank\">www.encarrera.com.ar\/duatlon<\/a>,&nbsp;&nbsp;recordando que para los concordienses como ya es habitual se los inscribir\u00e1 presencialmente en forma anticipada este viernes de 20 a 21 hs. en Lauria Rodados (E. Rios 770), d\u00eda en que tambi\u00e9n cierra la misma por la web.PRENSA&nbsp; A.C.P.C.<\/p>\n","protected":false},"excerpt":{"rendered":"<p>Con gran expectativa se prepara Federal para recibir por tercera vez al Circuito Provincial de&#8230;<\/p>\n","protected":false},"author":2,"featured_media":2217,"comment_status":"open","ping_status":"open","sticky":false,"template":"","format":"standard","meta":{"footnotes":""},"categories":[18],"tags":[],"class_list":["post-2216","post","type-post","status-publish","format-standard","has-post-thumbnail","hentry","category-duatlon"],"featured_image_urls":{"full":["https:\/\/deportodos.com.ar\/2023\/wp-content\/uploads\/2024\/09\/FLY-2-MUNI-FEDERAL.jpg",720,720,false],"thumbnail":["https:\/\/deportodos.com.ar\/2023\/wp-content\/uploads\/2024\/09\/FLY-2-MUNI-FEDERAL-150x150.jpg",150,150,true],"medium":["https:\/\/deportodos.com.ar\/2023\/wp-content\/uploads\/2024\/09\/FLY-2-MUNI-FEDERAL-300x300.jpg",300,300,true],"medium_large":["https:\/\/deportodos.com.ar\/2023\/wp-content\/uploads\/2024\/09\/FLY-2-MUNI-FEDERAL.jpg",640,640,false],"large":["https:\/\/deportodos.com.ar\/2023\/wp-content\/uploads\/2024\/09\/FLY-2-MUNI-FEDERAL.jpg",640,640,false],"1536x1536":["https:\/\/deportodos.com.ar\/2023\/wp-content\/uploads\/2024\/09\/FLY-2-MUNI-FEDERAL.jpg",720,720,false],"2048x2048":["https:\/\/deportodos.com.ar\/2023\/wp-content\/uploads\/2024\/09\/FLY-2-MUNI-FEDERAL.jpg",720,720,false],"covernews-featured":["https:\/\/deportodos.com.ar\/2023\/wp-content\/uploads\/2024\/09\/FLY-2-MUNI-FEDERAL.jpg",720,720,false],"covernews-medium":["https:\/\/deportodos.com.ar\/2023\/wp-content\/uploads\/2024\/09\/FLY-2-MUNI-FEDERAL-540x340.jpg",540,340,true]},"author_info":{"display_name":"c2530142","author_link":"https:\/\/deportodos.com.ar\/2023\/author\/c2530142\/"},"category_info":"<a href=\"https:\/\/deportodos.com.ar\/2023\/category\/duatlon\/\" rel=\"category tag\">Duatlon<\/a>","tag_info":"Duatlon","comment_count":"0","_links":{"self":[{"href":"https:\/\/deportodos.com.ar\/2023\/wp-json\/wp\/v2\/posts\/2216","targetHints":{"allow":["GET"]}}],"collection":[{"href":"https:\/\/deportodos.com.ar\/2023\/wp-json\/wp\/v2\/posts"}],"about":[{"href":"https:\/\/deportodos.com.ar\/2023\/wp-json\/wp\/v2\/types\/post"}],"author":[{"embeddable":true,"href":"https:\/\/deportodos.com.ar\/2023\/wp-json\/wp\/v2\/users\/2"}],"replies":[{"embeddable":true,"href":"https:\/\/deportodos.com.ar\/2023\/wp-json\/wp\/v2\/comments?post=2216"}],"version-history":[{"count":1,"href":"https:\/\/deportodos.com.ar\/2023\/wp-json\/wp\/v2\/posts\/2216\/revisions"}],"predecessor-version":[{"id":2218,"href":"https:\/\/deportodos.com.ar\/2023\/wp-json\/wp\/v2\/posts\/2216\/revisions\/2218"}],"wp:featuredmedia":[{"embeddable":true,"href":"https:\/\/deportodos.com.ar\/2023\/wp-json\/wp\/v2\/media\/2217"}],"wp:attachment":[{"href":"https:\/\/deportodos.com.ar\/2023\/wp-json\/wp\/v2\/media?parent=2216"}],"wp:term":[{"taxonomy":"category","embeddable":true,"href":"https:\/\/deportodos.com.ar\/2023\/wp-json\/wp\/v2\/categories?post=2216"},{"taxonomy":"post_tag","embeddable":true,"href":"https:\/\/deportodos.com.ar\/2023\/wp-json\/wp\/v2\/tags?post=2216"}],"curies":[{"name":"wp","href":"https:\/\/api.w.org\/{rel}","templated":true}]}}