{"id":2219,"date":"2024-09-05T15:24:43","date_gmt":"2024-09-05T15:24:43","guid":{"rendered":"https:\/\/deportodos.com.ar\/2023\/?p=2219"},"modified":"2024-09-05T15:24:52","modified_gmt":"2024-09-05T15:24:52","slug":"6ta-fecya-del-endurocross-en-la-criolla","status":"publish","type":"post","link":"https:\/\/deportodos.com.ar\/2023\/6ta-fecya-del-endurocross-en-la-criolla\/","title":{"rendered":"6TA FECHA DEL ENDUROCROSS EN LA CRIOLLA"},"content":{"rendered":"\n<p>\u00a0La 6ta Fecha del Certamen Entrerriano de Endurocross se disputar\u00e1 los d\u00edas 07 y 08 de Septiembre, en el circuito \u00a8La Calecita\u00a8 en\u00a0\u00a0la Criolla Entre Rios . Un\u00a0\u00a0escenario con muy buen piso , el cual cuenta con saltos de todo tipo, piso arenoso, y adem\u00e1s de otras\u00a0\u00a0alternativas propias del terreno.<\/p>\n\n\n\n<p>El d\u00eda s\u00e1bado 07.09 la actividad ser\u00e1 para reconocimiento &nbsp;del circuito a marcha moderada en el horario de 14.30&nbsp;&nbsp;a 16.30 previa inscripci\u00f3n.-&nbsp;&nbsp;El Domingo 08.09 inscripciones a partir de las 8 hs . Participar\u00e1n del espect\u00e1culo todas&nbsp;las Categor\u00edas de Motos: Seniors Open \u00abA\u00bb y \u00abB\u00bb-&nbsp; Expertos \u00abA\u00bb &#8211;&nbsp;&nbsp;Expertos 125 cc- Expertos \u00abC\u00bb \u2013 Master A, B y C&nbsp;&nbsp;&#8211; Juniors Open-Juniors Limitada &#8211; Principiantes &#8211; Enduro Calle-&nbsp;.Juvenil 85cc<\/p>\n\n\n\n<p>Categor\u00eda Mini Cross ( exhibici\u00f3n)<\/p>\n\n\n\n<p>PROGRAMACI\u00d3N Y HORARIOS:<\/p>\n\n\n\n<p>&nbsp;S\u00e1bado 07 -09:&nbsp;<\/p>\n\n\n\n<p>12,00hs : apertura de inscripci\u00f3n.<\/p>\n\n\n\n<p>14.30 a&nbsp; 16,3o Hs. Entrenamientos Motos.<\/p>\n\n\n\n<p>DOMINGO 08 -09<\/p>\n\n\n\n<p>8:00Hs Inscripciones&nbsp;&nbsp;<\/p>\n\n\n\n<p>9,30 a 10,30 hs. Entrenamientos por tandas para todas las Cat. .-<\/p>\n\n\n\n<p>11,00 Hs: Mangas para todas las categor\u00edas.-<\/p>\n\n\n\n<p>16,3oo hs. Podio y entrega de Premios.-<\/p>\n","protected":false},"excerpt":{"rendered":"<p>\u00a0La 6ta Fecha del Certamen Entrerriano de Endurocross se disputar\u00e1 los d\u00edas 07 y 08&#8230;<\/p>\n","protected":false},"author":2,"featured_media":2220,"comment_status":"open","ping_status":"open","sticky":false,"template":"","format":"standard","meta":{"footnotes":""},"categories":[20],"tags":[],"class_list":["post-2219","post","type-post","status-publish","format-standard","has-post-thumbnail","hentry","category-enduro"],"featured_image_urls":{"full":["https:\/\/deportodos.com.ar\/2023\/wp-content\/uploads\/2024\/09\/305023184_645230946813339_4003322449446076731_n.jpg",1772,1181,false],"thumbnail":["https:\/\/deportodos.com.ar\/2023\/wp-content\/uploads\/2024\/09\/305023184_645230946813339_4003322449446076731_n-150x150.jpg",150,150,true],"medium":["https:\/\/deportodos.com.ar\/2023\/wp-content\/uploads\/2024\/09\/305023184_645230946813339_4003322449446076731_n-300x200.jpg",300,200,true],"medium_large":["https:\/\/deportodos.com.ar\/2023\/wp-content\/uploads\/2024\/09\/305023184_645230946813339_4003322449446076731_n-768x512.jpg",640,427,true],"large":["https:\/\/deportodos.com.ar\/2023\/wp-content\/uploads\/2024\/09\/305023184_645230946813339_4003322449446076731_n-1024x682.jpg",640,426,true],"1536x1536":["https:\/\/deportodos.com.ar\/2023\/wp-content\/uploads\/2024\/09\/305023184_645230946813339_4003322449446076731_n-1536x1024.jpg",1536,1024,true],"2048x2048":["https:\/\/deportodos.com.ar\/2023\/wp-content\/uploads\/2024\/09\/305023184_645230946813339_4003322449446076731_n.jpg",1772,1181,false],"covernews-featured":["https:\/\/deportodos.com.ar\/2023\/wp-content\/uploads\/2024\/09\/305023184_645230946813339_4003322449446076731_n-1024x682.jpg",1024,682,true],"covernews-medium":["https:\/\/deportodos.com.ar\/2023\/wp-content\/uploads\/2024\/09\/305023184_645230946813339_4003322449446076731_n-540x340.jpg",540,340,true]},"author_info":{"display_name":"c2530142","author_link":"https:\/\/deportodos.com.ar\/2023\/author\/c2530142\/"},"category_info":"<a href=\"https:\/\/deportodos.com.ar\/2023\/category\/enduro\/\" rel=\"category tag\">Enduro<\/a>","tag_info":"Enduro","comment_count":"0","_links":{"self":[{"href":"https:\/\/deportodos.com.ar\/2023\/wp-json\/wp\/v2\/posts\/2219","targetHints":{"allow":["GET"]}}],"collection":[{"href":"https:\/\/deportodos.com.ar\/2023\/wp-json\/wp\/v2\/posts"}],"about":[{"href":"https:\/\/deportodos.com.ar\/2023\/wp-json\/wp\/v2\/types\/post"}],"author":[{"embeddable":true,"href":"https:\/\/deportodos.com.ar\/2023\/wp-json\/wp\/v2\/users\/2"}],"replies":[{"embeddable":true,"href":"https:\/\/deportodos.com.ar\/2023\/wp-json\/wp\/v2\/comments?post=2219"}],"version-history":[{"count":2,"href":"https:\/\/deportodos.com.ar\/2023\/wp-json\/wp\/v2\/posts\/2219\/revisions"}],"predecessor-version":[{"id":2222,"href":"https:\/\/deportodos.com.ar\/2023\/wp-json\/wp\/v2\/posts\/2219\/revisions\/2222"}],"wp:featuredmedia":[{"embeddable":true,"href":"https:\/\/deportodos.com.ar\/2023\/wp-json\/wp\/v2\/media\/2220"}],"wp:attachment":[{"href":"https:\/\/deportodos.com.ar\/2023\/wp-json\/wp\/v2\/media?parent=2219"}],"wp:term":[{"taxonomy":"category","embeddable":true,"href":"https:\/\/deportodos.com.ar\/2023\/wp-json\/wp\/v2\/categories?post=2219"},{"taxonomy":"post_tag","embeddable":true,"href":"https:\/\/deportodos.com.ar\/2023\/wp-json\/wp\/v2\/tags?post=2219"}],"curies":[{"name":"wp","href":"https:\/\/api.w.org\/{rel}","templated":true}]}}