{"id":2223,"date":"2024-09-05T16:35:30","date_gmt":"2024-09-05T16:35:30","guid":{"rendered":"https:\/\/deportodos.com.ar\/2023\/?p=2223"},"modified":"2024-09-05T16:35:32","modified_gmt":"2024-09-05T16:35:32","slug":"asi-sera-la-quinta","status":"publish","type":"post","link":"https:\/\/deportodos.com.ar\/2023\/asi-sera-la-quinta\/","title":{"rendered":"ASI SERA LA QUINTA"},"content":{"rendered":"\n<p>El Rally Entrerriano RUS se prepara para vivir el capitulo numero 5 los d\u00edas 6, 7 y 8 de septiembre, una carrera que presenta tramos conocidos en Nogoya y la inc\u00f3gnita de que encontraremos en los caminos de Lucas Gonz\u00e1lez.<\/p>\n\n\n\n<p>Empezaron a llegar los primeros Equipos al Parque de Servicios que estar\u00e1 ubicado en el Polideportivo de Nogoya, donde tambi\u00e9n funcionara la Direcci\u00f3n de la Prueba, el viernes 7 a las 11hs arranca la Administrativa y a las 12:30hs la T\u00e9cnica Previa, desde las 13hs se recorrer\u00e1 parte de los tramos, en tanto que el s\u00e1bado por la ma\u00f1ana se completara el Reconocimiento, continuando con el viernes a las 16:30hs los autos de competici\u00f3n tomaran contacto por primera vez con los caminos en el Shakedown, que ser\u00e1 en la zona de La Rural, culminando la jornada con la Largada Promocional a las 20hs frente al Palacio Municipal de Nogoya.<\/p>\n\n\n\n<p>El s\u00e1bado la carrera arranca en Lucas Gonz\u00e1lez con la PE Polideportivo-Jockey Club de 10,58km a las 11:25hs, luego de un enlace de 32km &nbsp;correr\u00e1n en Nogoya a las 12:23hs La Rural-Don Mart\u00ednez de 12,54km, culminada la segunda prueba los autos har\u00e1n asistencia y se repetir\u00e1 el rulo a las 12:56hs en Polideportivo y 15:54hs La Rural, completando 46,24km cronometrados en la Primera Etapa; el domingo ser\u00e1n tambi\u00e9n cuatro Pruebas Especiales arrancando a las 9:43hs en La Rural-Don Mart\u00ednez que se repite a las 12:19hs y que se alternara con la PE Las Moras-Nogoya de 14,51km que se corre a las 10:16hs y a las 12:52hs, esta \u00faltima como Power Stage, siento 100.34km los cronometrados que tendr\u00e1 esa quinta fecha de la temporada.<\/p>\n\n\n\n<blockquote class=\"wp-block-quote is-layout-flow wp-block-quote-is-layout-flow\">\n<p>www.rallyentrerriano.com<\/p>\n<\/blockquote>\n","protected":false},"excerpt":{"rendered":"<p>El Rally Entrerriano RUS se prepara para vivir el capitulo numero 5 los d\u00edas 6,&#8230;<\/p>\n","protected":false},"author":2,"featured_media":2225,"comment_status":"open","ping_status":"open","sticky":false,"template":"","format":"standard","meta":{"footnotes":""},"categories":[6],"tags":[],"class_list":["post-2223","post","type-post","status-publish","format-standard","has-post-thumbnail","hentry","category-automovilismo"],"featured_image_urls":{"full":["https:\/\/deportodos.com.ar\/2023\/wp-content\/uploads\/2024\/09\/Chapa-Nog-Luc.jpg",374,204,false],"thumbnail":["https:\/\/deportodos.com.ar\/2023\/wp-content\/uploads\/2024\/09\/Chapa-Nog-Luc-150x150.jpg",150,150,true],"medium":["https:\/\/deportodos.com.ar\/2023\/wp-content\/uploads\/2024\/09\/Chapa-Nog-Luc-300x164.jpg",300,164,true],"medium_large":["https:\/\/deportodos.com.ar\/2023\/wp-content\/uploads\/2024\/09\/Chapa-Nog-Luc.jpg",374,204,false],"large":["https:\/\/deportodos.com.ar\/2023\/wp-content\/uploads\/2024\/09\/Chapa-Nog-Luc.jpg",374,204,false],"1536x1536":["https:\/\/deportodos.com.ar\/2023\/wp-content\/uploads\/2024\/09\/Chapa-Nog-Luc.jpg",374,204,false],"2048x2048":["https:\/\/deportodos.com.ar\/2023\/wp-content\/uploads\/2024\/09\/Chapa-Nog-Luc.jpg",374,204,false],"covernews-featured":["https:\/\/deportodos.com.ar\/2023\/wp-content\/uploads\/2024\/09\/Chapa-Nog-Luc.jpg",374,204,false],"covernews-medium":["https:\/\/deportodos.com.ar\/2023\/wp-content\/uploads\/2024\/09\/Chapa-Nog-Luc.jpg",374,204,false]},"author_info":{"display_name":"c2530142","author_link":"https:\/\/deportodos.com.ar\/2023\/author\/c2530142\/"},"category_info":"<a href=\"https:\/\/deportodos.com.ar\/2023\/category\/automovilismo\/\" rel=\"category tag\">Automovilismo<\/a>","tag_info":"Automovilismo","comment_count":"0","_links":{"self":[{"href":"https:\/\/deportodos.com.ar\/2023\/wp-json\/wp\/v2\/posts\/2223","targetHints":{"allow":["GET"]}}],"collection":[{"href":"https:\/\/deportodos.com.ar\/2023\/wp-json\/wp\/v2\/posts"}],"about":[{"href":"https:\/\/deportodos.com.ar\/2023\/wp-json\/wp\/v2\/types\/post"}],"author":[{"embeddable":true,"href":"https:\/\/deportodos.com.ar\/2023\/wp-json\/wp\/v2\/users\/2"}],"replies":[{"embeddable":true,"href":"https:\/\/deportodos.com.ar\/2023\/wp-json\/wp\/v2\/comments?post=2223"}],"version-history":[{"count":1,"href":"https:\/\/deportodos.com.ar\/2023\/wp-json\/wp\/v2\/posts\/2223\/revisions"}],"predecessor-version":[{"id":2226,"href":"https:\/\/deportodos.com.ar\/2023\/wp-json\/wp\/v2\/posts\/2223\/revisions\/2226"}],"wp:featuredmedia":[{"embeddable":true,"href":"https:\/\/deportodos.com.ar\/2023\/wp-json\/wp\/v2\/media\/2225"}],"wp:attachment":[{"href":"https:\/\/deportodos.com.ar\/2023\/wp-json\/wp\/v2\/media?parent=2223"}],"wp:term":[{"taxonomy":"category","embeddable":true,"href":"https:\/\/deportodos.com.ar\/2023\/wp-json\/wp\/v2\/categories?post=2223"},{"taxonomy":"post_tag","embeddable":true,"href":"https:\/\/deportodos.com.ar\/2023\/wp-json\/wp\/v2\/tags?post=2223"}],"curies":[{"name":"wp","href":"https:\/\/api.w.org\/{rel}","templated":true}]}}