{"id":2227,"date":"2024-09-05T20:37:23","date_gmt":"2024-09-05T20:37:23","guid":{"rendered":"https:\/\/deportodos.com.ar\/2023\/?p=2227"},"modified":"2024-09-05T20:37:24","modified_gmt":"2024-09-05T20:37:24","slug":"las-primeras-pruebas-del-tn200","status":"publish","type":"post","link":"https:\/\/deportodos.com.ar\/2023\/las-primeras-pruebas-del-tn200\/","title":{"rendered":"LAS PRIMERAS PRUEBAS DEL TN200"},"content":{"rendered":"\n<p><strong>Durante la jornada de hoy, un total de 27 veh\u00edculos realizaron pruebas en el Aut\u00f3dromo Oscar y Juan G\u00e1lvez (Buenos Aires), donde este fin de semana se disputar\u00e1 la segunda edici\u00f3n de La Carrera de los 200 Pilotos de Turismo Nacional, donde se prev\u00e9 un listado de inscriptos de 95 veh\u00edculos entre ambas clases.<\/strong><br><br>Bajo una jornada soleada clim\u00e1ticamente hablando, un total de diecisiete binomios de Clase 2 completaron ensayos antes del inicio de la actividad oficial, pactada para el viernes 06 de septiembre, con la disputa de los entrenamientos reservados exclusivamente para los pilotos invitados.<br><br>CLASE 2: Realizaron pruebas los binomios&nbsp;<strong>Daniel Costa Sanchez- Gast\u00f3n Mart\u00ednez; Mart\u00edn Mura \u2013 Patricio Pierobon; I\u00f1aki Beitia \u2013Crisp\u00edn Beit\u00eda; Juli\u00e1n Lepphaille \u2013 Joaqu\u00edn Melo; Mart\u00edn Chico \u2013 Braian Quevedo; Marcelo Guevara \u2013 Sebasti\u00e1n Salse; Mauro Salvi \u2013 Christian Becher; Horacio Evolo \u2013 Jonathan Baldinelli; Juan Manuel Damiani \u2013 Lucas Yerobi; Cristian Vaira \u2013 Mat\u00edas Clapier; El\u00edas Battini \u2013 Juan Manuel Benedetti; Alejo Cravero \u2013 Christian Abdala; M\u00e1ximo Donzino \u2013Agust\u00edn Mart\u00ednez; Tom\u00e1s Vitar \u2013 Nicol\u00e1s Palau; Mat\u00edas Menvielle \u2013 Agust\u00edn P\u00e9rez Meler; Sebasti\u00e1n P\u00e9rez \u2013 Juan Ignacio Torres; Facundo Rotondo \u2013 Lucas Bayala.&nbsp;<\/strong>Tambi\u00e9n gir\u00f3<strong>&nbsp;Ignacio Grippo,&nbsp;<\/strong>aunque sin su invitado<strong>, Ignacio Grippo<\/strong>.<br><br>CLASE 3: Llevaron a cabo sus pruebas&nbsp;<strong>Carlos Okulovich \u2013 Juan Pablo Rossotti; Sebasti\u00e1n G\u00f3mez \u2013 Marcos Landa; Renzo Blotta \u2013 Lucas Valle; Antonino Garc\u00eda \u2013 Ayrton Londero; Adri\u00e1n Percaz \u2013 Christian Bodrato Mionetto; Mat\u00edas Cohen \u2013 Mart\u00edn Basso; Juan Manuel Lorio \u2013 Juan Pablo Pilo; Alejandro Fantoni \u2013 Nicol\u00e1s Gines<\/strong>. Tambi\u00e9n&nbsp;particip\u00f3 de las&nbsp;pruebas&nbsp;<strong>Emiliano Spataro<\/strong>, invitado de&nbsp;<strong>Diego Noceti<\/strong>&nbsp;en esta ocasi\u00f3n.<\/p>\n\n\n\n<p><strong>TIEMPOS DE REFERENCIA \u2013 PROVISTOS POR LOS EQUIPOS<\/strong><br><br><strong>CLASE 2<\/strong><\/p>\n\n\n\n<p><br>1. Julian Lepphaille 1m27s2\/10<br>2. Braian Quevedo 1m27s3\/10<br>3. Cristian Vaira 1m27s3\/10<br>4. Alejo Cravero 1m27s5\/10<br>5. Martin Chico 1m27s5\/10<br>6. Lucas Yerobi 1m27s6\/10<\/p>\n\n\n\n<p><br><strong>CLASE 3<\/strong><br><br>1. Martin Basso 1m24s2\/10<br>2. Antonino Garcia 1m24s3\/10<br>3. Mat\u00edas Cohen 1m24s5\/10<br>4. Carlos Okulovich 1m24s5\/10<br>5. Renzo Blotta 1m24s8\/10<br>6. Lucas Valle 1m25s3\/10<br>7. Juan Pablo Rossotti 1m25s5\/10<\/p>\n","protected":false},"excerpt":{"rendered":"<p>Durante la jornada de hoy, un total de 27 veh\u00edculos realizaron pruebas en el Aut\u00f3dromo&#8230;<\/p>\n","protected":false},"author":2,"featured_media":2228,"comment_status":"open","ping_status":"open","sticky":false,"template":"","format":"standard","meta":{"footnotes":""},"categories":[6],"tags":[],"class_list":["post-2227","post","type-post","status-publish","format-standard","has-post-thumbnail","hentry","category-automovilismo"],"featured_image_urls":{"full":["https:\/\/deportodos.com.ar\/2023\/wp-content\/uploads\/2024\/09\/12013-1700-20240904.jpg",1920,1080,false],"thumbnail":["https:\/\/deportodos.com.ar\/2023\/wp-content\/uploads\/2024\/09\/12013-1700-20240904-150x150.jpg",150,150,true],"medium":["https:\/\/deportodos.com.ar\/2023\/wp-content\/uploads\/2024\/09\/12013-1700-20240904-300x169.jpg",300,169,true],"medium_large":["https:\/\/deportodos.com.ar\/2023\/wp-content\/uploads\/2024\/09\/12013-1700-20240904-768x432.jpg",640,360,true],"large":["https:\/\/deportodos.com.ar\/2023\/wp-content\/uploads\/2024\/09\/12013-1700-20240904-1024x576.jpg",640,360,true],"1536x1536":["https:\/\/deportodos.com.ar\/2023\/wp-content\/uploads\/2024\/09\/12013-1700-20240904-1536x864.jpg",1536,864,true],"2048x2048":["https:\/\/deportodos.com.ar\/2023\/wp-content\/uploads\/2024\/09\/12013-1700-20240904.jpg",1920,1080,false],"covernews-featured":["https:\/\/deportodos.com.ar\/2023\/wp-content\/uploads\/2024\/09\/12013-1700-20240904-1024x576.jpg",1024,576,true],"covernews-medium":["https:\/\/deportodos.com.ar\/2023\/wp-content\/uploads\/2024\/09\/12013-1700-20240904-540x340.jpg",540,340,true]},"author_info":{"display_name":"c2530142","author_link":"https:\/\/deportodos.com.ar\/2023\/author\/c2530142\/"},"category_info":"<a href=\"https:\/\/deportodos.com.ar\/2023\/category\/automovilismo\/\" rel=\"category tag\">Automovilismo<\/a>","tag_info":"Automovilismo","comment_count":"0","_links":{"self":[{"href":"https:\/\/deportodos.com.ar\/2023\/wp-json\/wp\/v2\/posts\/2227","targetHints":{"allow":["GET"]}}],"collection":[{"href":"https:\/\/deportodos.com.ar\/2023\/wp-json\/wp\/v2\/posts"}],"about":[{"href":"https:\/\/deportodos.com.ar\/2023\/wp-json\/wp\/v2\/types\/post"}],"author":[{"embeddable":true,"href":"https:\/\/deportodos.com.ar\/2023\/wp-json\/wp\/v2\/users\/2"}],"replies":[{"embeddable":true,"href":"https:\/\/deportodos.com.ar\/2023\/wp-json\/wp\/v2\/comments?post=2227"}],"version-history":[{"count":1,"href":"https:\/\/deportodos.com.ar\/2023\/wp-json\/wp\/v2\/posts\/2227\/revisions"}],"predecessor-version":[{"id":2229,"href":"https:\/\/deportodos.com.ar\/2023\/wp-json\/wp\/v2\/posts\/2227\/revisions\/2229"}],"wp:featuredmedia":[{"embeddable":true,"href":"https:\/\/deportodos.com.ar\/2023\/wp-json\/wp\/v2\/media\/2228"}],"wp:attachment":[{"href":"https:\/\/deportodos.com.ar\/2023\/wp-json\/wp\/v2\/media?parent=2227"}],"wp:term":[{"taxonomy":"category","embeddable":true,"href":"https:\/\/deportodos.com.ar\/2023\/wp-json\/wp\/v2\/categories?post=2227"},{"taxonomy":"post_tag","embeddable":true,"href":"https:\/\/deportodos.com.ar\/2023\/wp-json\/wp\/v2\/tags?post=2227"}],"curies":[{"name":"wp","href":"https:\/\/api.w.org\/{rel}","templated":true}]}}