{"id":2230,"date":"2024-09-06T23:08:09","date_gmt":"2024-09-06T23:08:09","guid":{"rendered":"https:\/\/deportodos.com.ar\/2023\/?p=2230"},"modified":"2024-09-06T23:08:10","modified_gmt":"2024-09-06T23:08:10","slug":"parana-sera-sede-de-una-fecha-del-campeonato-argentino","status":"publish","type":"post","link":"https:\/\/deportodos.com.ar\/2023\/parana-sera-sede-de-una-fecha-del-campeonato-argentino\/","title":{"rendered":"PARAN\u00c1 SER\u00c1 SEDE DE UNA FECHA DEL CAMPEONATO ARGENTINO"},"content":{"rendered":"\n<p>Se disputar\u00e1 en la capital entrerriana el Campeonato Argentino de Duatl\u00f3n Copa \u201cCiudad de Paran\u00e1\u201d, la fecha prevista es el 7 de septiembre desde las 15 horas. Elonce dialog\u00f3 con Viviana Paiva, organizadora de este evento a nivel nacional.<\/p>\n\n\n\n<p>\u201cTenemos la gran noticia y responsabilidad de que sea una fecha de campeonato nacional\u201d, comenz\u00f3 Paiva a Elonce. Asimismo, agradeci\u00f3: \u201cQue nos den esta oportunidad y confianza es un honor\u201d.<\/p>\n\n\n\n<p>La fecha contar\u00e1 para el Campeonato Argentino y para el Campeonato Entrerriano. \u201cEs una gran oportunidad para los atletas de Paran\u00e1, Entre r\u00edos y toda la provincia\u201d, asegur\u00f3 Paiva. Con respecto a las inscripciones: tiene un cupo de 15\u00ba duatletas y se pueden hacer mediante: www.encarrera.com.ar.<\/p>\n\n\n\n<p>La carrera consta de 5 kil\u00f3metros corriendo, 20 kil\u00f3metros en bicicleta y finaliza con 2,5 kil\u00f3metros corriendo. \u201cTenemos la propuesta del Balneario Municipal y tomarlo como epicentro de la jornada, as\u00ed que estamos esperando la aprobaci\u00f3n\u201d, expres\u00f3 la organizadora del evento.<\/p>\n\n\n\n<p>Con respecto al circuito, Viviana cont\u00f3: \u201cEl tramo del pedestrismo es todo llano, es conocido, no solo para los paranaenses, sino para gente de todo el pa\u00eds\u201d.<\/p>\n\n\n\n<blockquote class=\"wp-block-quote is-layout-flow wp-block-quote-is-layout-flow\">\n<p>www.laprensafederal.com.ar<\/p>\n<\/blockquote>\n","protected":false},"excerpt":{"rendered":"<p>Se disputar\u00e1 en la capital entrerriana el Campeonato Argentino de Duatl\u00f3n Copa \u201cCiudad de Paran\u00e1\u201d,&#8230;<\/p>\n","protected":false},"author":2,"featured_media":2232,"comment_status":"open","ping_status":"open","sticky":false,"template":"","format":"standard","meta":{"footnotes":""},"categories":[18,1],"tags":[],"class_list":["post-2230","post","type-post","status-publish","format-standard","has-post-thumbnail","hentry","category-duatlon","category-sin-categoria"],"featured_image_urls":{"full":["https:\/\/deportodos.com.ar\/2023\/wp-content\/uploads\/2024\/09\/WhatsApp-Image-2024-08-13-at-14.25.24-1024x683-1.jpeg",1024,683,false],"thumbnail":["https:\/\/deportodos.com.ar\/2023\/wp-content\/uploads\/2024\/09\/WhatsApp-Image-2024-08-13-at-14.25.24-1024x683-1-150x150.jpeg",150,150,true],"medium":["https:\/\/deportodos.com.ar\/2023\/wp-content\/uploads\/2024\/09\/WhatsApp-Image-2024-08-13-at-14.25.24-1024x683-1-300x200.jpeg",300,200,true],"medium_large":["https:\/\/deportodos.com.ar\/2023\/wp-content\/uploads\/2024\/09\/WhatsApp-Image-2024-08-13-at-14.25.24-1024x683-1-768x512.jpeg",640,427,true],"large":["https:\/\/deportodos.com.ar\/2023\/wp-content\/uploads\/2024\/09\/WhatsApp-Image-2024-08-13-at-14.25.24-1024x683-1.jpeg",640,427,false],"1536x1536":["https:\/\/deportodos.com.ar\/2023\/wp-content\/uploads\/2024\/09\/WhatsApp-Image-2024-08-13-at-14.25.24-1024x683-1.jpeg",1024,683,false],"2048x2048":["https:\/\/deportodos.com.ar\/2023\/wp-content\/uploads\/2024\/09\/WhatsApp-Image-2024-08-13-at-14.25.24-1024x683-1.jpeg",1024,683,false],"covernews-featured":["https:\/\/deportodos.com.ar\/2023\/wp-content\/uploads\/2024\/09\/WhatsApp-Image-2024-08-13-at-14.25.24-1024x683-1.jpeg",1024,683,false],"covernews-medium":["https:\/\/deportodos.com.ar\/2023\/wp-content\/uploads\/2024\/09\/WhatsApp-Image-2024-08-13-at-14.25.24-1024x683-1-540x340.jpeg",540,340,true]},"author_info":{"display_name":"c2530142","author_link":"https:\/\/deportodos.com.ar\/2023\/author\/c2530142\/"},"category_info":"<a href=\"https:\/\/deportodos.com.ar\/2023\/category\/duatlon\/\" rel=\"category tag\">Duatlon<\/a> <a href=\"https:\/\/deportodos.com.ar\/2023\/category\/sin-categoria\/\" rel=\"category tag\">Sin categor\u00eda<\/a>","tag_info":"Sin categor\u00eda","comment_count":"0","_links":{"self":[{"href":"https:\/\/deportodos.com.ar\/2023\/wp-json\/wp\/v2\/posts\/2230","targetHints":{"allow":["GET"]}}],"collection":[{"href":"https:\/\/deportodos.com.ar\/2023\/wp-json\/wp\/v2\/posts"}],"about":[{"href":"https:\/\/deportodos.com.ar\/2023\/wp-json\/wp\/v2\/types\/post"}],"author":[{"embeddable":true,"href":"https:\/\/deportodos.com.ar\/2023\/wp-json\/wp\/v2\/users\/2"}],"replies":[{"embeddable":true,"href":"https:\/\/deportodos.com.ar\/2023\/wp-json\/wp\/v2\/comments?post=2230"}],"version-history":[{"count":1,"href":"https:\/\/deportodos.com.ar\/2023\/wp-json\/wp\/v2\/posts\/2230\/revisions"}],"predecessor-version":[{"id":2231,"href":"https:\/\/deportodos.com.ar\/2023\/wp-json\/wp\/v2\/posts\/2230\/revisions\/2231"}],"wp:featuredmedia":[{"embeddable":true,"href":"https:\/\/deportodos.com.ar\/2023\/wp-json\/wp\/v2\/media\/2232"}],"wp:attachment":[{"href":"https:\/\/deportodos.com.ar\/2023\/wp-json\/wp\/v2\/media?parent=2230"}],"wp:term":[{"taxonomy":"category","embeddable":true,"href":"https:\/\/deportodos.com.ar\/2023\/wp-json\/wp\/v2\/categories?post=2230"},{"taxonomy":"post_tag","embeddable":true,"href":"https:\/\/deportodos.com.ar\/2023\/wp-json\/wp\/v2\/tags?post=2230"}],"curies":[{"name":"wp","href":"https:\/\/api.w.org\/{rel}","templated":true}]}}