{"id":2233,"date":"2024-09-07T22:22:02","date_gmt":"2024-09-07T22:22:02","guid":{"rendered":"https:\/\/deportodos.com.ar\/2023\/?p=2233"},"modified":"2024-09-07T22:22:04","modified_gmt":"2024-09-07T22:22:04","slug":"una-entrerriana-sera-abanderada-en-el-cierre-de-los-juegos-paralimpicos-de-paris","status":"publish","type":"post","link":"https:\/\/deportodos.com.ar\/2023\/una-entrerriana-sera-abanderada-en-el-cierre-de-los-juegos-paralimpicos-de-paris\/","title":{"rendered":"UNA ENTRERRIANA SER\u00c1 ABANDERADA EN EL CIERRE DE LOS JUEGOS PARAL\u00cdMPICOS DE PAR\u00cdS"},"content":{"rendered":"\n<p>La entrerriana Stefania Ferrando ser\u00e1 abanderada en la ceremonia de clausura en Par\u00eds 2024. La oriunda de Gualeguay, que logr\u00f3 una hist\u00f3rica medalla de bronce en boccia en los Juegos Paral\u00edmpicos de Par\u00eds 2024, ser\u00e1 abanderada junto a Brian Impellizzeri.<\/p>\n\n\n\n<p>Una haza\u00f1a hist\u00f3rica en Boccia<\/p>\n\n\n\n<p>Stefania Ferrando, oriunda de Gualeguay,junto a su compa\u00f1ero Rodrigo Romero, logr\u00f3 la medalla de bronce en la categor\u00eda pareja mixta BC3 de Boccia, venciendo al equipo de Tailandia por 4-2. El encuentro, disputado este jueves en los Juegos Paral\u00edmpicos de Par\u00eds, marc\u00f3 un hito en la historia del deporte argentino, ya que es la primera vez que el pa\u00eds obtiene una presea en esta disciplina.<\/p>\n\n\n\n<p>El camino hacia la medalla no fue f\u00e1cil. La dupla argentina comenz\u00f3 perdiendo 2-0, pero logr\u00f3 remontar el marcador con un gran tiro de Romero que sell\u00f3 el 4-2 final. Para Ferrando, estos fueron sus segundos Juegos Paral\u00edmpicos, mientras que Romero debut\u00f3 en esta cita deportiva, demostrando gran talento y fortaleza en cada jugada. Con esta victoria, la dupla sum\u00f3 la sexta medalla para la delegaci\u00f3n argentina en estos Juegos.<\/p>\n\n\n\n<p>Entrenados por el coach marplatense Cristian Rosado y asistidos por Leandro Villagra, Ferrando y Romero hab\u00edan eliminado en cuartos de final a los griegos Grigoris Polychronidis y Anna Ntenta por 5-4. Sin embargo, no pudieron avanzar a la final por el oro tras caer ante los coreanos Jeong y Kang en semifinales, con un marcador de 4-2.<\/p>\n\n\n\n<p>La inspiradora historia de Stefania Ferrando<\/p>\n\n\n\n<p>Stefania Ferrando, quien vive con atrofia muscular espinal tipo 2, ha superado innumerables desaf\u00edos para llegar a donde est\u00e1 hoy. Desde los primeros a\u00f1os de vida, sus padres notaron que no pod\u00eda mantenerse en pie y, tras varios estudios, recibieron el diagn\u00f3stico. \u00abLo primero que le dijeron a mis pap\u00e1s era que iba a poder vivir hasta los 10 o 15 a\u00f1os\u00bb, relat\u00f3 Ferrando. Esta realidad los llev\u00f3 a un proceso de adaptaci\u00f3n y b\u00fasqueda de terapias, lo que transform\u00f3 radicalmente la vida de la familia.<\/p>\n\n\n\n<p>El deporte se convirti\u00f3 en una herramienta fundamental para Stefania. Comenz\u00f3 con la nataci\u00f3n en 2013, pero fue en Boccia donde encontr\u00f3 su verdadera pasi\u00f3n. \u201cEn 2017 me invitaron a un Torneo Nacional en Mar del Plata. Me encontr\u00e9 con la magnitud de la competencia y con una realidad que nunca hab\u00eda imaginado\u00bb, comenta. Desde entonces, su crecimiento ha sido exponencial, representando a Argentina en diversas competencias internacionales y superando sus propias expectativas.<\/p>\n\n\n\n<p>M\u00e1s que una deportista, un s\u00edmbolo de superaci\u00f3n<\/p>\n\n\n\n<p>Para Stefania, la discapacidad no ha sido un l\u00edmite sino un motor para seguir adelante. \u00abEl hecho de querer superarse como persona y tener nuevos objetivos siempre, es fundamental\u00bb, asegur\u00f3. Tras su participaci\u00f3n en Tokio 2020, Ferrando ten\u00eda claro que su objetivo era estar en Par\u00eds 2024, y lo ha logrado. \u201cAhora tengo mucho m\u00e1s claro qui\u00e9n soy y espero poder darlo todo\u201d, afirm\u00f3 antes del inicio de los Juegos.<\/p>\n\n\n\n<p>El deporte de alto rendimiento y la resiliencia de atletas como Stefania Ferrando y Brian Impellizzeri se convertir\u00e1n en un legado para futuras generaciones. La ceremonia de clausura de los Juegos Paral\u00edmpicos de Par\u00eds 2024 ser\u00e1 una fiesta para celebrar no solo los logros deportivos, sino tambi\u00e9n las historias de superaci\u00f3n y valent\u00eda que emocionaron a todo un pa\u00eds. Fuente: El Once<\/p>\n","protected":false},"excerpt":{"rendered":"<p>La entrerriana Stefania Ferrando ser\u00e1 abanderada en la ceremonia de clausura en Par\u00eds 2024. La&#8230;<\/p>\n","protected":false},"author":2,"featured_media":2234,"comment_status":"open","ping_status":"open","sticky":false,"template":"","format":"standard","meta":{"footnotes":""},"categories":[1],"tags":[],"class_list":["post-2233","post","type-post","status-publish","format-standard","has-post-thumbnail","hentry","category-sin-categoria"],"featured_image_urls":{"full":["https:\/\/deportodos.com.ar\/2023\/wp-content\/uploads\/2024\/09\/FB_IMG_1725747698817.jpg",1080,1115,false],"thumbnail":["https:\/\/deportodos.com.ar\/2023\/wp-content\/uploads\/2024\/09\/FB_IMG_1725747698817-150x150.jpg",150,150,true],"medium":["https:\/\/deportodos.com.ar\/2023\/wp-content\/uploads\/2024\/09\/FB_IMG_1725747698817-291x300.jpg",291,300,true],"medium_large":["https:\/\/deportodos.com.ar\/2023\/wp-content\/uploads\/2024\/09\/FB_IMG_1725747698817-768x793.jpg",640,661,true],"large":["https:\/\/deportodos.com.ar\/2023\/wp-content\/uploads\/2024\/09\/FB_IMG_1725747698817-992x1024.jpg",640,661,true],"1536x1536":["https:\/\/deportodos.com.ar\/2023\/wp-content\/uploads\/2024\/09\/FB_IMG_1725747698817.jpg",1080,1115,false],"2048x2048":["https:\/\/deportodos.com.ar\/2023\/wp-content\/uploads\/2024\/09\/FB_IMG_1725747698817.jpg",1080,1115,false],"covernews-featured":["https:\/\/deportodos.com.ar\/2023\/wp-content\/uploads\/2024\/09\/FB_IMG_1725747698817-1024x1057.jpg",1024,1057,true],"covernews-medium":["https:\/\/deportodos.com.ar\/2023\/wp-content\/uploads\/2024\/09\/FB_IMG_1725747698817-540x340.jpg",540,340,true]},"author_info":{"display_name":"c2530142","author_link":"https:\/\/deportodos.com.ar\/2023\/author\/c2530142\/"},"category_info":"<a href=\"https:\/\/deportodos.com.ar\/2023\/category\/sin-categoria\/\" rel=\"category tag\">Sin categor\u00eda<\/a>","tag_info":"Sin categor\u00eda","comment_count":"0","_links":{"self":[{"href":"https:\/\/deportodos.com.ar\/2023\/wp-json\/wp\/v2\/posts\/2233","targetHints":{"allow":["GET"]}}],"collection":[{"href":"https:\/\/deportodos.com.ar\/2023\/wp-json\/wp\/v2\/posts"}],"about":[{"href":"https:\/\/deportodos.com.ar\/2023\/wp-json\/wp\/v2\/types\/post"}],"author":[{"embeddable":true,"href":"https:\/\/deportodos.com.ar\/2023\/wp-json\/wp\/v2\/users\/2"}],"replies":[{"embeddable":true,"href":"https:\/\/deportodos.com.ar\/2023\/wp-json\/wp\/v2\/comments?post=2233"}],"version-history":[{"count":1,"href":"https:\/\/deportodos.com.ar\/2023\/wp-json\/wp\/v2\/posts\/2233\/revisions"}],"predecessor-version":[{"id":2235,"href":"https:\/\/deportodos.com.ar\/2023\/wp-json\/wp\/v2\/posts\/2233\/revisions\/2235"}],"wp:featuredmedia":[{"embeddable":true,"href":"https:\/\/deportodos.com.ar\/2023\/wp-json\/wp\/v2\/media\/2234"}],"wp:attachment":[{"href":"https:\/\/deportodos.com.ar\/2023\/wp-json\/wp\/v2\/media?parent=2233"}],"wp:term":[{"taxonomy":"category","embeddable":true,"href":"https:\/\/deportodos.com.ar\/2023\/wp-json\/wp\/v2\/categories?post=2233"},{"taxonomy":"post_tag","embeddable":true,"href":"https:\/\/deportodos.com.ar\/2023\/wp-json\/wp\/v2\/tags?post=2233"}],"curies":[{"name":"wp","href":"https:\/\/api.w.org\/{rel}","templated":true}]}}