{"id":2253,"date":"2024-09-11T11:46:11","date_gmt":"2024-09-11T11:46:11","guid":{"rendered":"https:\/\/deportodos.com.ar\/2023\/?p=2253"},"modified":"2024-09-11T11:46:13","modified_gmt":"2024-09-11T11:46:13","slug":"la-6ta-fecha-del-certamen-se-corrio-en-la-criolla","status":"publish","type":"post","link":"https:\/\/deportodos.com.ar\/2023\/la-6ta-fecha-del-certamen-se-corrio-en-la-criolla\/","title":{"rendered":"LA 6TA FECHA DEL CERTAMEN SE CORRI\u00d3 EN LA CRIOLLA"},"content":{"rendered":"\n<p>CRISTIAN BAUER SE IMPUSO EN LAS CAT. PRINCIPALES\u2026 DESTACADAS LABORES DE VARIOS PILOTOS URUGUAYOS EN EL CIRCUITO \u201cLA CALESITA\u201d\u2026.<\/p>\n\n\n\n<p>El pasado f\u00edn de semana se cumpli\u00f3 la 6ta. Fecha del Endurocross Entrerriano en La Criolla (Dpto. Concordia), en el Circuito \u201cLa Calesita MX\u201d bien preparado con mucho trabajo en la previa lo que permiti\u00f3 concretar toda la jornada sin tener que recurrir al riego del exigente trazado. En lo deportivo el representante de Aldea San Antonio (Dpto. Gualeguaych\u00fa ) Cristian Bauer se destac\u00f3 logrando imponer condiciones en las dos categor\u00edas principales : Seniors Open y Expertos \u201cA\u201d, en tanto en joven Uruguayo de Paysand\u00fa Sebasti\u00e1n Chappuis se qued\u00f3 con la Seniors B y tambi\u00e9n la Juniors Open en gran labor. Completaron la galer\u00eda de ganadores: Gast\u00f3n Gange de 1\u00b0 de Mayo en Expertos 125 cc, Carlos Mar\u00eda Fraga de Villa San Justo en Master \u201cA\u201d , Pablo Brem de Villa Elisa en Master \u201cB\u201d, Esteban Chappuis de Paysand\u00fa en Master \u201cC\u201d, Adri\u00e1n Mart\u00ednez de Diamante en Expertos \u201dC\u201d, Emiliano Kranevitter de Valle Mar\u00eda en Calle hasta 300 cc, Mat\u00edas De Benedetti de Paysand\u00fa en Principiantes y Juniors Limitada, y Bautista Fassana de Salto (R.O.U)en Juvenil 85cc.<\/p>\n\n\n\n<p>Sintetizando otra jornada interesante lo que se vivi\u00f3 en La Calesita MX con el auspicio de la Comuna de La Criolla . Ahora todo se prepara para la 7ma. En Rosario del Tala , circuito \u201cde Los Puentes\u201d a orillas del R\u00edo Gualeguay para los d\u00edas 5 y 6 de Octubre 2024. Los esperamos\u2026!!!<\/p>\n\n\n\n<p>ENDUROCROSS ENTRERRIANO \u2013 6ta. FECHA \u2013 7 Y 8 DE SEPTIEMBRE 2024 \u2013LA CRIOLLA \u2013 CIRCUITO \u201cLA CALESITA MX\u201d- ORGANIZ\u00d3: AGRUPACI\u00d3N LA CALESITA \u2013 FISCALIZ\u00d3: APEMA \u2013 AUSPICI\u00d3: COMUNA DE LA CRIOLLA.-<\/p>\n\n\n\n<p>CAT. SENIOR OPEN<\/p>\n\n\n\n<p>1\u00b0- Cristian Bauer \u2013 Ald. San Antonio \u2013 CRF 250<\/p>\n\n\n\n<p>2\u00b0- Sebasti\u00e1n Chappuis \u2013 Paysand\u00fa (ROU) \u2013 CRF 250 (1\u00b0 B )<\/p>\n\n\n\n<p>3\u00b0- Carlos Fraga \u2013 V. San justo \u2013 YZ 250<\/p>\n\n\n\n<p>4\u00b0- Gast\u00f3n Gange &#8211; 1\u00b0 de Mayo \u2013 YZF 250 (2\u00b0 B )<\/p>\n\n\n\n<p>5\u00b0- Esteban Chappuis \u2013 Paysand\u00fa(ROU) \u2013 CRF 250<\/p>\n\n\n\n<p>6\u00b0- Sebasti\u00e1n Gange \u2013 1\u00b0 de Mayo \u2013 YZF 250 (3\u00b0 B )<\/p>\n\n\n\n<p>7\u00b0- Juan Jes\u00fas P\u00e9rez \u2013 Chajari \u2013 KTM 250 (4\u00b0 B )<\/p>\n\n\n\n<p>8\u00b0- Bruno Muller \u2013 Ald. San Antonio \u2013 RMZ 450 (5\u00b0 B )<\/p>\n\n\n\n<p>9\u00b0- Gustavo Guinsel \u2013 Concordia \u2013 KXF 450 (6\u00b0 B)<\/p>\n\n\n\n<p>10\u00b0- Federico Bogue \u2013 Gualeguay \u2013 KXF 250 (7\u00b0 B)<\/p>\n\n\n\n<p>11\u00b0- Juan Martin Arribillaga \u2013 Gualeguay \u2013 CRF 450 (8\u00b0 B)<\/p>\n\n\n\n<p>12\u00b0- Cristian Bonnin \u2013 C. del Uruguay \u2013 KTM 350<\/p>\n\n\n\n<p>13\u00b0- David Bolchisky \u2013 Concordia \u2013 YZ 250 (9\u00b0 B)<\/p>\n\n\n\n<p>14\u00b0- Diego Moressi \u2013 Paran\u00e1 \u2013 YZF 250 (10\u00b0 B)<\/p>\n\n\n\n<p>15\u00b0- Carlos Silvestre \u2013 Paran\u00e1 \u2013 Husqvarna 350 (11\u00b0 B )<\/p>\n\n\n\n<p>16\u00b0- Mateo Lopepe \u2013 Paysand\u00fa (ROU) \u2013 KXF 250 (12\u00b0 B)<\/p>\n\n\n\n<p>17\u00b0- Gerardo Campodonico \u2013 Gualeguay \u2013 CRF 450 (13\u00b0 B)<\/p>\n\n\n\n<p>18\u00b0- Pablo Brem \u2013 V. Elisa \u2013 CRF 250 (14\u00b0 B )<\/p>\n\n\n\n<p>CAT. EXPERTOS A<\/p>\n\n\n\n<p>1\u00b0- Cristian Bauer \u2013 Ald. San Antonio \u2013 CRF 250<\/p>\n\n\n\n<p>2\u00b0- Gast\u00f3n Gange \u2013 1\u00b0 de Mayo \u2013 YZF 250<\/p>\n\n\n\n<p>3\u00b0- Mateo Granton \u2013 V. Elisa \u2013 YZ 125<\/p>\n\n\n\n<p>4\u00b0- Franco Dennig \u2013 Valle Mar\u00eda \u2013 YZ 125<\/p>\n\n\n\n<p>5\u00b0- Rodrigo Barrios \u2013 Gualeguay \u2013 YZ 125<\/p>\n\n\n\n<p>6\u00b0- Juan Pablo Gonz\u00e1lez \u2013 San Lorenzo \u2013 YZ 125<\/p>\n\n\n\n<p>7\u00b0- Ignacio Irrazabal Lima \u2013 Paysand\u00fa (ROU) \u2013 Husqvarna 125<\/p>\n\n\n\n<p>8\u00b0- Jerem\u00edas Bernardis \u2013 Curuz\u00fa Cuatia \u2013 KTM 85<\/p>\n\n\n\n<p>9\u00b0- Bautista Fassana \u2013 Salta \u2013 KTM 85<\/p>\n\n\n\n<p>CAT. JUNIOR OPEN<\/p>\n\n\n\n<p>1\u00b0- Sebasti\u00e1n Chappuis \u2013 Paysand\u00fa (ROU) \u2013 CRF 250<\/p>\n\n\n\n<p>2\u00b0- Mat\u00edas De Benedetti \u2013 Paysand\u00fa (ROU) \u2013 CRF 250<\/p>\n\n\n\n<p>3\u00b0- Mateo Lopepe \u2013 Paysand\u00fa(ROU) \u2013 KXF 250<\/p>\n\n\n\n<p>4\u00b0- Bruno Muller \u2013 Ald. San Antonio \u2013 RMZ 450<\/p>\n\n\n\n<p>5\u00b0- Lucas Arbe \u2013 Concordia \u2013 CRF 250<\/p>\n\n\n\n<p>6\u00b0- Juan Jes\u00fas P\u00e9rez \u2013 Chajari \u2013 KTM 250<\/p>\n\n\n\n<p>7\u00b0- Joel Ekerdt \u2013 San Justo \u2013 CRF 450<\/p>\n\n\n\n<p>8\u00b0- Sebasti\u00e1n Gange \u2013 1\u00b0 de Mayo \u2013 YZF 250<\/p>\n\n\n\n<p>9\u00b0- Alejandro Francou \u2013 Caseros \u2013 KXF 250<\/p>\n\n\n\n<p>10\u00b0- Franco Bon \u2013 Concordia \u2013 KTM 250<\/p>\n\n\n\n<p>11\u00b0- Juan Pablo Racigh \u2013 San Justo \u2013 YZF 450<\/p>\n\n\n\n<p>CAT. EXPERTOS 125 cc<\/p>\n\n\n\n<p>1\u00b0- Gast\u00f3n Gange \u2013 1\u00b0 de Mayo \u2013 YZF 250<\/p>\n\n\n\n<p>2\u00b0- Mateo Granton \u2013 V. Elisa \u2013 YZ 125<\/p>\n\n\n\n<p>3\u00b0- Franco Dennig \u2013 Valle Mar\u00eda \u2013 YZ 125<\/p>\n\n\n\n<p>4\u00b0- Rodrigo Barrios \u2013 Gualeguay \u2013 YZ 125<\/p>\n\n\n\n<p>5\u00b0- Juan Pablo Gonz\u00e1lez \u2013 San Lorenzo \u2013 YZ 125<\/p>\n\n\n\n<p>6\u00b0- Ignacio Irrazabal Lima \u2013 Paysand\u00fa (ROU) \u2013 Husgvarna 125<\/p>\n\n\n\n<p>7\u00b0- Jerem\u00edas Bernardis \u2013 Curuz\u00fa Cuatia \u2013 KTM 85<\/p>\n\n\n\n<p>8\u00b0- Bautista Fassana \u2013 Salto (ROU) \u2013 KTM 85<\/p>\n\n\n\n<p>CAT. JUVENIL 85cc<\/p>\n\n\n\n<p>1\u00b0- Bautista Fassana- Salto (ROU) \u2013 KTM 85<\/p>\n\n\n\n<p>2\u00b0- Jerem\u00edas Bernardi \u2013 Curuz\u00fa Cuat\u00eda \u2013 KTM 85<\/p>\n\n\n\n<p>CAT. JUNIOR LIMITADA<\/p>\n\n\n\n<p>1\u00b0- Mat\u00edas De Benedetti \u2013 Paysand\u00fa \u2013 CRF 250<\/p>\n\n\n\n<p>2\u00b0- Mateo Granton \u2013 V. Elisa \u2013 YZ 125<\/p>\n\n\n\n<p>3\u00b0- Daian Schvindt \u2013 Lucas Gonz\u00e1lez \u2013 CRF 250<\/p>\n\n\n\n<p>4\u00b0- Ernesto Ekerdt \u2013 San Justo \u2013 CRF 450<\/p>\n\n\n\n<p>5\u00b0- Lucas Arbe \u2013 Concordia \u2013 CRF 250<\/p>\n\n\n\n<p>6\u00b0- Franco Bon \u2013 Concordia \u2013 KTM 250<\/p>\n\n\n\n<p>7\u00b0- Sergio A\u00f1asco \u2013 Paysand\u00fa(ROU) \u2013 Husgvarna 250<\/p>\n\n\n\n<p>8\u00b0- Franco Denning \u2013 Valle Mar\u00eda \u2013 YZ 125<\/p>\n\n\n\n<p>9\u00b0- Jose Luis Arralde- Concordia \u2013 CRF 250<\/p>\n\n\n\n<p>10\u00b0- Lucas Brites \u2013 Concordia \u2013 YZ 250<\/p>\n\n\n\n<p>11\u00b0- Ezequiel Hengenneter \u2013 San Salvador \u2013 YZ 250<\/p>\n\n\n\n<p>12\u00b0- Andre Darricarrere- Paysand\u00fa (ROU) \u2013 YZ 125<\/p>\n\n\n\n<p>13\u00b0- Federico Cordoba \u2013 Jubileo \u2013 KXF 250<\/p>\n\n\n\n<p>14\u00b0 &#8211; Emiliano Kranevitter- Valle Mar\u00eda \u2013 Tornado 250<\/p>\n\n\n\n<p>15\u00b0- Max Morresi &#8211; Paran\u00e1 \u2013 YZF 250<\/p>\n\n\n\n<p>16\u00b0- Isidro Aladio \u2013 Nogoy\u00e1 \u2013 YZ 125<\/p>\n\n\n\n<p>17\u00b0- Alejandro Francou \u2013 caseros \u2013 KXF 250<\/p>\n\n\n\n<p>18\u00b0- Facundo Mihlnikel \u2013 Pueblo Liebig \u2013 Tornado 250<\/p>\n\n\n\n<p>19\u00b0- Juan Cruz Beber \u2013 Viale \u2013 CRF 250<\/p>\n\n\n\n<p>20\u00b0- Franco Ruiz- Federal \u2013 CRF 250<\/p>\n\n\n\n<p>21\u00b0- Benjam\u00edn Campod\u00f3nico \u2013 Gualeguay- CRF 450<\/p>\n\n\n\n<p>22\u00b0-Agustin Bustamante \u2013 Federal \u2013 YZ 125<\/p>\n\n\n\n<p>CAT. EXPERTOS C<\/p>\n\n\n\n<p>1\u00b0- Adri\u00e1n Mart\u00ednez \u2013 Diamante \u2013 CR 125<\/p>\n\n\n\n<p>2\u00b0- Daian Gonz\u00e1lez \u2013 La Clarita \u2013 CR 125<\/p>\n\n\n\n<p>3\u00b0- Elvio Robles \u2013 Ubajay \u2013 RM 250<\/p>\n\n\n\n<p>4\u00b0- Ram\u00f3n Bianni- Paran\u00e1 \u2013 KLX 250<\/p>\n\n\n\n<p>CAT. MASTER A<\/p>\n\n\n\n<p>1\u00b0 &#8211; Carlos Fraga \u2013 Villa San Justo \u2013 YZ 250<\/p>\n\n\n\n<p>2\u00b0- Cristian Bonnin \u2013 C. del Uruguay \u2013 KTM 350<\/p>\n\n\n\n<p>3\u00b0- Daniel Alfaro \u2013 Paysand\u00fa (ROU) \u2013 KTM 350<\/p>\n\n\n\n<p>4\u00b0- Ernesto Ekerdt- Villa San Justo \u2013 CRF 450<\/p>\n\n\n\n<p>5\u00b0- Sergio A\u00f1asco \u2013 Paysand\u00fa (ROU) \u2013 Husqvarna 250<\/p>\n\n\n\n<p>6\u00b0- Adri\u00e1n Mart\u00ednez \u2013 Diamante \u2013 CR 125<\/p>\n\n\n\n<p>7\u00b0- Juan Pablo Gonz\u00e1lez \u2013 San Lorenzo \u2013 YZ 125<\/p>\n\n\n\n<p>CAT. MASTER B<\/p>\n\n\n\n<p>1\u00b0- Pablo Brem \u2013 Villa Elisa \u2013 CRF 250<\/p>\n\n\n\n<p>2\u00b0- N\u00e9stor Popelka \u2013 Concordia \u2013 KTM 350<\/p>\n\n\n\n<p>3\u00b0- Joaqu\u00edn Negri \u2013 Concordia \u2013 KTM 350<\/p>\n\n\n\n<p>4\u00b0- Guillermo Calero \u2013 Concordia \u2013 KTM 250<\/p>\n\n\n\n<p>5\u00b0- David Bolchinsky \u2013 Concordia \u2013 YZ 250<\/p>\n\n\n\n<p>6\u00b0- Sebasti\u00e1n Postiglione Yardim \u2013 Salto (ROU) \u2013 KTM 250<\/p>\n\n\n\n<p>7\u00b0- Ignacio Acevedo \u2013 Gualeguaychu \u2013 RMZ 450<\/p>\n\n\n\n<p>8\u00b0- Federico Bogue \u2013 Gualeguay- KXF 250<\/p>\n\n\n\n<p>9\u00b0- Andr\u00e9s Fehrenbacher \u2013 La Criolla \u2013<\/p>\n\n\n\n<p>10\u00b0- Jos\u00e9 Luis Arralde \u2013 Concordia \u2013 CRF 250<\/p>\n\n\n\n<p>CAT. MASTER C<\/p>\n\n\n\n<p>1\u00b0- Esteban Chappuis \u2013 Paysand\u00fa (ROU) \u2013 CRF 250<\/p>\n\n\n\n<p>2\u00b0- Gonzalo Arbe \u2013 Concordia \u2013 YZF 450<\/p>\n\n\n\n<p>3\u00b0- Gerardo Campodonico \u2013 Gualeguay \u2013 CRF 450<\/p>\n\n\n\n<p>4\u00b0- Gustavo Guinsel \u2013 Concordia \u2013 KXF 450<\/p>\n\n\n\n<p>5\u00b0- Omar Amoroso \u2013 C. del Uruguay- YZF 250<\/p>\n\n\n\n<p>6\u00b0- Diego Morresi \u2013 Paran\u00e1 \u2013 YZF 250<\/p>\n\n\n\n<p>7\u00b0- Oscar Gonzalez \u2013 San Lorenzo \u2013 YZ 125<\/p>\n\n\n\n<p>8\u00b0- Carlos Silvestre \u2013 Paran\u00e1 \u2013 Husqvarna 350<\/p>\n\n\n\n<p>9\u00b0- Fernando Villagra- Paran\u00e1 \u2013 Tornado 250<\/p>\n\n\n\n<p>10\u00b0- Jos\u00e9 Warnes \u2013 Concordia \u2013 KLX 250<\/p>\n\n\n\n<p>CAT. ENDURO CALLE<\/p>\n\n\n\n<p>1\u00b0- Emiliano Kranevitter \u2013 Paran\u00e1 \u2013 Tornado 250<\/p>\n\n\n\n<p>2\u00b0- Facundo Mihlnikel \u2013 Pueblo Liebig \u2013 Tornado 250<\/p>\n\n\n\n<p>3\u00b0- Roberto Rognoni \u2013 Salto (ROU) \u2013 CRF 230<\/p>\n\n\n\n<p>4\u00b0- Fernando Villagra \u2013 Paran\u00e1 \u2013 Tornado 250<\/p>\n\n\n\n<p>CAT. PRINCIPIANTES<\/p>\n\n\n\n<p>1\u00b0- Mat\u00edas De Benedetti \u2013 Paysand\u00fa \u2013 CRF 250<\/p>\n\n\n\n<p>2\u00b0- Isidro Aladio \u2013 Nogoy\u00e1 \u2013 YZ 125<\/p>\n\n\n\n<p>3\u00b0- Lucas Brites \u2013 Concordia &#8211; YZ 250<\/p>\n\n\n\n<p>4\u00b0- Federico Cordoba \u2013 Jubileo \u2013 KXF 250<\/p>\n\n\n\n<p>5\u00b0- Ignacio Irrazabal \u2013 Paysand\u00fa (ROU)- Husqvarna 125<\/p>\n\n\n\n<p>6\u00b0- Ezequiel Hengenneter \u2013 San Salvador \u2013 YZ 250<\/p>\n\n\n\n<p>7\u00b0- Andre Darricarrere- Paysand\u00fa (ROU) \u2013 YZ 125<\/p>\n\n\n\n<p>8\u00b0- Agust\u00edn Bustamante \u2013 Federal \u2013 YZ 125<\/p>\n\n\n\n<p>9\u00b0- Roberto Rognoni \u2013 Salto (ROU) \u2013 CRF 230<\/p>\n\n\n\n<p>10\u00b0- Emiliano Ch\u00e1vez \u2013 Concordia \u2013 CRF 250<\/p>\n\n\n\n<p>11\u00b0- Franco Ruiz- Federal \u2013 CRF 250<\/p>\n\n\n\n<p>12\u00b0- Benjam\u00edn Campodonico \u2013 Gualeguay \u2013 CRF 450<\/p>\n\n\n\n<p>13\u00b0- Max Morresi \u2013 Paran\u00e1 \u2013 YZF 250<\/p>\n\n\n\n<p>14\u00b0- Juan Cruz Beber \u2013 Viale \u2013 CRF 250<\/p>\n\n\n\n<p>15\u00b0- Elvio Robles \u2013 Ubajay \u2013 RM 250<\/p>\n\n\n\n<p>16\u00b0- Juan Cruz Bustamante \u2013 Federal \u2013 KXF 250<\/p>\n\n\n\n<p>17\u00b0- Daian Gonz\u00e1lez \u2013 La Clarita \u2013 CR 125<\/p>\n\n\n\n<p>18\u00b0- Federico Kees- Federal \u2013 YZF 250<\/p>\n\n\n\n<p>19\u00b0- Alejandro Aguilar \u2013 Chajar\u00ed \u2013 YZ 125<\/p>\n\n\n\n<p>20\u00b0- Lautaro Belmonte \u2013 Concordia \u2013 CRF 250<\/p>\n\n\n\n<p>21\u00b0- Ram\u00f3n Bianni \u2013 Paran\u00e1 \u2013 YZF 250<\/p>\n\n\n\n<p>INFO: APEMA PRENSA<\/p>\n","protected":false},"excerpt":{"rendered":"<p>CRISTIAN BAUER SE IMPUSO EN LAS CAT. PRINCIPALES\u2026 DESTACADAS LABORES DE VARIOS PILOTOS URUGUAYOS EN&#8230;<\/p>\n","protected":false},"author":2,"featured_media":2254,"comment_status":"open","ping_status":"open","sticky":false,"template":"","format":"standard","meta":{"footnotes":""},"categories":[20],"tags":[],"class_list":["post-2253","post","type-post","status-publish","format-standard","has-post-thumbnail","hentry","category-enduro"],"featured_image_urls":{"full":["https:\/\/deportodos.com.ar\/2023\/wp-content\/uploads\/2024\/09\/459107102_2532039106966274_2437872196453643610_n.jpg",1280,576,false],"thumbnail":["https:\/\/deportodos.com.ar\/2023\/wp-content\/uploads\/2024\/09\/459107102_2532039106966274_2437872196453643610_n-150x150.jpg",150,150,true],"medium":["https:\/\/deportodos.com.ar\/2023\/wp-content\/uploads\/2024\/09\/459107102_2532039106966274_2437872196453643610_n-300x135.jpg",300,135,true],"medium_large":["https:\/\/deportodos.com.ar\/2023\/wp-content\/uploads\/2024\/09\/459107102_2532039106966274_2437872196453643610_n-768x346.jpg",640,288,true],"large":["https:\/\/deportodos.com.ar\/2023\/wp-content\/uploads\/2024\/09\/459107102_2532039106966274_2437872196453643610_n-1024x461.jpg",640,288,true],"1536x1536":["https:\/\/deportodos.com.ar\/2023\/wp-content\/uploads\/2024\/09\/459107102_2532039106966274_2437872196453643610_n.jpg",1280,576,false],"2048x2048":["https:\/\/deportodos.com.ar\/2023\/wp-content\/uploads\/2024\/09\/459107102_2532039106966274_2437872196453643610_n.jpg",1280,576,false],"covernews-featured":["https:\/\/deportodos.com.ar\/2023\/wp-content\/uploads\/2024\/09\/459107102_2532039106966274_2437872196453643610_n-1024x461.jpg",1024,461,true],"covernews-medium":["https:\/\/deportodos.com.ar\/2023\/wp-content\/uploads\/2024\/09\/459107102_2532039106966274_2437872196453643610_n-540x340.jpg",540,340,true]},"author_info":{"display_name":"c2530142","author_link":"https:\/\/deportodos.com.ar\/2023\/author\/c2530142\/"},"category_info":"<a href=\"https:\/\/deportodos.com.ar\/2023\/category\/enduro\/\" rel=\"category tag\">Enduro<\/a>","tag_info":"Enduro","comment_count":"0","_links":{"self":[{"href":"https:\/\/deportodos.com.ar\/2023\/wp-json\/wp\/v2\/posts\/2253","targetHints":{"allow":["GET"]}}],"collection":[{"href":"https:\/\/deportodos.com.ar\/2023\/wp-json\/wp\/v2\/posts"}],"about":[{"href":"https:\/\/deportodos.com.ar\/2023\/wp-json\/wp\/v2\/types\/post"}],"author":[{"embeddable":true,"href":"https:\/\/deportodos.com.ar\/2023\/wp-json\/wp\/v2\/users\/2"}],"replies":[{"embeddable":true,"href":"https:\/\/deportodos.com.ar\/2023\/wp-json\/wp\/v2\/comments?post=2253"}],"version-history":[{"count":1,"href":"https:\/\/deportodos.com.ar\/2023\/wp-json\/wp\/v2\/posts\/2253\/revisions"}],"predecessor-version":[{"id":2255,"href":"https:\/\/deportodos.com.ar\/2023\/wp-json\/wp\/v2\/posts\/2253\/revisions\/2255"}],"wp:featuredmedia":[{"embeddable":true,"href":"https:\/\/deportodos.com.ar\/2023\/wp-json\/wp\/v2\/media\/2254"}],"wp:attachment":[{"href":"https:\/\/deportodos.com.ar\/2023\/wp-json\/wp\/v2\/media?parent=2253"}],"wp:term":[{"taxonomy":"category","embeddable":true,"href":"https:\/\/deportodos.com.ar\/2023\/wp-json\/wp\/v2\/categories?post=2253"},{"taxonomy":"post_tag","embeddable":true,"href":"https:\/\/deportodos.com.ar\/2023\/wp-json\/wp\/v2\/tags?post=2253"}],"curies":[{"name":"wp","href":"https:\/\/api.w.org\/{rel}","templated":true}]}}