{"id":2260,"date":"2024-09-12T20:35:40","date_gmt":"2024-09-12T20:35:40","guid":{"rendered":"https:\/\/deportodos.com.ar\/2023\/?p=2260"},"modified":"2024-09-12T20:35:42","modified_gmt":"2024-09-12T20:35:42","slug":"trazado-largo-para-la-f3e","status":"publish","type":"post","link":"https:\/\/deportodos.com.ar\/2023\/trazado-largo-para-la-f3e\/","title":{"rendered":"TRAZADO LARGO PARA LA F3E"},"content":{"rendered":"\n<p>Por primera vez en la corta historia de la F\u00f3rmula 3 Entrerriana, ser\u00e1n 21 los pilotos que conformar\u00e1n la grilla de la divisional. Superando las expectativas del fin de semana se decidi\u00f3 utilizar el trazado m\u00e1s largo del Aut\u00f3dromo de Concepci\u00f3n del Uruguay (4280 mts).<\/p>\n\n\n\n<p>El sexto evento del a\u00f1o en\u201dLa Hist\u00f3rica\u201d trae muchas novedades.<\/p>\n\n\n\n<p>Algunos retornos como el de Nazareno L\u00f3pez, con equipo propio (Naza L\u00f3pez Competici\u00f3n) asesorado por la Scuderia Ramini. Por otro lado Uriel Gurruchaga tambi\u00e9n regresa a la categor\u00eda junto al Cepeda Racing, al igual que Dante Moreira (Goya, Corrientes).<br>Y por \u00faltimo, Benjamin Squaglia (RDQ Competici\u00f3n), luego de ausentarse en Concordia por otro compromiso deportivo.<\/p>\n\n\n\n<p>En cuanto a los debut estar\u00e1 Cristian Galeano, con el Cepeda Racing. El quinto auto del MAF Racing ser\u00e1 comandado por Juan Ignacio Concina, que regresa a la actividad automovilista luego de unos meses.<br>Y no menos importante el regreso de la Scuderia Ramini que llega con Geronimo Rusman, una joven promesa de Am\u00e9rica, provincia de Buenos Aires.<\/p>\n\n\n\n<p>Son varias caras nuevas las que llegar\u00e1n a la provincia de Entre Rios y otras que en alg\u00fan momento formaron parte de la F3E que en esta ocasi\u00f3n regresan. Una fecha muy especial para nosotros, trabajaremos como categor\u00edas para seguir sumando m\u00e1quinas, pilotos y nuevos equipos.<\/p>\n\n\n\n<p><\/p>\n","protected":false},"excerpt":{"rendered":"<p>Por primera vez en la corta historia de la F\u00f3rmula 3 Entrerriana, ser\u00e1n 21 los&#8230;<\/p>\n","protected":false},"author":2,"featured_media":2261,"comment_status":"open","ping_status":"open","sticky":false,"template":"","format":"standard","meta":{"footnotes":""},"categories":[6],"tags":[],"class_list":["post-2260","post","type-post","status-publish","format-standard","has-post-thumbnail","hentry","category-automovilismo"],"featured_image_urls":{"full":["https:\/\/deportodos.com.ar\/2023\/wp-content\/uploads\/2024\/09\/IMG-20240912-WA0073.jpg",1080,1080,false],"thumbnail":["https:\/\/deportodos.com.ar\/2023\/wp-content\/uploads\/2024\/09\/IMG-20240912-WA0073-150x150.jpg",150,150,true],"medium":["https:\/\/deportodos.com.ar\/2023\/wp-content\/uploads\/2024\/09\/IMG-20240912-WA0073-300x300.jpg",300,300,true],"medium_large":["https:\/\/deportodos.com.ar\/2023\/wp-content\/uploads\/2024\/09\/IMG-20240912-WA0073-768x768.jpg",640,640,true],"large":["https:\/\/deportodos.com.ar\/2023\/wp-content\/uploads\/2024\/09\/IMG-20240912-WA0073-1024x1024.jpg",640,640,true],"1536x1536":["https:\/\/deportodos.com.ar\/2023\/wp-content\/uploads\/2024\/09\/IMG-20240912-WA0073.jpg",1080,1080,false],"2048x2048":["https:\/\/deportodos.com.ar\/2023\/wp-content\/uploads\/2024\/09\/IMG-20240912-WA0073.jpg",1080,1080,false],"covernews-featured":["https:\/\/deportodos.com.ar\/2023\/wp-content\/uploads\/2024\/09\/IMG-20240912-WA0073-1024x1024.jpg",1024,1024,true],"covernews-medium":["https:\/\/deportodos.com.ar\/2023\/wp-content\/uploads\/2024\/09\/IMG-20240912-WA0073-540x340.jpg",540,340,true]},"author_info":{"display_name":"c2530142","author_link":"https:\/\/deportodos.com.ar\/2023\/author\/c2530142\/"},"category_info":"<a href=\"https:\/\/deportodos.com.ar\/2023\/category\/automovilismo\/\" rel=\"category tag\">Automovilismo<\/a>","tag_info":"Automovilismo","comment_count":"0","_links":{"self":[{"href":"https:\/\/deportodos.com.ar\/2023\/wp-json\/wp\/v2\/posts\/2260","targetHints":{"allow":["GET"]}}],"collection":[{"href":"https:\/\/deportodos.com.ar\/2023\/wp-json\/wp\/v2\/posts"}],"about":[{"href":"https:\/\/deportodos.com.ar\/2023\/wp-json\/wp\/v2\/types\/post"}],"author":[{"embeddable":true,"href":"https:\/\/deportodos.com.ar\/2023\/wp-json\/wp\/v2\/users\/2"}],"replies":[{"embeddable":true,"href":"https:\/\/deportodos.com.ar\/2023\/wp-json\/wp\/v2\/comments?post=2260"}],"version-history":[{"count":1,"href":"https:\/\/deportodos.com.ar\/2023\/wp-json\/wp\/v2\/posts\/2260\/revisions"}],"predecessor-version":[{"id":2262,"href":"https:\/\/deportodos.com.ar\/2023\/wp-json\/wp\/v2\/posts\/2260\/revisions\/2262"}],"wp:featuredmedia":[{"embeddable":true,"href":"https:\/\/deportodos.com.ar\/2023\/wp-json\/wp\/v2\/media\/2261"}],"wp:attachment":[{"href":"https:\/\/deportodos.com.ar\/2023\/wp-json\/wp\/v2\/media?parent=2260"}],"wp:term":[{"taxonomy":"category","embeddable":true,"href":"https:\/\/deportodos.com.ar\/2023\/wp-json\/wp\/v2\/categories?post=2260"},{"taxonomy":"post_tag","embeddable":true,"href":"https:\/\/deportodos.com.ar\/2023\/wp-json\/wp\/v2\/tags?post=2260"}],"curies":[{"name":"wp","href":"https:\/\/api.w.org\/{rel}","templated":true}]}}