{"id":2275,"date":"2024-09-16T01:12:39","date_gmt":"2024-09-16T01:12:39","guid":{"rendered":"https:\/\/deportodos.com.ar\/2023\/?p=2275"},"modified":"2024-09-16T01:22:39","modified_gmt":"2024-09-16T01:22:39","slug":"termino-otro-fin-de-semana-de-accion-en-la-historica","status":"publish","type":"post","link":"https:\/\/deportodos.com.ar\/2023\/termino-otro-fin-de-semana-de-accion-en-la-historica\/","title":{"rendered":"TERMIN\u00d3 OTRO FIN DE SEMANA DE ACCI\u00d3N EN LA HIST\u00d3RICA"},"content":{"rendered":"\n<p>Competici\u00f3n Especial Entrerriano cerr\u00f3 su fecha n\u00famero 7 del Campeonato R\u00edo Uruguay Seguros 2024<\/p>\n\n\n\n<p>Con un clima benigno y como siempre el acompa\u00f1amiento del gran p\u00fablico cautivo de esta categor\u00eda, las acciones en pista fueron otra entrega \u00fanica de una categor\u00eda que cumple cada fecha con sus fan\u00e1ticos,<\/p>\n\n\n\n<p>Mas all\u00e1 de fuertes incidencias de pista a lo largo del fin de semana. Fu\u00e9 un domingo de emociones, muchos pilotos que han subido al podio tras trabajar mucho e incluso fue momento de primeras victorias para pilotos de clase 1 y clase 3.<\/p>\n\n\n\n<p><strong>CLASE 1: EL PATO QUE NO FUE CRIOLLO<\/strong><\/p>\n\n\n\n<p>Momento de reivindicaci\u00f3n en el deporte motor para Patricio Lambert, que junto con el conjunto Sanchez-Garc\u00eda se lleva el primer triunfo de su historial en Competici\u00f3n Especial Entrerriano.<\/p>\n\n\n\n<p>Victorio Herbel en otra carrera enredada se sobrepuso a un toque y posterior despiste en el fragor de la batalla con el campe\u00f3n Fernando Elola, y fu\u00e9 segundo.<br>Mart\u00edn Solari inmpresionantemente subi\u00f3 al podio tras atravesar un mar de situaciones en pista y termina subiendose al podio con un auto contundente. Estableciendo del 1 al 3 podio completo para el Garc\u00eda Competici\u00f3n.<\/p>\n\n\n\n<p>El campe\u00f3n Fernando Elola salv\u00f3 el fin de semana de su regreso con el 4to lugar.<\/p>\n\n\n\n<p>COPA SENIORS<br>El podio qued\u00f3 encabezado por el urguayo Diego Howard, seguido de su paisano Esteban Gonzalez y Fabi\u00e1n Conte.<\/p>\n\n\n\n<p>Luego de avanzar hasta el segundo lugar result\u00f3 exclu\u00eddo por t\u00e9cnica el Renault del mansillense Mariano Marozzini.<\/p>\n\n\n\n<p><strong>CLASE 2: CON GUAPEZA Y VELOCIDAD, TRIUNFAZO DE GAST\u00d3N<\/strong><\/p>\n\n\n\n<p>El piloto de Colonia Mabraga\u00f1a gan\u00f3 de manera contundente y coin una buena diferencia a su favor, la que administr\u00f3 durante la carrera final. Tras haber elaborado uno de los sobrepasos del fin de semana en la serie. Momentos en que le roba la punta a Est\u00e9fano Kunzi metros antes de llegar a la l\u00ednea de meta.<\/p>\n\n\n\n<p>Los concordienses Agust\u00edn Roncaglione y Jonathan Olivieri se trenzaron en particular duelo para completar el 3-4 de la carrera.<\/p>\n\n\n\n<p>Quinto fu\u00e9 David Salvagno tras haber remado desde el fondo por una sanci\u00f3n en la serie.<\/p>\n\n\n\n<p>Debut\u00f3 Alejandro C\u00e1ceres con un Fiat Uno. El san Josecino Gian Franco Le\u00f3n; unico representante de Fiat Palio sufri\u00f3 un vuelco en el sector 2. Demandando la salida del auto de seguridad.<\/p>\n\n\n\n<p><strong>CLASE 3: EL APELLIDO RONCONI SUMA OTRO NUEVO GANADOR AL AUTOMOVILISMO ENTRERRIANO<\/strong><\/p>\n\n\n\n<p>El joven larroque\u00f1o, Tob\u00edas Ronconi ha llevado el m\u00e1ximo trofeo para su ciudad, tras un considerable tiempo de aprendizaje en Clase 3, siempre de la mano del Bona Racing y apostano por el modelo Uno de Fiat. Premio a la perseverancia un triunfo contundente golpe\u00f3 a las puertas del equipo, otorgandole tambi\u00e9n el segundo escal\u00f3n del podio, con la gran actuaci\u00f3n del uruguayense Facundo Tamay. Ahora usuario de Chevrolet Corsa.<\/p>\n\n\n\n<p>El experimentado Sebasti\u00e1n Elola contin\u00faa con su ambiciosa escalada y se queda con el tercer lugar del podio.<\/p>\n\n\n\n<p>La final fu\u00e9 sumamente desgastante. solo finaliz\u00f3 un poco mas del tercio del parque de m\u00e1quinas, se\u00f1al de que la pelea fu\u00e9 intensa en todos los puestos dejando importantes contendientes fuera, como Joaqu\u00edn Pereira que peleaba por posiciones de podio al momento del abandono.<\/p>\n\n\n\n<p>Sebasti\u00e1n Elola de nuevo se destac\u00f3 en Copa Seniors, siendo seguido por el piloto bonaerense Roberto Panzera<\/p>\n","protected":false},"excerpt":{"rendered":"<p>Competici\u00f3n Especial Entrerriano cerr\u00f3 su fecha n\u00famero 7 del Campeonato R\u00edo Uruguay Seguros 2024 Con&#8230;<\/p>\n","protected":false},"author":2,"featured_media":2278,"comment_status":"open","ping_status":"open","sticky":false,"template":"","format":"standard","meta":{"footnotes":""},"categories":[6,1],"tags":[],"class_list":["post-2275","post","type-post","status-publish","format-standard","has-post-thumbnail","hentry","category-automovilismo","category-sin-categoria"],"featured_image_urls":{"full":["https:\/\/deportodos.com.ar\/2023\/wp-content\/uploads\/2024\/09\/IMG-20240915-WA0073.jpg",1067,746,false],"thumbnail":["https:\/\/deportodos.com.ar\/2023\/wp-content\/uploads\/2024\/09\/IMG-20240915-WA0073-150x150.jpg",150,150,true],"medium":["https:\/\/deportodos.com.ar\/2023\/wp-content\/uploads\/2024\/09\/IMG-20240915-WA0073-300x210.jpg",300,210,true],"medium_large":["https:\/\/deportodos.com.ar\/2023\/wp-content\/uploads\/2024\/09\/IMG-20240915-WA0073-768x537.jpg",640,448,true],"large":["https:\/\/deportodos.com.ar\/2023\/wp-content\/uploads\/2024\/09\/IMG-20240915-WA0073-1024x716.jpg",640,448,true],"1536x1536":["https:\/\/deportodos.com.ar\/2023\/wp-content\/uploads\/2024\/09\/IMG-20240915-WA0073.jpg",1067,746,false],"2048x2048":["https:\/\/deportodos.com.ar\/2023\/wp-content\/uploads\/2024\/09\/IMG-20240915-WA0073.jpg",1067,746,false],"covernews-featured":["https:\/\/deportodos.com.ar\/2023\/wp-content\/uploads\/2024\/09\/IMG-20240915-WA0073-1024x716.jpg",1024,716,true],"covernews-medium":["https:\/\/deportodos.com.ar\/2023\/wp-content\/uploads\/2024\/09\/IMG-20240915-WA0073-540x340.jpg",540,340,true]},"author_info":{"display_name":"c2530142","author_link":"https:\/\/deportodos.com.ar\/2023\/author\/c2530142\/"},"category_info":"<a href=\"https:\/\/deportodos.com.ar\/2023\/category\/automovilismo\/\" rel=\"category tag\">Automovilismo<\/a> <a href=\"https:\/\/deportodos.com.ar\/2023\/category\/sin-categoria\/\" rel=\"category tag\">Sin categor\u00eda<\/a>","tag_info":"Sin categor\u00eda","comment_count":"0","_links":{"self":[{"href":"https:\/\/deportodos.com.ar\/2023\/wp-json\/wp\/v2\/posts\/2275","targetHints":{"allow":["GET"]}}],"collection":[{"href":"https:\/\/deportodos.com.ar\/2023\/wp-json\/wp\/v2\/posts"}],"about":[{"href":"https:\/\/deportodos.com.ar\/2023\/wp-json\/wp\/v2\/types\/post"}],"author":[{"embeddable":true,"href":"https:\/\/deportodos.com.ar\/2023\/wp-json\/wp\/v2\/users\/2"}],"replies":[{"embeddable":true,"href":"https:\/\/deportodos.com.ar\/2023\/wp-json\/wp\/v2\/comments?post=2275"}],"version-history":[{"count":1,"href":"https:\/\/deportodos.com.ar\/2023\/wp-json\/wp\/v2\/posts\/2275\/revisions"}],"predecessor-version":[{"id":2277,"href":"https:\/\/deportodos.com.ar\/2023\/wp-json\/wp\/v2\/posts\/2275\/revisions\/2277"}],"wp:featuredmedia":[{"embeddable":true,"href":"https:\/\/deportodos.com.ar\/2023\/wp-json\/wp\/v2\/media\/2278"}],"wp:attachment":[{"href":"https:\/\/deportodos.com.ar\/2023\/wp-json\/wp\/v2\/media?parent=2275"}],"wp:term":[{"taxonomy":"category","embeddable":true,"href":"https:\/\/deportodos.com.ar\/2023\/wp-json\/wp\/v2\/categories?post=2275"},{"taxonomy":"post_tag","embeddable":true,"href":"https:\/\/deportodos.com.ar\/2023\/wp-json\/wp\/v2\/tags?post=2275"}],"curies":[{"name":"wp","href":"https:\/\/api.w.org\/{rel}","templated":true}]}}