{"id":2279,"date":"2024-09-16T15:16:02","date_gmt":"2024-09-16T15:16:02","guid":{"rendered":"https:\/\/deportodos.com.ar\/2023\/?p=2279"},"modified":"2024-09-16T15:16:04","modified_gmt":"2024-09-16T15:16:04","slug":"doblete-de-cristian-galeano-en-la-formula-3-entrerriana","status":"publish","type":"post","link":"https:\/\/deportodos.com.ar\/2023\/doblete-de-cristian-galeano-en-la-formula-3-entrerriana\/","title":{"rendered":"DOBLETE DE CRISTIAN GALEANO EN LA F\u00d3RMULA 3 ENTRERRIANA"},"content":{"rendered":"\n<p><strong>En su debut en la categor\u00eda Cristian Galeano, con el Cepeda Racing se qued\u00f3 con las dos finales del fin de semana en el aut\u00f3dromo de Concepci\u00f3n del Uruguay. Todos los resultados:<\/strong><\/p>\n\n\n\n<figure class=\"wp-block-gallery has-nested-images columns-default is-cropped wp-block-gallery-1 is-layout-flex wp-block-gallery-is-layout-flex\">\n<figure class=\"wp-block-image size-full\"><a href=\"https:\/\/deportodos.com.ar\/2023\/wp-content\/uploads\/2024\/09\/Captura-de-pantalla-2024-09-16-121343.png\"><img fetchpriority=\"high\" decoding=\"async\" width=\"353\" height=\"302\" data-id=\"2280\" src=\"https:\/\/deportodos.com.ar\/2023\/wp-content\/uploads\/2024\/09\/Captura-de-pantalla-2024-09-16-121343.png\" alt=\"\" class=\"wp-image-2280\" srcset=\"https:\/\/deportodos.com.ar\/2023\/wp-content\/uploads\/2024\/09\/Captura-de-pantalla-2024-09-16-121343.png 353w, https:\/\/deportodos.com.ar\/2023\/wp-content\/uploads\/2024\/09\/Captura-de-pantalla-2024-09-16-121343-300x257.png 300w\" sizes=\"(max-width: 353px) 100vw, 353px\" \/><\/a><\/figure>\n<\/figure>\n\n\n\n<figure class=\"wp-block-image size-full is-resized\"><a href=\"https:\/\/deportodos.com.ar\/2023\/wp-content\/uploads\/2024\/09\/Captura-de-pantalla-2024-09-16-121445.png\"><img decoding=\"async\" width=\"359\" height=\"281\" src=\"https:\/\/deportodos.com.ar\/2023\/wp-content\/uploads\/2024\/09\/Captura-de-pantalla-2024-09-16-121445.png\" alt=\"\" class=\"wp-image-2281\" style=\"width:715px;height:auto\" srcset=\"https:\/\/deportodos.com.ar\/2023\/wp-content\/uploads\/2024\/09\/Captura-de-pantalla-2024-09-16-121445.png 359w, https:\/\/deportodos.com.ar\/2023\/wp-content\/uploads\/2024\/09\/Captura-de-pantalla-2024-09-16-121445-300x235.png 300w\" sizes=\"(max-width: 359px) 100vw, 359px\" \/><\/a><\/figure>\n\n\n\n<p><\/p>\n\n\n\n<blockquote class=\"wp-block-quote is-layout-flow wp-block-quote-is-layout-flow\">\n<p>www.banderaverde.com.ar<\/p>\n<\/blockquote>\n","protected":false},"excerpt":{"rendered":"<p>En su debut en la categor\u00eda Cristian Galeano, con el Cepeda Racing se qued\u00f3 con&#8230;<\/p>\n","protected":false},"author":2,"featured_media":2282,"comment_status":"open","ping_status":"open","sticky":false,"template":"","format":"standard","meta":{"footnotes":""},"categories":[6],"tags":[],"class_list":["post-2279","post","type-post","status-publish","format-standard","has-post-thumbnail","hentry","category-automovilismo"],"featured_image_urls":{"full":["https:\/\/deportodos.com.ar\/2023\/wp-content\/uploads\/2024\/09\/FORMULA-3-800x445-1.jpg",800,445,false],"thumbnail":["https:\/\/deportodos.com.ar\/2023\/wp-content\/uploads\/2024\/09\/FORMULA-3-800x445-1-150x150.jpg",150,150,true],"medium":["https:\/\/deportodos.com.ar\/2023\/wp-content\/uploads\/2024\/09\/FORMULA-3-800x445-1-300x167.jpg",300,167,true],"medium_large":["https:\/\/deportodos.com.ar\/2023\/wp-content\/uploads\/2024\/09\/FORMULA-3-800x445-1-768x427.jpg",640,356,true],"large":["https:\/\/deportodos.com.ar\/2023\/wp-content\/uploads\/2024\/09\/FORMULA-3-800x445-1.jpg",640,356,false],"1536x1536":["https:\/\/deportodos.com.ar\/2023\/wp-content\/uploads\/2024\/09\/FORMULA-3-800x445-1.jpg",800,445,false],"2048x2048":["https:\/\/deportodos.com.ar\/2023\/wp-content\/uploads\/2024\/09\/FORMULA-3-800x445-1.jpg",800,445,false],"covernews-featured":["https:\/\/deportodos.com.ar\/2023\/wp-content\/uploads\/2024\/09\/FORMULA-3-800x445-1.jpg",800,445,false],"covernews-medium":["https:\/\/deportodos.com.ar\/2023\/wp-content\/uploads\/2024\/09\/FORMULA-3-800x445-1-540x340.jpg",540,340,true]},"author_info":{"display_name":"c2530142","author_link":"https:\/\/deportodos.com.ar\/2023\/author\/c2530142\/"},"category_info":"<a href=\"https:\/\/deportodos.com.ar\/2023\/category\/automovilismo\/\" rel=\"category tag\">Automovilismo<\/a>","tag_info":"Automovilismo","comment_count":"0","_links":{"self":[{"href":"https:\/\/deportodos.com.ar\/2023\/wp-json\/wp\/v2\/posts\/2279","targetHints":{"allow":["GET"]}}],"collection":[{"href":"https:\/\/deportodos.com.ar\/2023\/wp-json\/wp\/v2\/posts"}],"about":[{"href":"https:\/\/deportodos.com.ar\/2023\/wp-json\/wp\/v2\/types\/post"}],"author":[{"embeddable":true,"href":"https:\/\/deportodos.com.ar\/2023\/wp-json\/wp\/v2\/users\/2"}],"replies":[{"embeddable":true,"href":"https:\/\/deportodos.com.ar\/2023\/wp-json\/wp\/v2\/comments?post=2279"}],"version-history":[{"count":1,"href":"https:\/\/deportodos.com.ar\/2023\/wp-json\/wp\/v2\/posts\/2279\/revisions"}],"predecessor-version":[{"id":2283,"href":"https:\/\/deportodos.com.ar\/2023\/wp-json\/wp\/v2\/posts\/2279\/revisions\/2283"}],"wp:featuredmedia":[{"embeddable":true,"href":"https:\/\/deportodos.com.ar\/2023\/wp-json\/wp\/v2\/media\/2282"}],"wp:attachment":[{"href":"https:\/\/deportodos.com.ar\/2023\/wp-json\/wp\/v2\/media?parent=2279"}],"wp:term":[{"taxonomy":"category","embeddable":true,"href":"https:\/\/deportodos.com.ar\/2023\/wp-json\/wp\/v2\/categories?post=2279"},{"taxonomy":"post_tag","embeddable":true,"href":"https:\/\/deportodos.com.ar\/2023\/wp-json\/wp\/v2\/tags?post=2279"}],"curies":[{"name":"wp","href":"https:\/\/api.w.org\/{rel}","templated":true}]}}