{"id":2290,"date":"2024-09-17T15:19:17","date_gmt":"2024-09-17T15:19:17","guid":{"rendered":"https:\/\/deportodos.com.ar\/2023\/?p=2290"},"modified":"2024-09-17T15:19:18","modified_gmt":"2024-09-17T15:19:18","slug":"asi-quedo-la-copa-de-oro-rus-tras-la-1a-fecha","status":"publish","type":"post","link":"https:\/\/deportodos.com.ar\/2023\/asi-quedo-la-copa-de-oro-rus-tras-la-1a-fecha\/","title":{"rendered":"AS\u00cd QUEDO LA COPA DE ORO RUS TRAS LA 1\u00aa FECHA"},"content":{"rendered":"\n<p>El\u00a0<strong>Turismo Carretera<\/strong>\u00a0disput\u00f3 la\u00a0<strong>1\u00aa fecha de la Copa de Oro RUS<\/strong>\u00a0en el aut\u00f3dromo de\u00a0<strong>San Luis<\/strong>. En una carrera que ser\u00e1 recordada por el esc\u00e1ndalo que se gener\u00f3 tras las denuncias de\u00a0<strong>Esteban Gini<\/strong>\u00a0y\u00a0<strong>Federico Iribarne<\/strong>\u00a0que derivaron en la exclusi\u00f3n por T\u00e9cnica de 3 de los 4 primeros,\u00a0<strong>Juli\u00e1n Santero<\/strong>\u00a0(Ford Mustang) se qued\u00f3 con la victoria y tom\u00f3 mayor distancia en la cima del minitorneo.<\/p>\n\n\n\n<p>Santero,&nbsp;<strong>Jos\u00e9 Manuel Urcera<\/strong>&nbsp;(Ford Mustang) y&nbsp;<strong>Facundo Ardusso<\/strong>&nbsp;(Chevrolet Camaro) hab\u00edan sido los integrantes del podio. No obstante, y luego de una&nbsp;<a href=\"https:\/\/www.solotc.com.ar\/tc-san-luis-denuncias-autos-fuera-reglamento-gini-iribarne\/\" target=\"_blank\" rel=\"noreferrer noopener\">denuncia que realiz\u00f3 el Tubo Gini&nbsp;<\/a>por&nbsp;<strong>sospechas de que los autos de los 3 del podio (m\u00e1s el Challenger de Otto Fritzler) estaban fuera de reglamento<\/strong>, fueron excluidos Ardusso (por anomal\u00edas en el m\u00faltiple de admisi\u00f3n) y Urcera (porque su equipo no permiti\u00f3 que revisen el motor).<\/p>\n\n\n\n<p>A su vez, Iribarne plant\u00f3 una denuncia contra&nbsp;<strong>Juan Mart\u00edn Trucco<\/strong>&nbsp;(Dodge Challenger) \u2013que hab\u00eda arribado en la 4\u00aa colocaci\u00f3n- y tambi\u00e9n fue excluido ya que, seg\u00fan comunicaron desde el departamento t\u00e9cnico, el multiv\u00e1lvulas Cherokee&nbsp;<strong>no respetaba la cilindrada reglamentaria<\/strong>. De este modo,&nbsp;<strong>Santiago Mangoni<\/strong>&nbsp;(Chevrolet Camaro) avanz\u00f3 del 5\u00ba al 2\u00ba puesto del clasificador y&nbsp;<strong>Mauricio Lambiris<\/strong>&nbsp;(Ford Mustang) del 6\u00ba al 3\u00ba.<\/p>\n\n\n\n<p> \u00a0<\/p>\n\n\n\n<p>Frente a este panorama, Santero (que pas\u00f3 exitosamente la revisi\u00f3n t\u00e9cnica) sell\u00f3 su 2\u00ba triunfo de la temporada y sac\u00f3 una mayor diferencia en el petit certamen. El piloto del&nbsp;<strong>LCA Racing<\/strong>&nbsp;lleg\u00f3 al circuito puntano con&nbsp;<strong>15 puntos de ventaja y se fue con 28 por sobre Mangoni<\/strong>, su nuevo escolta en la tabla de posiciones, que adem\u00e1s est\u00e1&nbsp;<strong>obligado a conseguir la victoria en alguna de las 4 fechas<\/strong>&nbsp;que restan para&nbsp;<strong>quedar habilitado a la pelea por el t\u00edtulo<\/strong>.<\/p>\n\n\n\n<p><strong>Mariano Werner<\/strong>&nbsp;(Ford Mustang), actual campe\u00f3n de la \u201cm\u00e1xima\u201d, se acomod\u00f3 3\u00ba en la tabla gracias a que&nbsp;<strong>pudo avanzar al 6\u00ba puesto luego de las exclusiones de 3 rivales<\/strong>. El piloto del&nbsp;<strong>Fadel Werner Competici\u00f3n qued\u00f3 a 28,5 unidades<\/strong>&nbsp;del l\u00edder. En tanto que Lambiris, que complet\u00f3 el podio, se acomod\u00f3 en la&nbsp;<strong>4\u00aa posici\u00f3n a 31 puntos<\/strong>&nbsp;de la cima.&nbsp;<strong>Diego Ciantini<\/strong>&nbsp;(Chevrolet Camaro) se ubica&nbsp;<strong>5\u00ba a 34,5<\/strong>.<\/p>\n\n\n\n<p>Urcera, que con los puntos acumulados a lo largo del fin de semana&nbsp;<strong>hab\u00eda quedado como escolta de Santero a 20 unidades<\/strong>, ahora&nbsp;<strong>descendi\u00f3 a la pen\u00faltima posici\u00f3n<\/strong>&nbsp;con apenas los 8 puntos con los que inici\u00f3 la fecha. En tanto que&nbsp;<strong>Ardusso y Trucco<\/strong>, que se hab\u00edan metido en la&nbsp;<strong>zona de clasificaci\u00f3n mediante el sistema de los \u201c3 de \u00faltimo minuto\u201d<\/strong>, se&nbsp;<strong>cayeron luego de las exclusiones<\/strong>&nbsp;que recibieron tras las inspecciones t\u00e9cnicas.<\/p>\n\n\n\n<p>Por el momento, los que estar\u00edan ingresando a trav\u00e9s de este formato son&nbsp;<strong>Marcos Landa<\/strong>&nbsp;(Torino NG),&nbsp;<strong>Lautaro de la Iglesia<\/strong>&nbsp;(Dodge Challenger) y&nbsp;<strong>Germ\u00e1n Todino<\/strong>&nbsp;(Ford Mustang). Los \u00faltimos 3 clasificados se&nbsp;<strong>definir\u00e1n reci\u00e9n al cierre de la 4\u00aa fecha de la Copa de Oro<\/strong>&nbsp;que se disputar\u00e1 el&nbsp;<strong>9 y 10 de noviembre en el aut\u00f3dromo de Toay<\/strong>&nbsp;(La Pampa). &nbsp;<\/p>\n\n\n\n<h2 class=\"wp-block-heading\">Copa de Oro \u2013 TC \u2013 Disputada 1 de 5 fechas<\/h2>\n\n\n\n<figure class=\"wp-block-table\"><table class=\"has-fixed-layout\"><tbody><tr><td><strong>Pos.<\/strong><\/td><td><strong>Piloto<\/strong><\/td><td><strong>Mca.<\/strong><\/td><td><strong>Pts.<\/strong><\/td><\/tr><tr><td>1<\/td><td><strong>Santero, J.<\/strong><\/td><td>F. Mustang<\/td><td>70<\/td><\/tr><tr><td>2<\/td><td>Mangoni, S.<\/td><td>Ch. Camaro<\/td><td>42<\/td><\/tr><tr><td>3<\/td><td><strong>Werner, M.<\/strong><\/td><td>F. Mustang<\/td><td>41,5<\/td><\/tr><tr><td>4<\/td><td>Lambiris, M.<\/td><td>F. Mustang<\/td><td>39<\/td><\/tr><tr><td>5<\/td><td>Ciantini, D.<\/td><td>Ch. Camaro<\/td><td>35,5<\/td><\/tr><tr><td>6<\/td><td><strong>Aguirre, V.<\/strong><\/td><td>Ch. Camaro<\/td><td>30<\/td><\/tr><tr><td>7<\/td><td>Landa, M. (3UM)<\/td><td>T NG<\/td><td>29,5<\/td><\/tr><tr><td>8<\/td><td>Ebarl\u00edn, J. J.<\/td><td>Ch. Camaro<\/td><td>26<\/td><\/tr><tr><td>9<\/td><td>de la Iglesia, L. (3UM)<\/td><td>D. Challenger<\/td><td>25<\/td><\/tr><tr><td>10<\/td><td><strong>Todino, G.<\/strong>&nbsp;(3UM)<\/td><td>F. Mustang<\/td><td>24,5<\/td><\/tr><tr><td>11<\/td><td><strong>Gini, E.<\/strong><\/td><td>Ty NG<\/td><td>18,5<\/td><\/tr><tr><td>12<\/td><td>Risatti, R.<\/td><td>Ch. Camaro<\/td><td>15,5<\/td><\/tr><tr><td>13<\/td><td>Quijada, M.<\/td><td>Ch. Camaro<\/td><td>12,5<\/td><\/tr><tr><td>14<\/td><td><strong>Urcera, J. M.<\/strong><\/td><td>F. Mustang<\/td><td>8<\/td><\/tr><tr><td>15<\/td><td>De Benedictis, J. B.<\/td><td>F. Mustang<\/td><td><strong>7.5<\/strong><\/td><\/tr><\/tbody><\/table><\/figure>\n\n\n\n<blockquote class=\"wp-block-quote is-layout-flow wp-block-quote-is-layout-flow\">\n<p>www.solotc.com.ar<\/p>\n<\/blockquote>\n","protected":false},"excerpt":{"rendered":"<p>El\u00a0Turismo Carretera\u00a0disput\u00f3 la\u00a01\u00aa fecha de la Copa de Oro RUS\u00a0en el aut\u00f3dromo de\u00a0San Luis. En&#8230;<\/p>\n","protected":false},"author":2,"featured_media":2291,"comment_status":"open","ping_status":"open","sticky":false,"template":"","format":"standard","meta":{"footnotes":""},"categories":[6],"tags":[],"class_list":["post-2290","post","type-post","status-publish","format-standard","has-post-thumbnail","hentry","category-automovilismo"],"featured_image_urls":{"full":["https:\/\/deportodos.com.ar\/2023\/wp-content\/uploads\/2024\/09\/Santero_box-1024x576-1.jpg",1024,576,false],"thumbnail":["https:\/\/deportodos.com.ar\/2023\/wp-content\/uploads\/2024\/09\/Santero_box-1024x576-1-150x150.jpg",150,150,true],"medium":["https:\/\/deportodos.com.ar\/2023\/wp-content\/uploads\/2024\/09\/Santero_box-1024x576-1-300x169.jpg",300,169,true],"medium_large":["https:\/\/deportodos.com.ar\/2023\/wp-content\/uploads\/2024\/09\/Santero_box-1024x576-1-768x432.jpg",640,360,true],"large":["https:\/\/deportodos.com.ar\/2023\/wp-content\/uploads\/2024\/09\/Santero_box-1024x576-1.jpg",640,360,false],"1536x1536":["https:\/\/deportodos.com.ar\/2023\/wp-content\/uploads\/2024\/09\/Santero_box-1024x576-1.jpg",1024,576,false],"2048x2048":["https:\/\/deportodos.com.ar\/2023\/wp-content\/uploads\/2024\/09\/Santero_box-1024x576-1.jpg",1024,576,false],"covernews-featured":["https:\/\/deportodos.com.ar\/2023\/wp-content\/uploads\/2024\/09\/Santero_box-1024x576-1.jpg",1024,576,false],"covernews-medium":["https:\/\/deportodos.com.ar\/2023\/wp-content\/uploads\/2024\/09\/Santero_box-1024x576-1-540x340.jpg",540,340,true]},"author_info":{"display_name":"c2530142","author_link":"https:\/\/deportodos.com.ar\/2023\/author\/c2530142\/"},"category_info":"<a href=\"https:\/\/deportodos.com.ar\/2023\/category\/automovilismo\/\" rel=\"category tag\">Automovilismo<\/a>","tag_info":"Automovilismo","comment_count":"0","_links":{"self":[{"href":"https:\/\/deportodos.com.ar\/2023\/wp-json\/wp\/v2\/posts\/2290","targetHints":{"allow":["GET"]}}],"collection":[{"href":"https:\/\/deportodos.com.ar\/2023\/wp-json\/wp\/v2\/posts"}],"about":[{"href":"https:\/\/deportodos.com.ar\/2023\/wp-json\/wp\/v2\/types\/post"}],"author":[{"embeddable":true,"href":"https:\/\/deportodos.com.ar\/2023\/wp-json\/wp\/v2\/users\/2"}],"replies":[{"embeddable":true,"href":"https:\/\/deportodos.com.ar\/2023\/wp-json\/wp\/v2\/comments?post=2290"}],"version-history":[{"count":1,"href":"https:\/\/deportodos.com.ar\/2023\/wp-json\/wp\/v2\/posts\/2290\/revisions"}],"predecessor-version":[{"id":2292,"href":"https:\/\/deportodos.com.ar\/2023\/wp-json\/wp\/v2\/posts\/2290\/revisions\/2292"}],"wp:featuredmedia":[{"embeddable":true,"href":"https:\/\/deportodos.com.ar\/2023\/wp-json\/wp\/v2\/media\/2291"}],"wp:attachment":[{"href":"https:\/\/deportodos.com.ar\/2023\/wp-json\/wp\/v2\/media?parent=2290"}],"wp:term":[{"taxonomy":"category","embeddable":true,"href":"https:\/\/deportodos.com.ar\/2023\/wp-json\/wp\/v2\/categories?post=2290"},{"taxonomy":"post_tag","embeddable":true,"href":"https:\/\/deportodos.com.ar\/2023\/wp-json\/wp\/v2\/tags?post=2290"}],"curies":[{"name":"wp","href":"https:\/\/api.w.org\/{rel}","templated":true}]}}