{"id":2293,"date":"2024-09-18T01:44:30","date_gmt":"2024-09-18T01:44:30","guid":{"rendered":"https:\/\/deportodos.com.ar\/2023\/?p=2293"},"modified":"2024-09-18T01:44:31","modified_gmt":"2024-09-18T01:44:31","slug":"plata-para-alan-y-mica-en-el-k2-mixto-del-mundial","status":"publish","type":"post","link":"https:\/\/deportodos.com.ar\/2023\/plata-para-alan-y-mica-en-el-k2-mixto-del-mundial\/","title":{"rendered":"PLATA PARA ALAN Y MICA EN EL K2 MIXTO DEL MUNDIAL"},"content":{"rendered":"\n<p><em><strong>El palista Alan Nielsen complet\u00f3 su gran mundial con el segundo podio y un cuarto puesto que hacen valer el esfuerzo realizado para poder estar en Croacia. En el cierre fue medalla de plata junto a la paranaense Micaela Maslein en el K2 Mixto.<\/strong><\/em><\/p>\n\n\n\n<p>El palista de la Escuela Municipal hab\u00eda participado en el comienzo del torneo en el K1 donde se ubic\u00f3 en la tercera posici\u00f3n tras una brillante carrera.<br>Para este martes ten\u00eda doble exigencia porque deb\u00eda correr el K2 varones junto a&nbsp;<strong>Gast\u00f3n Semprin<\/strong>&nbsp;de Viedma y luego el K2 Mixto junto a la paranense&nbsp;<strong>Micaela Maslein<\/strong>.<\/p>\n\n\n\n<p>La primera carrera de este martes fueron los 20k del K2 varones donde\u00a0<strong>Alan<\/strong>\u00a0comparti\u00f3 bote con\u00a0<strong>Gast\u00f3n Semprin<\/strong>, el palista del club Piedra Buena de Viedma.<br>Fueron cuartos tras una dura carrera que ganaron los sudafricanos\u00a0<strong>Robb-Crichton<\/strong>; segundo fueron los de Gran Breta\u00f1a,\u00a0<strong>Caruncho-Boehm<\/strong>\u00a0y terceros\u00a0<strong>Boe-Thomsen<\/strong>\u00a0de Dinamarca.<\/p>\n\n\n\n<p>Despu\u00e9s de esa prueba llegaba el tiempo del K2 Mixto donde se unieron los entrerrianos\u00a0<strong>Micaela Maslein<\/strong>\u00a0del N\u00e1utico Paran\u00e1 y\u00a0<strong>Alan Nielsen<\/strong>\u00a0de la Escuela Municipal. Con Mica, quien ha corrido muchisimas pruebas con\u00a0<strong>Magui Garro<\/strong>, tuvieron una grand\u00edsima prueba quedando a un paso de la medalla dorada. Fue plata para que el uruguayense culmine un gran mundial corriendo en el Master de 35 a 39 a\u00f1os.<\/p>\n\n\n\n<p>La final del Master de 35 a 39 a\u00f1os Mixto tuvo una serie de divergencias porque algunos dieron 3 vueltas al circuito con dos acarreos y otros 4 vueltas y tres acarreos, tal como se acostumbra en estas competencia.<br>Al respecto Alan nos cuenta que\u00a0<strong>\u00ablo que pas\u00f3 es que hab\u00eda dos comunicados distintos por parte de la Federaci\u00f3n Internacional. El \u00faltimo comunicado enviado a todos los pa\u00edses dec\u00edan que la prueba constaba de cuatro vueltas largas con tres acarreos. Pero hab\u00eda otra p\u00e1gina donde se pueden averiguar los resultados y horas de las carreras y abajo dec\u00eda: tres vueltas y dos acarreos\u00bb.<\/strong><br><strong>\u00abCuando llegamos a la tercera vuelta, nosotros que ven\u00edamos adelante con los sudafricanos seguimos rumbo a la cuarta mientras que varios hicieron el acarreo y la vuelta corta como si ya terminaba la carrera. Nosotros seguimos junto a uno de los botes sudafricanos, algunos m\u00e1s y otros que se sumaron al ver que la carrera segu\u00eda\u00bb.<\/strong><\/p>\n\n\n\n<p>Ante esto la Federaci\u00f3n Internacional tuvo un decisi\u00f3n Salom\u00f3nica\u00a0<strong>\u00abAnte esto la Federaci\u00f3n Internacional resolvi\u00f3 tras una reuni\u00f3n que hicieron los jueves y al ver que hab\u00eda dos comunicados oficiales por parte de ellos, hicieron dos clasificaciones separadas y dos podios con los que hicieron tres vueltas y los que hicieron cuatro\u00bb.<\/strong><br><strong>\u00abPor reglamento -le sigue contando Alan a Deporte Digital- y como en todos los mundiales se ha hecho, el K2 Master Mixto el circuito consta de 4 vueltas y tres acarreos como hicimos nosotros\u00bb.<\/strong><br>M\u00e1s all\u00e1 de los nervios del final hasta saber la decisi\u00f3n\u00a0<strong>\u00abCon Mica (Maslein) salimos segundos detr\u00e1s del m\u00faltiple campe\u00f3n mundial master, Hank McGregor quien corri\u00f3 con Pippa McGregor, lo que es un verdadero orgullo para nosotros. Tercero finaliz\u00f3 el bote espa\u00f1ol con Adolfo Monteagudo y Kissi Torres\u00bb.<\/strong><\/p>\n\n\n\n<blockquote class=\"wp-block-quote is-layout-flow wp-block-quote-is-layout-flow\">\n<p>www.deportedigital.com.ar<\/p>\n<\/blockquote>\n\n\n\n<p><\/p>\n","protected":false},"excerpt":{"rendered":"<p>El palista Alan Nielsen complet\u00f3 su gran mundial con el segundo podio y un cuarto&#8230;<\/p>\n","protected":false},"author":2,"featured_media":2294,"comment_status":"open","ping_status":"open","sticky":false,"template":"","format":"standard","meta":{"footnotes":""},"categories":[15],"tags":[],"class_list":["post-2293","post","type-post","status-publish","format-standard","has-post-thumbnail","hentry","category-canotaje"],"featured_image_urls":{"full":["https:\/\/deportodos.com.ar\/2023\/wp-content\/uploads\/2024\/09\/Canotaje-Alan-Mundial-Mixto-podio-1-1038x576-1.jpg",1038,576,false],"thumbnail":["https:\/\/deportodos.com.ar\/2023\/wp-content\/uploads\/2024\/09\/Canotaje-Alan-Mundial-Mixto-podio-1-1038x576-1-150x150.jpg",150,150,true],"medium":["https:\/\/deportodos.com.ar\/2023\/wp-content\/uploads\/2024\/09\/Canotaje-Alan-Mundial-Mixto-podio-1-1038x576-1-300x166.jpg",300,166,true],"medium_large":["https:\/\/deportodos.com.ar\/2023\/wp-content\/uploads\/2024\/09\/Canotaje-Alan-Mundial-Mixto-podio-1-1038x576-1-768x426.jpg",640,355,true],"large":["https:\/\/deportodos.com.ar\/2023\/wp-content\/uploads\/2024\/09\/Canotaje-Alan-Mundial-Mixto-podio-1-1038x576-1-1024x568.jpg",640,355,true],"1536x1536":["https:\/\/deportodos.com.ar\/2023\/wp-content\/uploads\/2024\/09\/Canotaje-Alan-Mundial-Mixto-podio-1-1038x576-1.jpg",1038,576,false],"2048x2048":["https:\/\/deportodos.com.ar\/2023\/wp-content\/uploads\/2024\/09\/Canotaje-Alan-Mundial-Mixto-podio-1-1038x576-1.jpg",1038,576,false],"covernews-featured":["https:\/\/deportodos.com.ar\/2023\/wp-content\/uploads\/2024\/09\/Canotaje-Alan-Mundial-Mixto-podio-1-1038x576-1-1024x568.jpg",1024,568,true],"covernews-medium":["https:\/\/deportodos.com.ar\/2023\/wp-content\/uploads\/2024\/09\/Canotaje-Alan-Mundial-Mixto-podio-1-1038x576-1-540x340.jpg",540,340,true]},"author_info":{"display_name":"c2530142","author_link":"https:\/\/deportodos.com.ar\/2023\/author\/c2530142\/"},"category_info":"<a href=\"https:\/\/deportodos.com.ar\/2023\/category\/canotaje\/\" rel=\"category tag\">Canotaje<\/a>","tag_info":"Canotaje","comment_count":"0","_links":{"self":[{"href":"https:\/\/deportodos.com.ar\/2023\/wp-json\/wp\/v2\/posts\/2293","targetHints":{"allow":["GET"]}}],"collection":[{"href":"https:\/\/deportodos.com.ar\/2023\/wp-json\/wp\/v2\/posts"}],"about":[{"href":"https:\/\/deportodos.com.ar\/2023\/wp-json\/wp\/v2\/types\/post"}],"author":[{"embeddable":true,"href":"https:\/\/deportodos.com.ar\/2023\/wp-json\/wp\/v2\/users\/2"}],"replies":[{"embeddable":true,"href":"https:\/\/deportodos.com.ar\/2023\/wp-json\/wp\/v2\/comments?post=2293"}],"version-history":[{"count":1,"href":"https:\/\/deportodos.com.ar\/2023\/wp-json\/wp\/v2\/posts\/2293\/revisions"}],"predecessor-version":[{"id":2295,"href":"https:\/\/deportodos.com.ar\/2023\/wp-json\/wp\/v2\/posts\/2293\/revisions\/2295"}],"wp:featuredmedia":[{"embeddable":true,"href":"https:\/\/deportodos.com.ar\/2023\/wp-json\/wp\/v2\/media\/2294"}],"wp:attachment":[{"href":"https:\/\/deportodos.com.ar\/2023\/wp-json\/wp\/v2\/media?parent=2293"}],"wp:term":[{"taxonomy":"category","embeddable":true,"href":"https:\/\/deportodos.com.ar\/2023\/wp-json\/wp\/v2\/categories?post=2293"},{"taxonomy":"post_tag","embeddable":true,"href":"https:\/\/deportodos.com.ar\/2023\/wp-json\/wp\/v2\/tags?post=2293"}],"curies":[{"name":"wp","href":"https:\/\/api.w.org\/{rel}","templated":true}]}}