{"id":2309,"date":"2024-09-20T00:29:03","date_gmt":"2024-09-20T00:29:03","guid":{"rendered":"https:\/\/deportodos.com.ar\/2023\/?p=2309"},"modified":"2024-09-20T00:29:04","modified_gmt":"2024-09-20T00:29:04","slug":"dos-nuevas-fechas-dobles-en-el-regreso-a-gualeguay","status":"publish","type":"post","link":"https:\/\/deportodos.com.ar\/2023\/dos-nuevas-fechas-dobles-en-el-regreso-a-gualeguay\/","title":{"rendered":"DOS NUEVAS FECHAS DOBLES EN EL REGRESO A GUALEGUAY"},"content":{"rendered":"\n<p><em>El Campeonato Entrerriano de Karting vuelve al \u201cJorge Frare\u201d el venidero fin de semana, en ocasi\u00f3n del s\u00e9ptimo evento de la temporada. Nuevamente, dos divisionales tendr\u00e1n doble jornada, en esta ocasi\u00f3n la 150cc Mayores \u201cB\u201d y la 150cc Junior \u201cA\u201d.<\/em><\/p>\n\n\n\n<p>El kart\u00f3dromo gualeyo recibir\u00e1 una sumamente especial s\u00e9ptima cita anual del campeonato provincial de karting: No s\u00f3lo habr\u00e1 doble espect\u00e1culo para las categor\u00edas 150cc Mayores \u201cB\u201d y 150cc Junior \u201cA\u201d, sino que adem\u00e1s se har\u00e1 presente la solidaridad, mediante la colecta de alimentos no perecederos y dinero para el Hogar de Ancianos \u201cCura Jeannot\u201d de Gualeguaych\u00fa.<\/p>\n\n\n\n<p>La \u00faltima visita al \u201cJorge Frare\u201d data del 1 y 2 de junio de este a\u00f1o, con cifra m\u00e1xima de karts en el 2024 (180) y r\u00e9cords para varias divisionales. Los grandes vencedores de ese fin de semana fueron: Agust\u00edn Fabi\u00e1n (125cc Internacional), Pablo Zapata, Sebasti\u00e1n Reynoso (150cc Mayores \u201cC\u201d), Mart\u00edn Palavecino (Copa M\u00e1ster 150cc), Franco Balbuena, Julio Vel\u00e1zquez (150cc Mayores \u201cB\u201d), Dami\u00e1n Cleppe, Valent\u00edn Bauer (150cc Junior \u201cA\u201d), Tiziano Cantero (150cc Promocional) y Gonzalo Callejas (110cc Escuela).<\/p>\n\n\n\n<p>Por supuesto, y con semejante antecedente en lo num\u00e9rico, las expectativas en cuanto a karts son muy altas y ya, entre los m\u00e1s de 130 inscriptos al cierre de esta edici\u00f3n, tenemos las siguientes novedades:<\/p>\n\n\n\n<p><em>\u2013 150cc MAYORES \u201cC\u201d<\/em> : debutan los locales Francisco Nahuel Arrighi y Mariano Kablan, el chaque\u00f1o Enzo Buyatti (Resistencia), Pedro Calvi (Venado Tuerto, Santa Fe) y Rodolfo Arraygada (Concepci\u00f3n del Uruguay) y regresan Enzo Leineker (Concordia), Oscar Larraza (Gualeguaych\u00fa), Rodrigo Fahler (Gualeguay) y Bruno Marconato (Santa Fe)<\/p>\n\n\n\n<p><em>\u2013 150cc MAYORES \u201cB\u201d<\/em> : se estrenan Mariano Exequiel Roth (Santa Elena), Mauricio Hurtado (Col\u00f3n) y Alexis Tom\u00e1s Bouvet (San Jos\u00e9) y vuelven Leandro Horisberger, Lucas Pereyra (Paran\u00e1), Ignacio Van Derdonckt (Villaguay), Alejo Sosa (Gualeguaych\u00fa) y Marcos Palombizio (Santa Fe)<\/p>\n\n\n\n<p><em>\u2013 150cc JUNIOR \u201cA\u201d<\/em> : debutan Jon\u00e1s Maquiavelo (San Jos\u00e9) y Facundo Robolo (Santa Fe) y retornan Santino Schonfeld (Paran\u00e1), Valent\u00edn Coffy (San Jos\u00e9) y Felipe Saloj (Concordia)<\/p>\n\n\n\n<p><em>\u2013 110cc ESCUELA:<\/em> debuta Cipriano Rein (General Galarza)<\/p>\n\n\n\n<p>La actividad oficial arrancar\u00e1 el d\u00eda s\u00e1bado con las pruebas oficiales, las clasificaciones y las primeras finales del fin de semana de las divisionales 150cc Mayores \u201cB\u201d y 150cc Junior \u201cA\u201d, y continuar\u00e1 el domingo con la disputa de las series y el grueso de las competencias decisivas, que ser\u00e1n transmitidas en vivo y en directo por Perika Producciones a trav\u00e9s de su canal de YouTube.<\/p>\n\n\n\n<p>PRENSA ACEKP: Rodrigo Bouvet<br>FOTOS: Andr\u00e9s Queirolo<\/p>\n","protected":false},"excerpt":{"rendered":"<p>El Campeonato Entrerriano de Karting vuelve al \u201cJorge Frare\u201d el venidero fin de semana, en&#8230;<\/p>\n","protected":false},"author":2,"featured_media":2304,"comment_status":"open","ping_status":"open","sticky":false,"template":"","format":"standard","meta":{"footnotes":""},"categories":[48],"tags":[],"class_list":["post-2309","post","type-post","status-publish","format-standard","has-post-thumbnail","hentry","category-karting"],"featured_image_urls":{"full":["https:\/\/deportodos.com.ar\/2023\/wp-content\/uploads\/2024\/09\/IMG-20240919-WA0075.jpg",1600,1066,false],"thumbnail":["https:\/\/deportodos.com.ar\/2023\/wp-content\/uploads\/2024\/09\/IMG-20240919-WA0075-150x150.jpg",150,150,true],"medium":["https:\/\/deportodos.com.ar\/2023\/wp-content\/uploads\/2024\/09\/IMG-20240919-WA0075-300x200.jpg",300,200,true],"medium_large":["https:\/\/deportodos.com.ar\/2023\/wp-content\/uploads\/2024\/09\/IMG-20240919-WA0075-768x512.jpg",640,427,true],"large":["https:\/\/deportodos.com.ar\/2023\/wp-content\/uploads\/2024\/09\/IMG-20240919-WA0075-1024x682.jpg",640,426,true],"1536x1536":["https:\/\/deportodos.com.ar\/2023\/wp-content\/uploads\/2024\/09\/IMG-20240919-WA0075-1536x1023.jpg",1536,1023,true],"2048x2048":["https:\/\/deportodos.com.ar\/2023\/wp-content\/uploads\/2024\/09\/IMG-20240919-WA0075.jpg",1600,1066,false],"covernews-featured":["https:\/\/deportodos.com.ar\/2023\/wp-content\/uploads\/2024\/09\/IMG-20240919-WA0075-1024x682.jpg",1024,682,true],"covernews-medium":["https:\/\/deportodos.com.ar\/2023\/wp-content\/uploads\/2024\/09\/IMG-20240919-WA0075-540x340.jpg",540,340,true]},"author_info":{"display_name":"c2530142","author_link":"https:\/\/deportodos.com.ar\/2023\/author\/c2530142\/"},"category_info":"<a href=\"https:\/\/deportodos.com.ar\/2023\/category\/karting\/\" rel=\"category tag\">Karting<\/a>","tag_info":"Karting","comment_count":"0","_links":{"self":[{"href":"https:\/\/deportodos.com.ar\/2023\/wp-json\/wp\/v2\/posts\/2309","targetHints":{"allow":["GET"]}}],"collection":[{"href":"https:\/\/deportodos.com.ar\/2023\/wp-json\/wp\/v2\/posts"}],"about":[{"href":"https:\/\/deportodos.com.ar\/2023\/wp-json\/wp\/v2\/types\/post"}],"author":[{"embeddable":true,"href":"https:\/\/deportodos.com.ar\/2023\/wp-json\/wp\/v2\/users\/2"}],"replies":[{"embeddable":true,"href":"https:\/\/deportodos.com.ar\/2023\/wp-json\/wp\/v2\/comments?post=2309"}],"version-history":[{"count":1,"href":"https:\/\/deportodos.com.ar\/2023\/wp-json\/wp\/v2\/posts\/2309\/revisions"}],"predecessor-version":[{"id":2311,"href":"https:\/\/deportodos.com.ar\/2023\/wp-json\/wp\/v2\/posts\/2309\/revisions\/2311"}],"wp:featuredmedia":[{"embeddable":true,"href":"https:\/\/deportodos.com.ar\/2023\/wp-json\/wp\/v2\/media\/2304"}],"wp:attachment":[{"href":"https:\/\/deportodos.com.ar\/2023\/wp-json\/wp\/v2\/media?parent=2309"}],"wp:term":[{"taxonomy":"category","embeddable":true,"href":"https:\/\/deportodos.com.ar\/2023\/wp-json\/wp\/v2\/categories?post=2309"},{"taxonomy":"post_tag","embeddable":true,"href":"https:\/\/deportodos.com.ar\/2023\/wp-json\/wp\/v2\/tags?post=2309"}],"curies":[{"name":"wp","href":"https:\/\/api.w.org\/{rel}","templated":true}]}}