{"id":2316,"date":"2024-09-22T23:40:25","date_gmt":"2024-09-22T23:40:25","guid":{"rendered":"https:\/\/deportodos.com.ar\/2023\/?p=2316"},"modified":"2024-09-22T23:40:27","modified_gmt":"2024-09-22T23:40:27","slug":"podio-de-nadia-cutro-en-tierras-riojanas","status":"publish","type":"post","link":"https:\/\/deportodos.com.ar\/2023\/podio-de-nadia-cutro-en-tierras-riojanas\/","title":{"rendered":"PODIO DE NADIA CUTRO EN TIERRAS RIOJANAS"},"content":{"rendered":"\n<p>La concordiense Nadia Cutro se meti\u00f3 en el top 3 de su clase, en la sexta fecha del a\u00f1o de Rally Argentino. Buen trabajo de Victorio Ballay, que fue quinto.<\/p>\n\n\n\n<p>Una carrera de locos. As\u00ed se podr\u00eda definir a la edici\u00f3n 2024 de un rally cl\u00e1sico como es el de La Rioja que, una vez m\u00e1s, fue cita v\u00e1lida por el Campeonato Argentino de la especialidad, y que le present\u00f3 grandes dificultades a los competidores por la naturaleza de la prueba. Ante esto,\u00a0Nadia Cutro\u00a0pudo meterse en el podio.<\/p>\n\n\n\n<p>Los problemas tambi\u00e9n gener\u00f3 m\u00faltiples situaciones que derivaron en cambios en la carrera de todo tipo.<\/p>\n\n\n\n<p>No obstante, y a pesar de la dureza y complicaciones que gener\u00f3 esta competencia, en el caso de los representantes entrerrianos, termin\u00f3 siendo un paso positivo por suelo riojano. Pues los dos competidores provinciales pudieron culminar la competencia sin perderse ni un kil\u00f3metro y, adem\u00e1s, arribaron a la meta con resultados satisfactorios.<\/p>\n\n\n\n<h2 class=\"wp-block-heading\">El trabajo de Nadia Cutro<\/h2>\n\n\n\n<p>As\u00ed, lo primero para destacar es el podio logrado por Nadia Cutro. La&nbsp;<em>Gurisa&nbsp;<\/em>no tuvo un s\u00e1bado f\u00e1cil, pero a base de constancia, regularidad y evitar todo tipo de problemas pudo ascender francamente en el clasificador de la clase RCMR (autos Maxi Rally) para, de esa manera, ubicar a su Toyota Yaris (que navega su cu\u00f1ado, Luciano Bombaci) en la tercera ubicaci\u00f3n final de la divisional, que tuvo como vencedor a un hist\u00f3rico como Claudio Menzi (Renault). Segundo, completando los tres integrantes del podio, culmin\u00f3 Rub\u00e9n Montoro (VW).<\/p>\n\n\n\n<blockquote class=\"wp-block-quote is-layout-flow wp-block-quote-is-layout-flow\">\n<p>www.unoentrerios.com.ar<\/p>\n<\/blockquote>\n","protected":false},"excerpt":{"rendered":"<p>La concordiense Nadia Cutro se meti\u00f3 en el top 3 de su clase, en la&#8230;<\/p>\n","protected":false},"author":2,"featured_media":2317,"comment_status":"open","ping_status":"open","sticky":false,"template":"","format":"standard","meta":{"footnotes":""},"categories":[6],"tags":[],"class_list":["post-2316","post","type-post","status-publish","format-standard","has-post-thumbnail","hentry","category-automovilismo"],"featured_image_urls":{"full":["https:\/\/deportodos.com.ar\/2023\/wp-content\/uploads\/2024\/09\/nadia-cutro-rally-argentinojpg.jpg",642,361,false],"thumbnail":["https:\/\/deportodos.com.ar\/2023\/wp-content\/uploads\/2024\/09\/nadia-cutro-rally-argentinojpg-150x150.jpg",150,150,true],"medium":["https:\/\/deportodos.com.ar\/2023\/wp-content\/uploads\/2024\/09\/nadia-cutro-rally-argentinojpg-300x169.jpg",300,169,true],"medium_large":["https:\/\/deportodos.com.ar\/2023\/wp-content\/uploads\/2024\/09\/nadia-cutro-rally-argentinojpg.jpg",640,360,false],"large":["https:\/\/deportodos.com.ar\/2023\/wp-content\/uploads\/2024\/09\/nadia-cutro-rally-argentinojpg.jpg",640,360,false],"1536x1536":["https:\/\/deportodos.com.ar\/2023\/wp-content\/uploads\/2024\/09\/nadia-cutro-rally-argentinojpg.jpg",642,361,false],"2048x2048":["https:\/\/deportodos.com.ar\/2023\/wp-content\/uploads\/2024\/09\/nadia-cutro-rally-argentinojpg.jpg",642,361,false],"covernews-featured":["https:\/\/deportodos.com.ar\/2023\/wp-content\/uploads\/2024\/09\/nadia-cutro-rally-argentinojpg.jpg",642,361,false],"covernews-medium":["https:\/\/deportodos.com.ar\/2023\/wp-content\/uploads\/2024\/09\/nadia-cutro-rally-argentinojpg-540x340.jpg",540,340,true]},"author_info":{"display_name":"c2530142","author_link":"https:\/\/deportodos.com.ar\/2023\/author\/c2530142\/"},"category_info":"<a href=\"https:\/\/deportodos.com.ar\/2023\/category\/automovilismo\/\" rel=\"category tag\">Automovilismo<\/a>","tag_info":"Automovilismo","comment_count":"0","_links":{"self":[{"href":"https:\/\/deportodos.com.ar\/2023\/wp-json\/wp\/v2\/posts\/2316","targetHints":{"allow":["GET"]}}],"collection":[{"href":"https:\/\/deportodos.com.ar\/2023\/wp-json\/wp\/v2\/posts"}],"about":[{"href":"https:\/\/deportodos.com.ar\/2023\/wp-json\/wp\/v2\/types\/post"}],"author":[{"embeddable":true,"href":"https:\/\/deportodos.com.ar\/2023\/wp-json\/wp\/v2\/users\/2"}],"replies":[{"embeddable":true,"href":"https:\/\/deportodos.com.ar\/2023\/wp-json\/wp\/v2\/comments?post=2316"}],"version-history":[{"count":1,"href":"https:\/\/deportodos.com.ar\/2023\/wp-json\/wp\/v2\/posts\/2316\/revisions"}],"predecessor-version":[{"id":2318,"href":"https:\/\/deportodos.com.ar\/2023\/wp-json\/wp\/v2\/posts\/2316\/revisions\/2318"}],"wp:featuredmedia":[{"embeddable":true,"href":"https:\/\/deportodos.com.ar\/2023\/wp-json\/wp\/v2\/media\/2317"}],"wp:attachment":[{"href":"https:\/\/deportodos.com.ar\/2023\/wp-json\/wp\/v2\/media?parent=2316"}],"wp:term":[{"taxonomy":"category","embeddable":true,"href":"https:\/\/deportodos.com.ar\/2023\/wp-json\/wp\/v2\/categories?post=2316"},{"taxonomy":"post_tag","embeddable":true,"href":"https:\/\/deportodos.com.ar\/2023\/wp-json\/wp\/v2\/tags?post=2316"}],"curies":[{"name":"wp","href":"https:\/\/api.w.org\/{rel}","templated":true}]}}