{"id":2325,"date":"2024-09-23T02:29:03","date_gmt":"2024-09-23T02:29:03","guid":{"rendered":"https:\/\/deportodos.com.ar\/2023\/?p=2325"},"modified":"2024-09-23T02:29:03","modified_gmt":"2024-09-23T02:29:03","slug":"el-capitulo-gualeyo-repleto-de-carrerones","status":"publish","type":"post","link":"https:\/\/deportodos.com.ar\/2023\/el-capitulo-gualeyo-repleto-de-carrerones\/","title":{"rendered":"EL CAP\u00cdTULO GUALEYO, REPLETO DE CARRERONES"},"content":{"rendered":"\n<p><em>Este domingo se complet\u00f3 el s\u00e9ptimo evento anual del Campeonato Entrerriano de Karting en Gualeguay, luego de lo que fueron las tres finales disputadas el s\u00e1bado. Franco Cecchini, Agust\u00edn De Zan, Mateo Fern\u00e1ndez, Benjam\u00edn Iglesias, Uriel Rodr\u00edguez, Ricardo Narcisi y Leandro Gonz\u00e1lez se llevaron las victorias dominicales.<\/em><\/p>\n\n\n\n<p>Por segunda ocasi\u00f3n en la temporada, el kartismo provincial dijo presente en el \u201cJorge Frare\u201d, con m\u00e1s de 145 karts presentes y con la realizaci\u00f3n de dos nuevas dobles jornadas, siendo en este caso la 150cc Mayores \u201cB\u201d y la 150cc Junior \u201cA\u201d las divisionales con actividad por duplicado.<\/p>\n\n\n\n<p>En el d\u00eda de ayer, y a pleno sol, se llevaron a cabo las dos primeras competencias de este s\u00e9ptimo evento, con los triunfos de Agust\u00edn De Zan y Thiago Coffy (fecha 7 de la 150cc Mayores \u201cB\u201d) y Uriel Rodr\u00edguez (150cc Junior \u201cA\u201d). Este domingo, en tanto, se pusieron en marcha once series siete pruebas finales, correspondientes a las fechas 7 (150cc Mayores \u201cC\u201d) y 8 (resto de las categor\u00edas).<\/p>\n\n\n\n<p>Precisamente, las primeras carreras decisivas de la jornada fueron las de la 150cc Mayores \u201cB\u201d. La inicial, con un desenlace electrizante a favor de Gast\u00f3n Bon\u00edn, quien luego fue excluido por t\u00e9cnica y entreg\u00f3 el triunfo a Franco Cecchini (cuarto en el a\u00f1o), por apenas 44 mil\u00e9simas sobre Julio Vel\u00e1zquez. La segunda, en tanto, fue dominada por Agust\u00edn De Zan, que redonde\u00f3 as\u00ed un \u201cdoblete\u201d durante el fin de semana.<\/p>\n\n\n\n<p>Luego vinieron los m\u00e1s chicos, los de la 150cc Promocional y la 110cc Escuela. En la \u201cPromo\u201d, Mateo Fern\u00e1ndez se convirti\u00f3 en el quinto vencedor de la temporada tras saltar a la punta en la \u00faltima vuelta de una gran carrera. Por su parte, Benjam\u00edn Iglesias venci\u00f3 por segunda ocasi\u00f3n en el a\u00f1o de la 110cc Escuela en un final electrizante junto a Santino St\u00fcber, a quien super\u00f3 por apenas 4 mil\u00e9simas.<\/p>\n\n\n\n<p>A continuaci\u00f3n, vendr\u00eda el carrer\u00f3n de la 150cc Junior \u201cA\u201d, en el que Uriel Rodr\u00edguez tomar\u00eda el liderazgo en el \u00faltimo giro para completar un \u201cdoblete\u201d y cosechar su cuarto triunfo en el 2024 (logradas en las \u00faltimas cinco fechas disputadas). Y, por \u00faltimo, las pruebas de la 150cc Mayores \u201cC\u201d. La primera, con desarrollo espectacular y Ricardo Narcisi como exiguo ganador primerizo (48 mil\u00e9simas sobre Federico Solda) y, la segunda, comandada en su totalidad por Leandro Gonz\u00e1lez y con batallas detr\u00e1s.<\/p>\n\n\n\n<p>Cabe aclarar que en esta fecha nuevamente no fue de la partida la 125cc Internacional, por no reunir el n\u00famero m\u00ednimo de participantes.<\/p>\n\n\n\n<p>Resultados finales EXTRAOFICIALES sujetos a verificaci\u00f3n t\u00e9cnica y deportiva:<\/p>\n\n\n\n<p><em>&#8211; 150cc Mayores \u201cB\u201d- Fecha 7, Final 1 (23 karts)<\/em> : 1\u00b0Agust\u00edn De Zan, 2\u00b0Julio Vel\u00e1zquez, 3\u00b0Alejo Weiss\/\/ 4\u00b0Lucas Ronconi, 5\u00b0Franco Cecchini, 6\u00b0Octavio De Zan, 7\u00b0Juan Angerosa, 8\u00b0Nicol\u00e1s Zubillaga, 9\u00b0Mat\u00edas Mouchet, 10\u00b0Adri\u00e1n Waisten.<\/p>\n\n\n\n<p><em>&#8211; 150cc Mayores \u201cB\u201d- Fecha 7, Final 2 (22):<\/em> 1\u00b0Thiago Coffy, 2\u00b0Franco Balbuena, 3\u00b0Malco Estebenet\/\/ 4\u00b0Theo Firpo, 5\u00b0Luca Fiorotto, 6\u00b0Sof\u00eda Percara, 7\u00b0Marcos Palombizio, 8\u00b0Ezequiel S\u00e1nchez, 9\u00b0Gast\u00f3n Bon\u00edn, 10\u00b0Ulises Pauletti.<\/p>\n\n\n\n<h2 class=\"wp-block-heading\"><em>&#8211; 150cc Junior \u201cA\u201d- Fecha 7 (23)<\/em> : 1\u00b0Uriel Rodr\u00edguez, 2\u00b0Joaqu\u00edn Pagola Jacob, 3\u00b0Ignacio Sachs\/\/ 4\u00b0Felipe Saloj, 5\u00b0Enzo De Zan, 6\u00b0Ayrton Bernay, 7\u00b0Thom\u00e1s Carrancio, 8\u00b0Dami\u00e1n Cleppe, 9\u00b0Juan Manuel Laplacette, 10\u00b0Jos\u00e9 Herrero.<\/h2>\n\n\n\n<p><em>&#8211; 150cc Mayores \u201cB\u201d- Fecha 8, Final 1 (22)<\/em> : 1\u00b0Franco Cecchini, 2\u00b0Malco Estebenet, 3\u00b0Franco Balbuena\/\/ 4\u00b0Lucas Ronconi, 5\u00b0Theo Firpo, 6\u00b0Andr\u00e9s Garc\u00eda, 7\u00b0Jonathan Icardo, 8\u00b0Juan Angerosa, 9\u00b0Joaqu\u00edn Blanc, 10\u00b0Lucas Romero.<\/p>\n\n\n\n<p><em>&#8211; 150cc Mayores \u201cB\u201d- Fecha 8, Final 2 (22)<\/em> : 1\u00b0Agust\u00edn De Zan, 2\u00b0Alejo Weiss, 3\u00b0Marcos Palombizio\/\/ 4\u00b0Mat\u00edas Mouchet, 5\u00b0Adri\u00e1n Waisten, 6\u00b0Dai\u00e1n Favre, 7\u00b0Gabriela Villanova, 8\u00b0Milagros Caino, 9\u00b0Juan Palacio, 10\u00b0Alexis Dobler.<\/p>\n\n\n\n<p><em>&#8211; 150cc Promocional- Fecha 8 (19)<\/em> : 1\u00b0Mateo Fern\u00e1ndez, 2\u00b0Ger\u00f3nimo Zilloni, 3\u00b0Francesco Charreun\/\/ 4\u00b0Gustavo Grimaldi, 5\u00b0I\u00f1aki Antivero, 6\u00b0Gaspar Maschio, 7\u00b0Tom\u00e1s Carrillo, 8\u00b0Juan Manuel Bruzera, 9\u00b0Emilio L\u00f3pez Ferro, 10\u00b0Bautista Fern\u00e1ndez.<\/p>\n\n\n\n<p><em>&#8211; 110cc Escuela- Fecha 8 (13<\/em> ): 1\u00b0Benjam\u00edn Iglesias, 2\u00b0Santino St\u00fcber, 3\u00b0Gonzalo Callejas (URU)\/\/ 4\u00b0Santiago Secchi, 5\u00b0Alejandro Pralong, 6\u00b0Valentino Benigni, 7\u00b0Thiago Noir, 8\u00b0Luis Barrientos, 9\u00b0\u00c1lvaro Sabisky, 10\u00b0Vicente Allodi.<\/p>\n\n\n\n<p><em>&#8211; 150cc Junior \u201cA\u201d- Fecha 8 (23)<\/em> : 1\u00b0Uriel Rodr\u00edguez, 2\u00b0Ignacio Sachs, 3\u00b0Joaqu\u00edn Pagola Jacob\/\/ 4\u00b0Thom\u00e1s Carrancio, 5\u00b0Ayrton Bernay, 6\u00b0Valent\u00edn Bauer, 7\u00b0Benjam\u00edn Squaglia, 8\u00b0Santiago Giovenale, 9\u00b0Dami\u00e1n Cleppe, 10\u00b0Mateo Cazaux<\/p>\n\n\n\n<p><em>&#8211; 150cc Mayores \u201cC\u201d- Fecha 7, Final 1 (20)<\/em> : 1\u00b0Ricardo Narcisi, 2\u00b0Federico Solda, 3\u00b0Jos\u00e9 Mar\u00eda Gaspar\u00edn\/\/ 4\u00b0Francisco Michelli, 5\u00b0Cristian Quir\u00f3s, 6\u00b0Mariano Kablan, 7\u00b0Rodrigo Fahler, 8\u00b0Roberto Mosser, 9\u00b0Paulo Alfaro, 10\u00b0Christian Conde.<\/p>\n\n\n\n<p><em>&#8211; 150cc Mayores \u201cC\u201d- Fecha 7, Final 2 (19):<\/em> 1\u00b0Leandro Gonz\u00e1lez, 2\u00b0Santiago Antivero, 3\u00b0Nicol\u00e1s Broggi\/\/ 4\u00b0Mario G\u00f3mez, 5\u00b0Mart\u00edn Palavecino, 6\u00b0Jonathan Loskin, 7\u00b0Facundo Palombizio, 8\u00b0Gabriel Denoni, 9\u00b0Pablo Gabas, 10\u00b0Mat\u00edas Iriarte.<\/p>\n\n\n\n<p><em>&#8211; Copa M\u00e1ster 150cc- Fecha 7 (9)<\/em> : 1\u00b0Santiago Antivero, 2\u00b0Francisco Michelli, 3\u00b0Cristian Quir\u00f3s\/\/ 4\u00b0Mart\u00edn Palavecino, 5\u00b0Gabriel Denoni, 6\u00b0Mat\u00edas Iriarte, 7\u00b0Oscar Larraza, 8\u00b0Alejandro P\u00e9rez, 9\u00b0H\u00e9ctor Prelat.<\/p>\n\n\n\n<p>La pr\u00f3xima fecha ser\u00e1 el 2 y 3 de noviembre en el Aut\u00f3dromo de Concordia<\/p>\n\n\n\n<p>PRENSA ACEKP: Rodrigo Bouvet<br>FOTOS: Andr\u00e9s Queirolo<\/p>\n\n\n\n<p><\/p>\n","protected":false},"excerpt":{"rendered":"<p>Este domingo se complet\u00f3 el s\u00e9ptimo evento anual del Campeonato Entrerriano de Karting en Gualeguay,&#8230;<\/p>\n","protected":false},"author":2,"featured_media":2326,"comment_status":"open","ping_status":"open","sticky":false,"template":"","format":"standard","meta":{"footnotes":""},"categories":[48],"tags":[],"class_list":["post-2325","post","type-post","status-publish","format-standard","has-post-thumbnail","hentry","category-karting"],"featured_image_urls":{"full":["https:\/\/deportodos.com.ar\/2023\/wp-content\/uploads\/2024\/09\/DSC_85991P.jpg",2000,1047,false],"thumbnail":["https:\/\/deportodos.com.ar\/2023\/wp-content\/uploads\/2024\/09\/DSC_85991P-150x150.jpg",150,150,true],"medium":["https:\/\/deportodos.com.ar\/2023\/wp-content\/uploads\/2024\/09\/DSC_85991P-300x157.jpg",300,157,true],"medium_large":["https:\/\/deportodos.com.ar\/2023\/wp-content\/uploads\/2024\/09\/DSC_85991P-768x402.jpg",640,335,true],"large":["https:\/\/deportodos.com.ar\/2023\/wp-content\/uploads\/2024\/09\/DSC_85991P-1024x536.jpg",640,335,true],"1536x1536":["https:\/\/deportodos.com.ar\/2023\/wp-content\/uploads\/2024\/09\/DSC_85991P-1536x804.jpg",1536,804,true],"2048x2048":["https:\/\/deportodos.com.ar\/2023\/wp-content\/uploads\/2024\/09\/DSC_85991P.jpg",2000,1047,false],"covernews-featured":["https:\/\/deportodos.com.ar\/2023\/wp-content\/uploads\/2024\/09\/DSC_85991P-1024x536.jpg",1024,536,true],"covernews-medium":["https:\/\/deportodos.com.ar\/2023\/wp-content\/uploads\/2024\/09\/DSC_85991P-540x340.jpg",540,340,true]},"author_info":{"display_name":"c2530142","author_link":"https:\/\/deportodos.com.ar\/2023\/author\/c2530142\/"},"category_info":"<a href=\"https:\/\/deportodos.com.ar\/2023\/category\/karting\/\" rel=\"category tag\">Karting<\/a>","tag_info":"Karting","comment_count":"0","_links":{"self":[{"href":"https:\/\/deportodos.com.ar\/2023\/wp-json\/wp\/v2\/posts\/2325","targetHints":{"allow":["GET"]}}],"collection":[{"href":"https:\/\/deportodos.com.ar\/2023\/wp-json\/wp\/v2\/posts"}],"about":[{"href":"https:\/\/deportodos.com.ar\/2023\/wp-json\/wp\/v2\/types\/post"}],"author":[{"embeddable":true,"href":"https:\/\/deportodos.com.ar\/2023\/wp-json\/wp\/v2\/users\/2"}],"replies":[{"embeddable":true,"href":"https:\/\/deportodos.com.ar\/2023\/wp-json\/wp\/v2\/comments?post=2325"}],"version-history":[{"count":1,"href":"https:\/\/deportodos.com.ar\/2023\/wp-json\/wp\/v2\/posts\/2325\/revisions"}],"predecessor-version":[{"id":2327,"href":"https:\/\/deportodos.com.ar\/2023\/wp-json\/wp\/v2\/posts\/2325\/revisions\/2327"}],"wp:featuredmedia":[{"embeddable":true,"href":"https:\/\/deportodos.com.ar\/2023\/wp-json\/wp\/v2\/media\/2326"}],"wp:attachment":[{"href":"https:\/\/deportodos.com.ar\/2023\/wp-json\/wp\/v2\/media?parent=2325"}],"wp:term":[{"taxonomy":"category","embeddable":true,"href":"https:\/\/deportodos.com.ar\/2023\/wp-json\/wp\/v2\/categories?post=2325"},{"taxonomy":"post_tag","embeddable":true,"href":"https:\/\/deportodos.com.ar\/2023\/wp-json\/wp\/v2\/tags?post=2325"}],"curies":[{"name":"wp","href":"https:\/\/api.w.org\/{rel}","templated":true}]}}