{"id":2331,"date":"2024-09-26T20:13:43","date_gmt":"2024-09-26T20:13:43","guid":{"rendered":"https:\/\/deportodos.com.ar\/2023\/?p=2331"},"modified":"2024-09-26T20:13:59","modified_gmt":"2024-09-26T20:13:59","slug":"concepcion-sera-sede-del-campeonato-nacional-de-atletismo-u18","status":"publish","type":"post","link":"https:\/\/deportodos.com.ar\/2023\/concepcion-sera-sede-del-campeonato-nacional-de-atletismo-u18\/","title":{"rendered":"CONCEPCI\u00d3N SER\u00c1 SEDE DEL CAMPEONATO NACIONAL DE ATLETISMO U18"},"content":{"rendered":"\n<p>Seg\u00fan inform\u00f3 la Confederaci\u00f3n Argentina de Atletismo (CADA), se realizar\u00e1 en Concepci\u00f3n del Uruguay el 57\u00b0 Campeonato Nacional de Atletismo U18. Ser\u00e1 los d\u00edas 28 y 29 de septiembre en el Centro de Educaci\u00f3n F\u00edsica \u201cHugo Mario La Nasa\u201d, organizado y fiscalizado por la Federaci\u00f3n Atl\u00e9tica de Entre R\u00edos (FADER), con apoyo de la Municipalidad, el CEF y la Secretar\u00eda de Deportes de la Provincia.<\/p>\n\n\n\n<p>De acuerdo a lo detallado por la Direcci\u00f3n de Deportes de la Municipalidad, m\u00e1s de 400 j\u00f3venes competir\u00e1n en 100, 200, 400, 800, 1.500 y 3.000 metros; 100, 110 y 400 metros con vallas; 2 mil metros con obst\u00e1culos, 5 mil y 10 mil metros marcha. Tambi\u00e9n se disputar\u00e1n las competencias de salto en alto, salto con garrocha, salto en largo y salto triple; lanzamiento de bala, de disco, de jabalina y de martillo; heptatl\u00f3n y decatl\u00f3n.<\/p>\n\n\n\n<p>Los participantes llegar\u00e1n de Buenos Aires, R\u00edo Negro, Catamarca, Salta, Chaco, San Juan, C\u00f3rdoba, San Luis, Corrientes, Santa Fe, Tierra del Fuego, Santiago del Estero, Tucum\u00e1n, Jujuy, La Pampa, La Rioja, Mendoza, Formosa, Misiones, Chubut, Neuqu\u00e9n, Santa Cruz, CABA y Entre R\u00edos.<\/p>\n\n\n\n<p>Los deportistas que representar\u00e1n a Concepci\u00f3n del Uruguay son: Diego Sincosky, Nicol\u00e1s Cousillas, Adri\u00e1n Viso, Vicente Medina, Lautaro Larrosa, Valent\u00edn Ben\u00edtez, Ant\u00fa Flindt, Josefina Szainowicz y Maia Cardinaux.<\/p>\n\n\n\n<p>Las competencias se desarrollar\u00e1n seg\u00fan el siguiente programa:<\/p>\n\n\n\n<p><strong>S\u00e1bado<\/strong><\/p>\n\n\n\n<p>9.30: 100 metros con vallas, lanzamiento de jabalina y salto en largo.<\/p>\n\n\n\n<p>10: 110 metros con vallas.<\/p>\n\n\n\n<p>10.30: 1.500 metros llanos.<\/p>\n\n\n\n<p>11.00: 1.500 metros llanos, salto con garrocha y lanzamiento de jabalina.<\/p>\n\n\n\n<p>11.30 y 12.00: 400 metros llanos.<\/p>\n\n\n\n<p>13, 13.15 y 13.45: 100 metros llanos.<\/p>\n\n\n\n<p>14.00: salto en largo.<\/p>\n\n\n\n<p>14.15: 100 metros con vallas.<\/p>\n\n\n\n<p>14.25. 100 metros con vallas y salto con garrocha.<\/p>\n\n\n\n<p>14.45: 110 metros con vallas, salto en alto y lanzamiento de bala.<\/p>\n\n\n\n<p>15: 100 metros llanos.<\/p>\n\n\n\n<p>15.20: 100 metros llanos y salto en largo.<\/p>\n\n\n\n<p>15.30: 400 metros llanos, lanzamiento de disco y salto en alto.<\/p>\n\n\n\n<p>15.45: 400 metros llanos, lanzamiento de bala y de jabalina.<\/p>\n\n\n\n<p>16.15 y 16.30: posta 4 x 100 metros.<\/p>\n\n\n\n<p>16.45: 200 metros llanos.<\/p>\n\n\n\n<p>17: 400 metros llanos.<\/p>\n\n\n\n<p><strong>Domingo<\/strong><\/p>\n\n\n\n<p>9 y 9.15: 2 mil metros con obst\u00e1culos.<\/p>\n\n\n\n<p>9.30: 110 metros con vallas.<\/p>\n\n\n\n<p>10: lanzamiento del disco, 400 metros con vallas y salto en alto.<\/p>\n\n\n\n<p>10.20: 400 metros con vallas, lanzamiento de la bala y salto en largo.<\/p>\n\n\n\n<p>10.45: 200 metros llanos y salto con garrocha.<\/p>\n\n\n\n<p>11.20: 200 metros llanos y salto triple.<\/p>\n\n\n\n<p>11.50: 800 metros llanos y lanzamiento de jabalina.<\/p>\n\n\n\n<p>12.15: 800 metros llanos.<\/p>\n\n\n\n<p>1.45: 800 metros llanos.<\/p>\n\n\n\n<p>13: 5 mil metros marcha.<\/p>\n\n\n\n<p>13.30: 10 mil metros marcha y lanzamiento de jabalina.<\/p>\n\n\n\n<p>14: salto triple y salto en alto.<\/p>\n\n\n\n<p>14.35: 200 metros llanos.<\/p>\n\n\n\n<p>14.50: 200 metros llanos y lanzamiento de martillo.<\/p>\n\n\n\n<p>15.05: 1.500 metros llanos.<\/p>\n\n\n\n<p>15.30: 3 mil metros llanos.<\/p>\n\n\n\n<p>16: 3 mil metros llanos y lanzamiento del disco.<\/p>\n\n\n\n<p>16.30: posta 8 x 300 metros.<\/p>\n\n\n\n<blockquote class=\"wp-block-quote is-layout-flow wp-block-quote-is-layout-flow\">\n<p>www.lapiramide.net<\/p>\n<\/blockquote>\n","protected":false},"excerpt":{"rendered":"<p>Seg\u00fan inform\u00f3 la Confederaci\u00f3n Argentina de Atletismo (CADA), se realizar\u00e1 en Concepci\u00f3n del Uruguay el&#8230;<\/p>\n","protected":false},"author":2,"featured_media":2332,"comment_status":"open","ping_status":"open","sticky":false,"template":"","format":"standard","meta":{"footnotes":""},"categories":[5],"tags":[],"class_list":["post-2331","post","type-post","status-publish","format-standard","has-post-thumbnail","hentry","category-atletismo"],"featured_image_urls":{"full":["https:\/\/deportodos.com.ar\/2023\/wp-content\/uploads\/2024\/09\/FB_IMG_1727381568887.jpg",720,634,false],"thumbnail":["https:\/\/deportodos.com.ar\/2023\/wp-content\/uploads\/2024\/09\/FB_IMG_1727381568887-150x150.jpg",150,150,true],"medium":["https:\/\/deportodos.com.ar\/2023\/wp-content\/uploads\/2024\/09\/FB_IMG_1727381568887-300x264.jpg",300,264,true],"medium_large":["https:\/\/deportodos.com.ar\/2023\/wp-content\/uploads\/2024\/09\/FB_IMG_1727381568887.jpg",640,564,false],"large":["https:\/\/deportodos.com.ar\/2023\/wp-content\/uploads\/2024\/09\/FB_IMG_1727381568887.jpg",640,564,false],"1536x1536":["https:\/\/deportodos.com.ar\/2023\/wp-content\/uploads\/2024\/09\/FB_IMG_1727381568887.jpg",720,634,false],"2048x2048":["https:\/\/deportodos.com.ar\/2023\/wp-content\/uploads\/2024\/09\/FB_IMG_1727381568887.jpg",720,634,false],"covernews-featured":["https:\/\/deportodos.com.ar\/2023\/wp-content\/uploads\/2024\/09\/FB_IMG_1727381568887.jpg",720,634,false],"covernews-medium":["https:\/\/deportodos.com.ar\/2023\/wp-content\/uploads\/2024\/09\/FB_IMG_1727381568887-540x340.jpg",540,340,true]},"author_info":{"display_name":"c2530142","author_link":"https:\/\/deportodos.com.ar\/2023\/author\/c2530142\/"},"category_info":"<a href=\"https:\/\/deportodos.com.ar\/2023\/category\/atletismo\/\" rel=\"category tag\">Atletismo<\/a>","tag_info":"Atletismo","comment_count":"0","_links":{"self":[{"href":"https:\/\/deportodos.com.ar\/2023\/wp-json\/wp\/v2\/posts\/2331","targetHints":{"allow":["GET"]}}],"collection":[{"href":"https:\/\/deportodos.com.ar\/2023\/wp-json\/wp\/v2\/posts"}],"about":[{"href":"https:\/\/deportodos.com.ar\/2023\/wp-json\/wp\/v2\/types\/post"}],"author":[{"embeddable":true,"href":"https:\/\/deportodos.com.ar\/2023\/wp-json\/wp\/v2\/users\/2"}],"replies":[{"embeddable":true,"href":"https:\/\/deportodos.com.ar\/2023\/wp-json\/wp\/v2\/comments?post=2331"}],"version-history":[{"count":1,"href":"https:\/\/deportodos.com.ar\/2023\/wp-json\/wp\/v2\/posts\/2331\/revisions"}],"predecessor-version":[{"id":2333,"href":"https:\/\/deportodos.com.ar\/2023\/wp-json\/wp\/v2\/posts\/2331\/revisions\/2333"}],"wp:featuredmedia":[{"embeddable":true,"href":"https:\/\/deportodos.com.ar\/2023\/wp-json\/wp\/v2\/media\/2332"}],"wp:attachment":[{"href":"https:\/\/deportodos.com.ar\/2023\/wp-json\/wp\/v2\/media?parent=2331"}],"wp:term":[{"taxonomy":"category","embeddable":true,"href":"https:\/\/deportodos.com.ar\/2023\/wp-json\/wp\/v2\/categories?post=2331"},{"taxonomy":"post_tag","embeddable":true,"href":"https:\/\/deportodos.com.ar\/2023\/wp-json\/wp\/v2\/tags?post=2331"}],"curies":[{"name":"wp","href":"https:\/\/api.w.org\/{rel}","templated":true}]}}