{"id":2340,"date":"2024-09-27T12:53:18","date_gmt":"2024-09-27T12:53:18","guid":{"rendered":"https:\/\/deportodos.com.ar\/2023\/?p=2340"},"modified":"2024-09-27T12:53:19","modified_gmt":"2024-09-27T12:53:19","slug":"se-viene-la-fecha-del-duatlon-jeep-en-san-salvador","status":"publish","type":"post","link":"https:\/\/deportodos.com.ar\/2023\/se-viene-la-fecha-del-duatlon-jeep-en-san-salvador\/","title":{"rendered":"SE VIENE LA FECHA DEL DUATL\u00d3N JEEP EN SAN SALVADOR"},"content":{"rendered":"\n<p>De acuerdo a lo que indic\u00f3 Fernando Ben\u00edtez,\u00a0se espera la participaci\u00f3n de entre 110 y 120 atletas, provenientes de toda la provincia y provincias cercanas, que se dar\u00e1n cita para disfrutar de un hermoso evento.<br><br>La fecha especial es \u00absin drafting\u00bb, que implica que los ciclistas no pueden ir cerca uno del otro y deben mantener una distancia de diez metros entre s\u00ed.<\/p>\n\n\n\n<p>La prueba combinada de duatl\u00f3n consta de tres etapas: 10 kil\u00f3metros de ciclismo, 5 kil\u00f3metros de running y nuevamente 10 kil\u00f3metros de ciclismo. El recorrido comenzar\u00e1 en la Cruz del Milenio, donde se instalar\u00e1 el parque cerrado, y desde all\u00ed se desarrollar\u00e1 la parte de running por avenida Malar\u00edn y Lisandro Castro. Luego, los atletas saldr\u00e1n en bicicleta hacia la localidad de General Campos y regresar\u00e1n al parque cerrado para completar la segunda etapa de running.<\/p>\n\n\n\n<p>La largada est\u00e1 programada para las 14:30, y las inscripciones estar\u00e1n abiertas desde las 13:00 en el lugar. La organizaci\u00f3n invita a toda la ciudad de San Salvador a participar, a acompa\u00f1ar a los atletas y a disfrutar de un d\u00eda de deporte y entretenimiento.<\/p>\n\n\n\n<p>\u00abEsperamos que el clima acompa\u00f1e y que todos disfruten de un d\u00eda muy lindo\u00bb, expres\u00f3 Ben\u00edtez y acot\u00f3: \u00abEs una oportunidad para que todos los amantes del ciclismo y el running se unan y participen del evento\u00bb.<\/p>\n\n\n\n<blockquote class=\"wp-block-quote is-layout-flow wp-block-quote-is-layout-flow\">\n<p>www.mercurionoticias.com.ar<\/p>\n<\/blockquote>\n","protected":false},"excerpt":{"rendered":"<p>De acuerdo a lo que indic\u00f3 Fernando Ben\u00edtez,\u00a0se espera la participaci\u00f3n de entre 110 y&#8230;<\/p>\n","protected":false},"author":2,"featured_media":2341,"comment_status":"open","ping_status":"open","sticky":false,"template":"","format":"standard","meta":{"footnotes":""},"categories":[18],"tags":[],"class_list":["post-2340","post","type-post","status-publish","format-standard","has-post-thumbnail","hentry","category-duatlon"],"featured_image_urls":{"full":["https:\/\/deportodos.com.ar\/2023\/wp-content\/uploads\/2024\/09\/26_duatlon_sansa.jpg",1000,563,false],"thumbnail":["https:\/\/deportodos.com.ar\/2023\/wp-content\/uploads\/2024\/09\/26_duatlon_sansa-150x150.jpg",150,150,true],"medium":["https:\/\/deportodos.com.ar\/2023\/wp-content\/uploads\/2024\/09\/26_duatlon_sansa-300x169.jpg",300,169,true],"medium_large":["https:\/\/deportodos.com.ar\/2023\/wp-content\/uploads\/2024\/09\/26_duatlon_sansa-768x432.jpg",640,360,true],"large":["https:\/\/deportodos.com.ar\/2023\/wp-content\/uploads\/2024\/09\/26_duatlon_sansa.jpg",640,360,false],"1536x1536":["https:\/\/deportodos.com.ar\/2023\/wp-content\/uploads\/2024\/09\/26_duatlon_sansa.jpg",1000,563,false],"2048x2048":["https:\/\/deportodos.com.ar\/2023\/wp-content\/uploads\/2024\/09\/26_duatlon_sansa.jpg",1000,563,false],"covernews-featured":["https:\/\/deportodos.com.ar\/2023\/wp-content\/uploads\/2024\/09\/26_duatlon_sansa.jpg",1000,563,false],"covernews-medium":["https:\/\/deportodos.com.ar\/2023\/wp-content\/uploads\/2024\/09\/26_duatlon_sansa-540x340.jpg",540,340,true]},"author_info":{"display_name":"c2530142","author_link":"https:\/\/deportodos.com.ar\/2023\/author\/c2530142\/"},"category_info":"<a href=\"https:\/\/deportodos.com.ar\/2023\/category\/duatlon\/\" rel=\"category tag\">Duatlon<\/a>","tag_info":"Duatlon","comment_count":"0","_links":{"self":[{"href":"https:\/\/deportodos.com.ar\/2023\/wp-json\/wp\/v2\/posts\/2340","targetHints":{"allow":["GET"]}}],"collection":[{"href":"https:\/\/deportodos.com.ar\/2023\/wp-json\/wp\/v2\/posts"}],"about":[{"href":"https:\/\/deportodos.com.ar\/2023\/wp-json\/wp\/v2\/types\/post"}],"author":[{"embeddable":true,"href":"https:\/\/deportodos.com.ar\/2023\/wp-json\/wp\/v2\/users\/2"}],"replies":[{"embeddable":true,"href":"https:\/\/deportodos.com.ar\/2023\/wp-json\/wp\/v2\/comments?post=2340"}],"version-history":[{"count":1,"href":"https:\/\/deportodos.com.ar\/2023\/wp-json\/wp\/v2\/posts\/2340\/revisions"}],"predecessor-version":[{"id":2342,"href":"https:\/\/deportodos.com.ar\/2023\/wp-json\/wp\/v2\/posts\/2340\/revisions\/2342"}],"wp:featuredmedia":[{"embeddable":true,"href":"https:\/\/deportodos.com.ar\/2023\/wp-json\/wp\/v2\/media\/2341"}],"wp:attachment":[{"href":"https:\/\/deportodos.com.ar\/2023\/wp-json\/wp\/v2\/media?parent=2340"}],"wp:term":[{"taxonomy":"category","embeddable":true,"href":"https:\/\/deportodos.com.ar\/2023\/wp-json\/wp\/v2\/categories?post=2340"},{"taxonomy":"post_tag","embeddable":true,"href":"https:\/\/deportodos.com.ar\/2023\/wp-json\/wp\/v2\/tags?post=2340"}],"curies":[{"name":"wp","href":"https:\/\/api.w.org\/{rel}","templated":true}]}}