{"id":235,"date":"2023-11-11T18:39:59","date_gmt":"2023-11-11T18:39:59","guid":{"rendered":"https:\/\/deportodos.com.ar\/2023\/?p=235"},"modified":"2023-11-11T18:39:59","modified_gmt":"2023-11-11T18:39:59","slug":"domingo-sin-galardonados","status":"publish","type":"post","link":"https:\/\/deportodos.com.ar\/2023\/domingo-sin-galardonados\/","title":{"rendered":"DOMINGO SIN GALARDONADOS"},"content":{"rendered":"\n<p>El domingo se complet\u00f3 el pre coronaci\u00f3n del Campeonato Entrerriano de Karting, con claras postulaciones al t\u00edtulo pero sin monarcas anticipados. Solda, Zapata, Carrancio, Masetto, Cantero, Fiorotto, Pauletti y Fabi\u00e1n fueron los ganadores finales de la novena fecha.<br>Despu\u00e9s de las finales sabatinas correspondientes a la octava fecha de la 150cc Mayores \u201cB\u201d, ganadas por Franco Cecchini y Julio Vel\u00e1zquez, el domingo concentr\u00f3 la actividad principal del pre coronaci\u00f3n del certamen provincial en Gualeguay. Primero, con las doce series matutinas y, m\u00e1s tarde, con las ocho pruebas finales.<br>Los triunfos parciales quedaron en manos de Mart\u00edn Palavecino, Santiago Antivero, Leandro Gonz\u00e1lez (150cc Mayores \u201cC\u201d), Thom\u00e1s Carrancio, Tom\u00e1s Arosio (150cc Junior \u201cA\u201d), Emilio L\u00f3pez Ferro, Bruno Masetto (110cc Escuela), Tiziano Cantero (150cc Promocional), Luca Fiorotto, Ulises Pauletti, Franco Cecchini (150cc Mayores \u201cB\u201d), Agust\u00edn Fabi\u00e1n (125cc Internacional). A continuaci\u00f3n, s\u00ed, las competencias finales.<br>Las encargadas de abrir el fuego fueron los carrerones de la 150cc Mayores \u201cC\u201d, ganadas por Federico Solda (primera del a\u00f1o para \u00e9l) y Pablo Zapata, quien se afirma como el m\u00e1ximo candidato al t\u00edtulo a falta de una s\u00f3la fecha. Leonardo Palombizio y Manuel Cretton escoltaron en pista a Solda y Nicol\u00e1s Broggi y Mart\u00edn Palavecino, a Zapata. Sin embargo, Palombizio recibir\u00eda luego una sanci\u00f3n deportiva y ese segundo lugar fue heredado por Cretton y el tercero por Ricardo Narcisi. Por su parte, Francisco Michelli venci\u00f3 en la Copa M\u00e1ster.<br>M\u00e1s tarde, la 150cc Junior \u201cA\u201d, con la aparici\u00f3n del noveno ganador diferente de la temporada, Thom\u00e1s Carrancio, secundado por Tom\u00e1s Arosio y Camilo Lound. Sigui\u00f3 la 110cc Escuela, donde Bruno Masetto tuvo su bautismo triunfal, en tanto que \u00c1lvaro Sabisky y Benjam\u00edn Iglesias completaron el podio. A continuaci\u00f3n fue el turno de la 150cc Promocional, con un desenlace para el infarto entre Tiziano Cantero y Joaqu\u00edn Pagola Jacob y a la postre con Cantero ganando por apenas 96 mil\u00e9simas. Felipe Saloj los acompa\u00f1\u00f3 en la premiaci\u00f3n.<br>Para terminar la jornada, restaban las carreras de la 150cc Mayores \u201cB\u201d y la 125cc Internacional. En la \u201cB\u201d, Franco Cecchini hab\u00eda repetido su dominio de ayer para ganar la final A, pero ser\u00eda recargado por largar fuera del caj\u00f3n y entreg\u00f3 el triunfo a Luca Fiorotto, el segundo lugar a Franco Bozo y el tercero a Manuel Milera. Mientras que Ulises Pauletti se qued\u00f3 con la competencia restante, seguido por Julio Vel\u00e1zquez y Lucas Ronconi. Por \u00faltimo, la interesante prueba de la \u201cInter\u201d, con Agust\u00edn Fabi\u00e1n recibiendo la cuadriculada por delante de Sof\u00eda Percara y Agust\u00edn Milera, quien ser\u00eda excluido por una maniobra peligrosa, dej\u00e1ndole el puesto a Dante Moreira.<br>Resultados finales extraoficiales sujetos a verificaci\u00f3n t\u00e9cnica y deportiva:<\/p>\n\n\n\n<p>\u2013 150cc Mayores \u201cC\u201d- Final 1 (16 karts): 1\u00b0Federico Solda, 2\u00b0Manuel Cretton, 3\u00b0Ricardo Narcisi\/\/ 4\u00b0Juan Pablo Tomassi, 5\u00b0Eugenio Manassero, 6\u00b0Walter Monta\u00f1ana, 7\u00b0Alejandro P\u00e9rez, 8\u00b0Leandro Gonz\u00e1lez, 9\u00b0Santiago Antivero, 10\u00b0Leonardo Palombizio.<br>\u2013 150cc Mayores \u201cC\u201d- Final 2 (15): 1\u00b0Pablo Zapata, 2\u00b0Nicol\u00e1s Broggi, 3\u00b0Mart\u00edn Palavecino\/\/ 4\u00b0Cristian Scolamieri, 5\u00b0Paulo Alfaro, 6\u00b0Francisco Michelli, 7\u00b0Facundo Picullo, 8\u00b0Edgardo Cauzzi, 9\u00b0Jonathan Loskin, 10\u00b0Juan Jorge Marchetti.<br>\u2013 Copa M\u00e1ster 150cc: 1\u00b0Francisco Michelli, 2\u00b0Walter Monta\u00f1ana, 3\u00b0Alejandro P\u00e9rez\/\/ 4\u00b0Edgardo Cauzzi, 5\u00b0Santiago Antivero, 6\u00b0Mat\u00edas Iriarte, 7\u00b0Oscar Larraza, 8\u00b0Ismael Lugr\u00edn, 9\u00b0Juan Manuel Franchini.<br>\u2013 150cc Junior \u201cA\u201d (25): 1\u00b0Thom\u00e1s Carrancio, 2\u00b0Tom\u00e1s Arosio, 3\u00b0Camilo Lound\/\/ 4\u00b0Dami\u00e1n Cleppe, 5\u00b0Benjam\u00edn Squaglia, 6\u00b0Juan Manuel Laplacette, 7\u00b0Ayrton P\u00e9rez, 8\u00b0Fernando Barreto, 9\u00b0Alejandro Correa, 10\u00b0Valent\u00edn Bauer.<br>\u2013 110cc Escuela (18): 1\u00b0Bruno Masetto, 2\u00b0\u00c1lvaro Sabisky, 3\u00b0Benjam\u00edn Iglesias\/\/ 4\u00b0I\u00f1aki Antivero, 5\u00b0Vicente Allodi, 6\u00b0Gonzalo Callejas, 7\u00b0Santiago Secchi, 8\u00b0Felipe Beade, 9\u00b0Emilio L\u00f3pez Ferro, 10\u00b0Santino St\u00fcber.<br>\u2013 150cc Promocional (15): 1\u00b0Tiziano Cantero, 2\u00b0Joaqu\u00edn Pagola Jacob, 3\u00b0Felipe Saloj\/\/ 4\u00b0Bautista Mastroiacovo, 5\u00b0Mateo Fern\u00e1ndez, 6\u00b0Jerem\u00edas Esquivel, 7\u00b0Francesco Charreun, 8\u00b0Santiago Korell, 9\u00b0Juan Manuel Wiesner, 10\u00b0Valentino Premaries.<br>\u2013 150cc Mayores \u201cB\u201d- Final 1 (20 karts): 1\u00b0Luca Fiorotto, 2\u00b0Franco Bozo, 3\u00b0Manuel Milera\/\/ 4\u00b0Franco Cecchini, 5\u00b0Juan Pablo Cabrol, 6\u00b0Lisandro Gonz\u00e1lez Barral, 7\u00b0Gast\u00f3n Bon\u00edn, 8\u00b0Franco Balbuena, 9\u00b0Albano Borsotti, 10\u00b0Agust\u00edn De Zan.<br>\u2013 150cc Mayores \u201cB\u201d- Final 2 (20): 1\u00b0Ulises Pauletti, 2\u00b0Julio Vel\u00e1zquez, 3\u00b0Lucas Ronconi\/\/ 4\u00b0Ezequiel S\u00e1nchez, 5\u00b0Octavio De Zan, 6\u00b0Leonardo Palombizio, 7\u00b0Ayrton Zanetti, 8\u00b0Andr\u00e9s Garc\u00eda, 9\u00b0Marcos Dom\u00ednguez, 10\u00b0Joaqu\u00edn Blanc.<br>\u2013 125cc Internacional (10): 1\u00b0Agust\u00edn Fabi\u00e1n, 2\u00b0Sof\u00eda Percara, 3\u00b0Dante Moreira\/\/ 4\u00b0Diego Gevera Stivanello, 5\u00b0Ezequiel S\u00e1nchez, 6\u00b0Juan Franco Casagrande a 1vta, 7\u00b0Benjam\u00edn Squaglia a 1vta, 8\u00b0Juan Percara a 5vts. Excluido: Agust\u00edn Milera.<br>El Coronaci\u00f3n del Campeonato Entrerriano de Karting se disputar\u00e1 en el \u201cParque de la Velocidad\u201d de Villaguay, los d\u00edas 25 y 26 de noviembre.<\/p>\n","protected":false},"excerpt":{"rendered":"<p>El domingo se complet\u00f3 el pre coronaci\u00f3n del Campeonato Entrerriano de Karting, con claras postulaciones&#8230;<\/p>\n","protected":false},"author":2,"featured_media":236,"comment_status":"open","ping_status":"open","sticky":false,"template":"","format":"standard","meta":{"footnotes":""},"categories":[48],"tags":[],"class_list":["post-235","post","type-post","status-publish","format-standard","has-post-thumbnail","hentry","category-karting"],"featured_image_urls":{"full":["https:\/\/deportodos.com.ar\/2023\/wp-content\/uploads\/2023\/10\/WhatsApp-Image-2023-10-30-at-2.44.19-PM.jpeg",1600,828,false],"thumbnail":["https:\/\/deportodos.com.ar\/2023\/wp-content\/uploads\/2023\/10\/WhatsApp-Image-2023-10-30-at-2.44.19-PM-150x150.jpeg",150,150,true],"medium":["https:\/\/deportodos.com.ar\/2023\/wp-content\/uploads\/2023\/10\/WhatsApp-Image-2023-10-30-at-2.44.19-PM-300x155.jpeg",300,155,true],"medium_large":["https:\/\/deportodos.com.ar\/2023\/wp-content\/uploads\/2023\/10\/WhatsApp-Image-2023-10-30-at-2.44.19-PM-768x397.jpeg",640,331,true],"large":["https:\/\/deportodos.com.ar\/2023\/wp-content\/uploads\/2023\/10\/WhatsApp-Image-2023-10-30-at-2.44.19-PM-1024x530.jpeg",640,331,true],"1536x1536":["https:\/\/deportodos.com.ar\/2023\/wp-content\/uploads\/2023\/10\/WhatsApp-Image-2023-10-30-at-2.44.19-PM-1536x795.jpeg",1536,795,true],"2048x2048":["https:\/\/deportodos.com.ar\/2023\/wp-content\/uploads\/2023\/10\/WhatsApp-Image-2023-10-30-at-2.44.19-PM.jpeg",1600,828,false],"covernews-featured":["https:\/\/deportodos.com.ar\/2023\/wp-content\/uploads\/2023\/10\/WhatsApp-Image-2023-10-30-at-2.44.19-PM-1024x530.jpeg",1024,530,true],"covernews-medium":["https:\/\/deportodos.com.ar\/2023\/wp-content\/uploads\/2023\/10\/WhatsApp-Image-2023-10-30-at-2.44.19-PM-540x340.jpeg",540,340,true]},"author_info":{"display_name":"c2530142","author_link":"https:\/\/deportodos.com.ar\/2023\/author\/c2530142\/"},"category_info":"<a href=\"https:\/\/deportodos.com.ar\/2023\/category\/karting\/\" rel=\"category tag\">Karting<\/a>","tag_info":"Karting","comment_count":"0","_links":{"self":[{"href":"https:\/\/deportodos.com.ar\/2023\/wp-json\/wp\/v2\/posts\/235","targetHints":{"allow":["GET"]}}],"collection":[{"href":"https:\/\/deportodos.com.ar\/2023\/wp-json\/wp\/v2\/posts"}],"about":[{"href":"https:\/\/deportodos.com.ar\/2023\/wp-json\/wp\/v2\/types\/post"}],"author":[{"embeddable":true,"href":"https:\/\/deportodos.com.ar\/2023\/wp-json\/wp\/v2\/users\/2"}],"replies":[{"embeddable":true,"href":"https:\/\/deportodos.com.ar\/2023\/wp-json\/wp\/v2\/comments?post=235"}],"version-history":[{"count":1,"href":"https:\/\/deportodos.com.ar\/2023\/wp-json\/wp\/v2\/posts\/235\/revisions"}],"predecessor-version":[{"id":237,"href":"https:\/\/deportodos.com.ar\/2023\/wp-json\/wp\/v2\/posts\/235\/revisions\/237"}],"wp:featuredmedia":[{"embeddable":true,"href":"https:\/\/deportodos.com.ar\/2023\/wp-json\/wp\/v2\/media\/236"}],"wp:attachment":[{"href":"https:\/\/deportodos.com.ar\/2023\/wp-json\/wp\/v2\/media?parent=235"}],"wp:term":[{"taxonomy":"category","embeddable":true,"href":"https:\/\/deportodos.com.ar\/2023\/wp-json\/wp\/v2\/categories?post=235"},{"taxonomy":"post_tag","embeddable":true,"href":"https:\/\/deportodos.com.ar\/2023\/wp-json\/wp\/v2\/tags?post=235"}],"curies":[{"name":"wp","href":"https:\/\/api.w.org\/{rel}","templated":true}]}}