{"id":2365,"date":"2024-09-30T20:11:19","date_gmt":"2024-09-30T20:11:19","guid":{"rendered":"https:\/\/deportodos.com.ar\/2023\/?p=2365"},"modified":"2024-09-30T20:11:48","modified_gmt":"2024-09-30T20:11:48","slug":"se-corrio-en-rosario-del-tala-una-nueva-fecha-del-cicilismo-mountain-bike-provincial","status":"publish","type":"post","link":"https:\/\/deportodos.com.ar\/2023\/se-corrio-en-rosario-del-tala-una-nueva-fecha-del-cicilismo-mountain-bike-provincial\/","title":{"rendered":"SE CORRI\u00d3 EN ROSARIO DEL TALA UNA NUEVA FECHA DEL CICILISMO (MOUNTAIN BIKE) PROVINCIAL"},"content":{"rendered":"\n<p>El domingo en la zona del Camping Delio Paniza y zona de los puentes, se corri\u00f3 la tercera fecha del Campeonato Entrerriano de Mountain bike XCO, organizado por la Asociaci\u00f3n Entrerriana de Ciclismo de Monta\u00f1a, estas fueron las principales posiciones &#x1f447;&#x1f3fb;<\/p>\n\n\n\n<figure class=\"wp-block-image size-large\"><a href=\"https:\/\/deportodos.com.ar\/2023\/wp-content\/uploads\/2024\/09\/1000230072.jpg\"><img fetchpriority=\"high\" decoding=\"async\" width=\"1024\" height=\"307\" src=\"https:\/\/deportodos.com.ar\/2023\/wp-content\/uploads\/2024\/09\/1000230072-1024x307.jpg\" alt=\"\" class=\"wp-image-2361\" srcset=\"https:\/\/deportodos.com.ar\/2023\/wp-content\/uploads\/2024\/09\/1000230072-1024x307.jpg 1024w, https:\/\/deportodos.com.ar\/2023\/wp-content\/uploads\/2024\/09\/1000230072-300x90.jpg 300w, https:\/\/deportodos.com.ar\/2023\/wp-content\/uploads\/2024\/09\/1000230072-768x230.jpg 768w, https:\/\/deportodos.com.ar\/2023\/wp-content\/uploads\/2024\/09\/1000230072-1536x461.jpg 1536w, https:\/\/deportodos.com.ar\/2023\/wp-content\/uploads\/2024\/09\/1000230072.jpg 1916w\" sizes=\"(max-width: 1024px) 100vw, 1024px\" \/><\/a><\/figure>\n\n\n\n<figure class=\"wp-block-image size-large\"><a href=\"https:\/\/deportodos.com.ar\/2023\/wp-content\/uploads\/2024\/09\/1000230073.jpg\"><img decoding=\"async\" width=\"1024\" height=\"245\" src=\"https:\/\/deportodos.com.ar\/2023\/wp-content\/uploads\/2024\/09\/1000230073-1024x245.jpg\" alt=\"\" class=\"wp-image-2362\" srcset=\"https:\/\/deportodos.com.ar\/2023\/wp-content\/uploads\/2024\/09\/1000230073-1024x245.jpg 1024w, https:\/\/deportodos.com.ar\/2023\/wp-content\/uploads\/2024\/09\/1000230073-300x72.jpg 300w, https:\/\/deportodos.com.ar\/2023\/wp-content\/uploads\/2024\/09\/1000230073-768x184.jpg 768w, https:\/\/deportodos.com.ar\/2023\/wp-content\/uploads\/2024\/09\/1000230073-1536x367.jpg 1536w, https:\/\/deportodos.com.ar\/2023\/wp-content\/uploads\/2024\/09\/1000230073.jpg 1916w\" sizes=\"(max-width: 1024px) 100vw, 1024px\" \/><\/a><\/figure>\n\n\n\n<p>El pr\u00f3ximo fin de semana se corre en Urdinarrain, el Premio Coronaci\u00f3n del Rural bike Entrerriano<\/p>\n","protected":false},"excerpt":{"rendered":"<p>El domingo en la zona del Camping Delio Paniza y zona de los puentes, se&#8230;<\/p>\n","protected":false},"author":2,"featured_media":2366,"comment_status":"open","ping_status":"open","sticky":false,"template":"","format":"standard","meta":{"footnotes":""},"categories":[37],"tags":[],"class_list":["post-2365","post","type-post","status-publish","format-standard","has-post-thumbnail","hentry","category-mountain-bike"],"featured_image_urls":{"full":["https:\/\/deportodos.com.ar\/2023\/wp-content\/uploads\/2024\/09\/FB_IMG_1727727056053.jpg",1080,2018,false],"thumbnail":["https:\/\/deportodos.com.ar\/2023\/wp-content\/uploads\/2024\/09\/FB_IMG_1727727056053-150x150.jpg",150,150,true],"medium":["https:\/\/deportodos.com.ar\/2023\/wp-content\/uploads\/2024\/09\/FB_IMG_1727727056053-161x300.jpg",161,300,true],"medium_large":["https:\/\/deportodos.com.ar\/2023\/wp-content\/uploads\/2024\/09\/FB_IMG_1727727056053-768x1435.jpg",640,1196,true],"large":["https:\/\/deportodos.com.ar\/2023\/wp-content\/uploads\/2024\/09\/FB_IMG_1727727056053-548x1024.jpg",548,1024,true],"1536x1536":["https:\/\/deportodos.com.ar\/2023\/wp-content\/uploads\/2024\/09\/FB_IMG_1727727056053-822x1536.jpg",822,1536,true],"2048x2048":["https:\/\/deportodos.com.ar\/2023\/wp-content\/uploads\/2024\/09\/FB_IMG_1727727056053.jpg",1080,2018,false],"covernews-featured":["https:\/\/deportodos.com.ar\/2023\/wp-content\/uploads\/2024\/09\/FB_IMG_1727727056053-1024x1913.jpg",1024,1913,true],"covernews-medium":["https:\/\/deportodos.com.ar\/2023\/wp-content\/uploads\/2024\/09\/FB_IMG_1727727056053-540x340.jpg",540,340,true]},"author_info":{"display_name":"c2530142","author_link":"https:\/\/deportodos.com.ar\/2023\/author\/c2530142\/"},"category_info":"<a href=\"https:\/\/deportodos.com.ar\/2023\/category\/mountain-bike\/\" rel=\"category tag\">Mountain Bike<\/a>","tag_info":"Mountain Bike","comment_count":"0","_links":{"self":[{"href":"https:\/\/deportodos.com.ar\/2023\/wp-json\/wp\/v2\/posts\/2365","targetHints":{"allow":["GET"]}}],"collection":[{"href":"https:\/\/deportodos.com.ar\/2023\/wp-json\/wp\/v2\/posts"}],"about":[{"href":"https:\/\/deportodos.com.ar\/2023\/wp-json\/wp\/v2\/types\/post"}],"author":[{"embeddable":true,"href":"https:\/\/deportodos.com.ar\/2023\/wp-json\/wp\/v2\/users\/2"}],"replies":[{"embeddable":true,"href":"https:\/\/deportodos.com.ar\/2023\/wp-json\/wp\/v2\/comments?post=2365"}],"version-history":[{"count":1,"href":"https:\/\/deportodos.com.ar\/2023\/wp-json\/wp\/v2\/posts\/2365\/revisions"}],"predecessor-version":[{"id":2367,"href":"https:\/\/deportodos.com.ar\/2023\/wp-json\/wp\/v2\/posts\/2365\/revisions\/2367"}],"wp:featuredmedia":[{"embeddable":true,"href":"https:\/\/deportodos.com.ar\/2023\/wp-json\/wp\/v2\/media\/2366"}],"wp:attachment":[{"href":"https:\/\/deportodos.com.ar\/2023\/wp-json\/wp\/v2\/media?parent=2365"}],"wp:term":[{"taxonomy":"category","embeddable":true,"href":"https:\/\/deportodos.com.ar\/2023\/wp-json\/wp\/v2\/categories?post=2365"},{"taxonomy":"post_tag","embeddable":true,"href":"https:\/\/deportodos.com.ar\/2023\/wp-json\/wp\/v2\/tags?post=2365"}],"curies":[{"name":"wp","href":"https:\/\/api.w.org\/{rel}","templated":true}]}}