{"id":2368,"date":"2024-09-30T20:16:24","date_gmt":"2024-09-30T20:16:24","guid":{"rendered":"https:\/\/deportodos.com.ar\/2023\/?p=2368"},"modified":"2024-09-30T20:41:34","modified_gmt":"2024-09-30T20:41:34","slug":"en-yuqueri-se-dispuso-la-prueba-estilo-atrial-aventura-san-francisco-de-asis","status":"publish","type":"post","link":"https:\/\/deportodos.com.ar\/2023\/en-yuqueri-se-dispuso-la-prueba-estilo-atrial-aventura-san-francisco-de-asis\/","title":{"rendered":"EN YUQUER\u00cd SE DISPUSO LA PRUEBA ESTILO TRAIL AVENTURA \u00abSAN FRANCISCO DE AS\u00cdS\u00bb"},"content":{"rendered":"\n<p>Ayer domingo 29 de septiembre en el Dto Concordia m\u00e1s precisamente en estaci\u00f3n Yuquer\u00ed se disputo la tradici\u00f3n prueba de estilo trial Aventura \u201cSan Francisco de As\u00eds\u201d Organizada por la cooperadora de la capilla con el mismo nombre y el diario digital deportes villa Adela y todo su grupo de amigos y corredores.<\/p>\n\n\n\n<p>La fiesta comenz\u00f3 muy temprano a las 8:00 hs de la ma\u00f1ana cuando el animador de la fiesta Lolo Alan\u00eds comenz\u00f3 a poner en actividad a los corredores que fueron llegando, con el sonido de Altamira evento todos escuchan atento la m\u00fasica y bailaban para ir calentando el ambiente para lo que ser\u00eda el duro circuito.<\/p>\n\n\n\n<p>Una vez levantado los Kits y los atletas haber entrado en calor, los corredores se fueron agrup\u00e1ndose bajo el arco de largada y las 9:45 en punto con diez campanazos de la iglesia se larg\u00f3 la carrera y los 170 corredores salieron muy fuerte para que a los 800 mts se encontraran con el primer obst\u00e1culo que fueron unos 1000 mts de v\u00eda f\u00e9rrea donde se frenaron bastante.<\/p>\n\n\n\n<p>En eso metros ya se ve\u00eda quien iba a ser el ganador ya si bien no ven\u00eda puntero donde tomo la parte de calle meti\u00f3 un cambio ritmo y se despeg\u00f3 del resto ese fue Luis Barrio, pero despu\u00e9s llego el cruce del arroyo Yuquer\u00ed chico por la zona de playa , la selva en galer\u00eda y volver un tramo otra vez por el agua y la arena unos 100 mts desde ah\u00ed en adelante fueron unos 4.500 mts de solo caminos de arena muy pesada.<\/p>\n\n\n\n<p>Luis Barrio fue el ganador como en la \u00faltima edici\u00f3n despu\u00e9s los siguieron el atleta de San Jaime Luis Alejando Alvez y ambos atletas representan al team deportes villa Adela, en el tercer el atleta de Chajari el experimentado Alcides Polilla Espindola .<\/p>\n\n\n\n<p>En las damas la carrera fue muy pareja entre las Hermanas Buruchaga donde ya parec\u00eda que Marcia quien hab\u00eda ganado todo el camino se qued\u00f3 un poquito y su hermana Florencia meti\u00f3 un cambio de ritmo en la parte final y se qued\u00f3 con el triunfo el tercer lo ocupo la atleta de Chajari Mar\u00eda Jos\u00e9 Maidana.<\/p>\n\n\n\n<p>En las distancias de los 6km el concordiense Juan Saboredo fue quien se qued\u00f3 con el triunfo de punta a punta en segundo lugar llego Camilo Mereles y el tercero fue Ubaldo Rabaschino<\/p>\n\n\n\n<p>En las damas la gran ganadora fue Yamila Schivindt de los Charr\u00faas en segundo lugar llego de concordia Vanina Saucedo y completo el podio la jovencita Felicitas Percara tambi\u00e9n de la ciudad de Concordia.<\/p>\n\n\n\n<p>Una vez culminada la carrera y ante de la entregas de premios se llevo a caba una prueba de peque\u00f1os Runers en donde todos fueron los ganadores con entrega de medallas y una bolsita de golosinas y hidratacion.<\/p>\n\n\n\n<p>Fue una muy linda carrera donde como organizadores trabajamos duro para que saliera lo mejor posible, siempre ay detalle para ir mejorando, gracias a todos los que se animaron a acompa\u00f1arnos y que para nosotros fueron muchos y los esperamos para el 2025..<\/p>\n\n\n\n<p>Resultados general 12 km<\/p>\n\n\n\n<p>Caballeros<\/p>\n\n\n\n<p>1\u00b0 BARRIO, LUIS Mar\u00eda -CONCORDIA -0:47:15<\/p>\n\n\n\n<p>2\u00b0 ALVEZ, LUIS ALEJANDRO- SAN JAIME -0:47:43<\/p>\n\n\n\n<p>3\u00b0 ESPINDOLA, ALCIDES- CHAJARI-0:49:43<\/p>\n\n\n\n<p>4\u00b0 AROCENA, SEBASTIAN- PRONUNCIAMIENTO -0:49:48<\/p>\n\n\n\n<p>5\u00b0 MONZON, ALAN JESUS DANIEL-CONCORDIA -0:51:04<\/p>\n\n\n\n<p>Damas<\/p>\n\n\n\n<p>1\u00b0 BURUCHAGA, FLORENCIA CONCORDIA &#8211; 1:03:29<\/p>\n\n\n\n<p>2\u00b0 BURUCHAGA, MARCIA MELINA &#8211; CONCORDIA -1:03:42<\/p>\n\n\n\n<p>3\u00b0 MAIDANA, MARIA JOSE CHAJARI -1:05:34<\/p>\n\n\n\n<p>4\u00b0GARAY, MARIA VANESA &#8211; CHAJARI -1:05:35<\/p>\n\n\n\n<p>5\u00b0 GALVARINI, TERESA -SAN SALVADOR &#8211; 1:06:28<\/p>\n\n\n\n<p><strong>5km<\/strong><\/p>\n\n\n\n<p>1\u00b0 SABOREDO, JUAN -CONCORDIA- 0:23:58<\/p>\n\n\n\n<p>2\u00b0 MERELES, CAMILO -CONCORDIA -0:24:28<\/p>\n\n\n\n<p>3\u00b0 RABASCHINO, UBALDO-CONCORDIA-0:24:29<\/p>\n\n\n\n<p>4\u00b0 SOLARI MIGUEL -SAN SALVADOR-0:24:42<\/p>\n\n\n\n<p>5\u00b0 RABASCHINO KEVIN -CALABACILLA -0:25:34<\/p>\n\n\n\n<p>Damas<\/p>\n\n\n\n<p>1\u00b0 SCHVINDT YANINA-LOS CHARRUAS-0:37:23<\/p>\n\n\n\n<p>2\u00b0SAUCEDO, VIVIANA-CONCORDIA-0:39:01<\/p>\n\n\n\n<p>3 \u00b0PERCARA, FELICITAS-CONCORDIA-0:39:46<\/p>\n\n\n\n<p>4\u00b0 LAURIA, MARTA GRACIELA-CONCORDIA-0:40:34<\/p>\n\n\n\n<p>5\u00b0 QUINTANA, ESTEFANIA-CONCORDIA-0:41:05<\/p>\n","protected":false},"excerpt":{"rendered":"<p>Ayer domingo 29 de septiembre en el Dto Concordia m\u00e1s precisamente en estaci\u00f3n Yuquer\u00ed se&#8230;<\/p>\n","protected":false},"author":2,"featured_media":2369,"comment_status":"open","ping_status":"open","sticky":false,"template":"","format":"standard","meta":{"footnotes":""},"categories":[5],"tags":[],"class_list":["post-2368","post","type-post","status-publish","format-standard","has-post-thumbnail","hentry","category-atletismo"],"featured_image_urls":{"full":["https:\/\/deportodos.com.ar\/2023\/wp-content\/uploads\/2024\/09\/IMG-20240930-WA0032.jpg",1080,677,false],"thumbnail":["https:\/\/deportodos.com.ar\/2023\/wp-content\/uploads\/2024\/09\/IMG-20240930-WA0032-150x150.jpg",150,150,true],"medium":["https:\/\/deportodos.com.ar\/2023\/wp-content\/uploads\/2024\/09\/IMG-20240930-WA0032-300x188.jpg",300,188,true],"medium_large":["https:\/\/deportodos.com.ar\/2023\/wp-content\/uploads\/2024\/09\/IMG-20240930-WA0032-768x481.jpg",640,401,true],"large":["https:\/\/deportodos.com.ar\/2023\/wp-content\/uploads\/2024\/09\/IMG-20240930-WA0032-1024x642.jpg",640,401,true],"1536x1536":["https:\/\/deportodos.com.ar\/2023\/wp-content\/uploads\/2024\/09\/IMG-20240930-WA0032.jpg",1080,677,false],"2048x2048":["https:\/\/deportodos.com.ar\/2023\/wp-content\/uploads\/2024\/09\/IMG-20240930-WA0032.jpg",1080,677,false],"covernews-featured":["https:\/\/deportodos.com.ar\/2023\/wp-content\/uploads\/2024\/09\/IMG-20240930-WA0032-1024x642.jpg",1024,642,true],"covernews-medium":["https:\/\/deportodos.com.ar\/2023\/wp-content\/uploads\/2024\/09\/IMG-20240930-WA0032-540x340.jpg",540,340,true]},"author_info":{"display_name":"c2530142","author_link":"https:\/\/deportodos.com.ar\/2023\/author\/c2530142\/"},"category_info":"<a href=\"https:\/\/deportodos.com.ar\/2023\/category\/atletismo\/\" rel=\"category tag\">Atletismo<\/a>","tag_info":"Atletismo","comment_count":"0","_links":{"self":[{"href":"https:\/\/deportodos.com.ar\/2023\/wp-json\/wp\/v2\/posts\/2368","targetHints":{"allow":["GET"]}}],"collection":[{"href":"https:\/\/deportodos.com.ar\/2023\/wp-json\/wp\/v2\/posts"}],"about":[{"href":"https:\/\/deportodos.com.ar\/2023\/wp-json\/wp\/v2\/types\/post"}],"author":[{"embeddable":true,"href":"https:\/\/deportodos.com.ar\/2023\/wp-json\/wp\/v2\/users\/2"}],"replies":[{"embeddable":true,"href":"https:\/\/deportodos.com.ar\/2023\/wp-json\/wp\/v2\/comments?post=2368"}],"version-history":[{"count":2,"href":"https:\/\/deportodos.com.ar\/2023\/wp-json\/wp\/v2\/posts\/2368\/revisions"}],"predecessor-version":[{"id":2372,"href":"https:\/\/deportodos.com.ar\/2023\/wp-json\/wp\/v2\/posts\/2368\/revisions\/2372"}],"wp:featuredmedia":[{"embeddable":true,"href":"https:\/\/deportodos.com.ar\/2023\/wp-json\/wp\/v2\/media\/2369"}],"wp:attachment":[{"href":"https:\/\/deportodos.com.ar\/2023\/wp-json\/wp\/v2\/media?parent=2368"}],"wp:term":[{"taxonomy":"category","embeddable":true,"href":"https:\/\/deportodos.com.ar\/2023\/wp-json\/wp\/v2\/categories?post=2368"},{"taxonomy":"post_tag","embeddable":true,"href":"https:\/\/deportodos.com.ar\/2023\/wp-json\/wp\/v2\/tags?post=2368"}],"curies":[{"name":"wp","href":"https:\/\/api.w.org\/{rel}","templated":true}]}}