{"id":2417,"date":"2024-10-07T15:46:28","date_gmt":"2024-10-07T15:46:28","guid":{"rendered":"https:\/\/deportodos.com.ar\/2023\/?p=2417"},"modified":"2024-10-07T15:52:12","modified_gmt":"2024-10-07T15:52:12","slug":"se-corrio-la-ultima-fecha-del-rural-bike-en-urdinarrain","status":"publish","type":"post","link":"https:\/\/deportodos.com.ar\/2023\/se-corrio-la-ultima-fecha-del-rural-bike-en-urdinarrain\/","title":{"rendered":"SE CORRI\u00d3 LA \u00daLTIMA FECHA DEL RURAL BIKE, EN URDINARRAIN"},"content":{"rendered":"\n<p>Con la organizaci\u00f3n de la Comisi\u00f3n de Ciclismo del Club Luis Luciano, se corri\u00f3 en Urdinarrain la \u00faltima fecha de la temporada 2024 del rural bike entrerriano. Con epicentro en el Polideportivo Municipal y la fiscalizaci\u00f3n de la Asociaci\u00f3n Entrerriana del Ciclismo de Monta\u00f1a, estas fueron las clasificaciones por categor\u00eda &#x1f447;&#x1f3fb;<\/p>\n\n\n\n<p>\u00a0\u00a0\u00a0\u00a0\u00a0<\/p>\n\n\n\n<div data-wp-interactive=\"core\/file\" class=\"wp-block-file\"><object data-wp-bind--hidden=\"!state.hasPdfPreview\" hidden class=\"wp-block-file__embed\" data=\"https:\/\/deportodos.com.ar\/2023\/wp-content\/uploads\/2024\/10\/24-10-06-6-UrdinarrainClasificacion-Urdinarrain-Corregida.pdf\" type=\"application\/pdf\" style=\"width:100%;height:600px\" aria-label=\"Incrustado de 24-10-06  -  6 - UrdinarrainClasificaci\u00f3n Urdinarrain Corregida.\"><\/object><a id=\"wp-block-file--media-5dd0d137-6220-4302-8ca5-f68f77ad25f6\" href=\"https:\/\/deportodos.com.ar\/2023\/wp-content\/uploads\/2024\/10\/24-10-06-6-UrdinarrainClasificacion-Urdinarrain-Corregida.pdf\">24-10-06  &#8211;  6 &#8211; UrdinarrainClasificaci\u00f3n Urdinarrain Corregida<\/a><a href=\"https:\/\/deportodos.com.ar\/2023\/wp-content\/uploads\/2024\/10\/24-10-06-6-UrdinarrainClasificacion-Urdinarrain-Corregida.pdf\" class=\"wp-block-file__button wp-element-button\" download aria-describedby=\"wp-block-file--media-5dd0d137-6220-4302-8ca5-f68f77ad25f6\">Descarga<\/a><\/div>\n","protected":false},"excerpt":{"rendered":"<p>Con la organizaci\u00f3n de la Comisi\u00f3n de Ciclismo del Club Luis Luciano, se corri\u00f3 en&#8230;<\/p>\n","protected":false},"author":2,"featured_media":2421,"comment_status":"open","ping_status":"open","sticky":false,"template":"","format":"standard","meta":{"footnotes":""},"categories":[27],"tags":[],"class_list":["post-2417","post","type-post","status-publish","format-standard","has-post-thumbnail","hentry","category-rural-bike"],"featured_image_urls":{"full":["https:\/\/deportodos.com.ar\/2023\/wp-content\/uploads\/2024\/10\/FB_IMG_1728316036583.jpg",1080,811,false],"thumbnail":["https:\/\/deportodos.com.ar\/2023\/wp-content\/uploads\/2024\/10\/FB_IMG_1728316036583-150x150.jpg",150,150,true],"medium":["https:\/\/deportodos.com.ar\/2023\/wp-content\/uploads\/2024\/10\/FB_IMG_1728316036583-300x225.jpg",300,225,true],"medium_large":["https:\/\/deportodos.com.ar\/2023\/wp-content\/uploads\/2024\/10\/FB_IMG_1728316036583-768x577.jpg",640,481,true],"large":["https:\/\/deportodos.com.ar\/2023\/wp-content\/uploads\/2024\/10\/FB_IMG_1728316036583-1024x769.jpg",640,481,true],"1536x1536":["https:\/\/deportodos.com.ar\/2023\/wp-content\/uploads\/2024\/10\/FB_IMG_1728316036583.jpg",1080,811,false],"2048x2048":["https:\/\/deportodos.com.ar\/2023\/wp-content\/uploads\/2024\/10\/FB_IMG_1728316036583.jpg",1080,811,false],"covernews-featured":["https:\/\/deportodos.com.ar\/2023\/wp-content\/uploads\/2024\/10\/FB_IMG_1728316036583-1024x769.jpg",1024,769,true],"covernews-medium":["https:\/\/deportodos.com.ar\/2023\/wp-content\/uploads\/2024\/10\/FB_IMG_1728316036583-540x340.jpg",540,340,true]},"author_info":{"display_name":"c2530142","author_link":"https:\/\/deportodos.com.ar\/2023\/author\/c2530142\/"},"category_info":"<a href=\"https:\/\/deportodos.com.ar\/2023\/category\/rural-bike\/\" rel=\"category tag\">Rural Bike<\/a>","tag_info":"Rural Bike","comment_count":"0","_links":{"self":[{"href":"https:\/\/deportodos.com.ar\/2023\/wp-json\/wp\/v2\/posts\/2417","targetHints":{"allow":["GET"]}}],"collection":[{"href":"https:\/\/deportodos.com.ar\/2023\/wp-json\/wp\/v2\/posts"}],"about":[{"href":"https:\/\/deportodos.com.ar\/2023\/wp-json\/wp\/v2\/types\/post"}],"author":[{"embeddable":true,"href":"https:\/\/deportodos.com.ar\/2023\/wp-json\/wp\/v2\/users\/2"}],"replies":[{"embeddable":true,"href":"https:\/\/deportodos.com.ar\/2023\/wp-json\/wp\/v2\/comments?post=2417"}],"version-history":[{"count":1,"href":"https:\/\/deportodos.com.ar\/2023\/wp-json\/wp\/v2\/posts\/2417\/revisions"}],"predecessor-version":[{"id":2419,"href":"https:\/\/deportodos.com.ar\/2023\/wp-json\/wp\/v2\/posts\/2417\/revisions\/2419"}],"wp:featuredmedia":[{"embeddable":true,"href":"https:\/\/deportodos.com.ar\/2023\/wp-json\/wp\/v2\/media\/2421"}],"wp:attachment":[{"href":"https:\/\/deportodos.com.ar\/2023\/wp-json\/wp\/v2\/media?parent=2417"}],"wp:term":[{"taxonomy":"category","embeddable":true,"href":"https:\/\/deportodos.com.ar\/2023\/wp-json\/wp\/v2\/categories?post=2417"},{"taxonomy":"post_tag","embeddable":true,"href":"https:\/\/deportodos.com.ar\/2023\/wp-json\/wp\/v2\/tags?post=2417"}],"curies":[{"name":"wp","href":"https:\/\/api.w.org\/{rel}","templated":true}]}}