{"id":2426,"date":"2024-10-08T03:00:35","date_gmt":"2024-10-08T03:00:35","guid":{"rendered":"https:\/\/deportodos.com.ar\/2023\/?p=2426"},"modified":"2024-10-08T03:00:37","modified_gmt":"2024-10-08T03:00:37","slug":"los-atletas-concordienses-ganaron-en-la-maraton-de-santa-ana","status":"publish","type":"post","link":"https:\/\/deportodos.com.ar\/2023\/los-atletas-concordienses-ganaron-en-la-maraton-de-santa-ana\/","title":{"rendered":"LOS ATLETAS CONCORDIENSES GANARON EN LA MARAT\u00d3N DE SANTA ANA"},"content":{"rendered":"\n<p>Este pasado domingo 6 y como cada a\u00f1o en este mes octubre se realiz\u00f3 otra edici\u00f3n m\u00e1s de la Marat\u00f3n ciudad de Santa Ana, esta peque\u00f1a pero pintoresca ciudad, enclavada a la vera del lago de Salto Grande del Dto. Federaci\u00f3n, aqu\u00ed cada a\u00f1o concurren atletas de varios puntos de la provincia y tambi\u00e9n vecina provincia como Corrientes y de la Rca Oriental del Uruguay.<\/p>\n\n\n\n<p>La prueba fue organizada por la direcci\u00f3n de deportes de esta ciudad y conto con m\u00e1s de 210 atletas que estuvieron presente muy temprano para la acreditaci\u00f3n y las 9:30 en punto se puso en marcha como estaba previsto, las distancia fueron de 5 y 10 km ambas competitivas ya que en ambas distancia hab\u00eda una recompensa en dinero en efectivo, los atletas que representan al team deportes villa Adela se trajeron casi todos los premios en la general en la distancia de los 5km la oriunda del populoso barrio de villa Adela Greta victoria Rodr\u00edguez fue la ganadora de los 5km y con esta completo 4 triunfo en la general de los 5km en esta prueba, secundada por otra concordiense Mar\u00eda Luz Ram\u00edrez y la atleta de federaci\u00f3n Brisa Arriola completo el podio.<\/p>\n\n\n\n<p>En los caballero en esta distancia el concordiense Juan Saboreado fue el ganador secundado por el muy atleta de los conquistadores Ger\u00f3nimo Corujo y el tercer lugar llego otro concordiense Gadiel Vallejos.<\/p>\n\n\n\n<p>En la distancia de los 10 km el ganador y el segundo fueron los representantes del team deportes villa Adela Luis Mar\u00eda Barrio fue el ganador y en segundo fue Bruno Colombo y completo el top 3 otro concordiense Silvio Altamirano.<\/p>\n\n\n\n<p>En las damas la ganadora fue la atleta de puerto Yerua Ximena Simeone y del team deportes villa adela y fue por cuarta edici\u00f3n consecutiva la ganadora de esta prueba , quedando con dos triunfo m\u00e1s que Nancy Gallo y Pilar R\u00edos con dos triunfos cada una, el segundo lugar lo ocup\u00f3 la corredora de chajari Daniela Penoni y el tercero fue para la corredora de San Salvador Johana Falcon .<\/p>\n\n\n\n<p>Tambi\u00e9n recordamos que los atletas del team deportes villa Adela, Ximena Simeone, Greta Rodriguez , Bruno Colombo y Rosa Monz\u00f3n estar\u00e1n compitiendo en Uruguaina Brasil en la 27\u00b0 edici\u00f3n de la media Marat\u00f3n Internacional de Uruguaina el pr\u00f3ximo domingo 13 de octubre a las 7:30 de la ma\u00f1ana.<\/p>\n\n\n\n<p>Informe y Fotos: Enrique Rodr\u00edguez<\/p>\n","protected":false},"excerpt":{"rendered":"<p>Este pasado domingo 6 y como cada a\u00f1o en este mes octubre se realiz\u00f3 otra&#8230;<\/p>\n","protected":false},"author":2,"featured_media":2427,"comment_status":"open","ping_status":"open","sticky":false,"template":"","format":"standard","meta":{"footnotes":""},"categories":[5],"tags":[],"class_list":["post-2426","post","type-post","status-publish","format-standard","has-post-thumbnail","hentry","category-atletismo"],"featured_image_urls":{"full":["https:\/\/deportodos.com.ar\/2023\/wp-content\/uploads\/2024\/10\/IMG-20241007-WA0090.jpg",1600,1066,false],"thumbnail":["https:\/\/deportodos.com.ar\/2023\/wp-content\/uploads\/2024\/10\/IMG-20241007-WA0090-150x150.jpg",150,150,true],"medium":["https:\/\/deportodos.com.ar\/2023\/wp-content\/uploads\/2024\/10\/IMG-20241007-WA0090-300x200.jpg",300,200,true],"medium_large":["https:\/\/deportodos.com.ar\/2023\/wp-content\/uploads\/2024\/10\/IMG-20241007-WA0090-768x512.jpg",640,427,true],"large":["https:\/\/deportodos.com.ar\/2023\/wp-content\/uploads\/2024\/10\/IMG-20241007-WA0090-1024x682.jpg",640,426,true],"1536x1536":["https:\/\/deportodos.com.ar\/2023\/wp-content\/uploads\/2024\/10\/IMG-20241007-WA0090-1536x1023.jpg",1536,1023,true],"2048x2048":["https:\/\/deportodos.com.ar\/2023\/wp-content\/uploads\/2024\/10\/IMG-20241007-WA0090.jpg",1600,1066,false],"covernews-featured":["https:\/\/deportodos.com.ar\/2023\/wp-content\/uploads\/2024\/10\/IMG-20241007-WA0090-1024x682.jpg",1024,682,true],"covernews-medium":["https:\/\/deportodos.com.ar\/2023\/wp-content\/uploads\/2024\/10\/IMG-20241007-WA0090-540x340.jpg",540,340,true]},"author_info":{"display_name":"c2530142","author_link":"https:\/\/deportodos.com.ar\/2023\/author\/c2530142\/"},"category_info":"<a href=\"https:\/\/deportodos.com.ar\/2023\/category\/atletismo\/\" rel=\"category tag\">Atletismo<\/a>","tag_info":"Atletismo","comment_count":"0","_links":{"self":[{"href":"https:\/\/deportodos.com.ar\/2023\/wp-json\/wp\/v2\/posts\/2426","targetHints":{"allow":["GET"]}}],"collection":[{"href":"https:\/\/deportodos.com.ar\/2023\/wp-json\/wp\/v2\/posts"}],"about":[{"href":"https:\/\/deportodos.com.ar\/2023\/wp-json\/wp\/v2\/types\/post"}],"author":[{"embeddable":true,"href":"https:\/\/deportodos.com.ar\/2023\/wp-json\/wp\/v2\/users\/2"}],"replies":[{"embeddable":true,"href":"https:\/\/deportodos.com.ar\/2023\/wp-json\/wp\/v2\/comments?post=2426"}],"version-history":[{"count":1,"href":"https:\/\/deportodos.com.ar\/2023\/wp-json\/wp\/v2\/posts\/2426\/revisions"}],"predecessor-version":[{"id":2428,"href":"https:\/\/deportodos.com.ar\/2023\/wp-json\/wp\/v2\/posts\/2426\/revisions\/2428"}],"wp:featuredmedia":[{"embeddable":true,"href":"https:\/\/deportodos.com.ar\/2023\/wp-json\/wp\/v2\/media\/2427"}],"wp:attachment":[{"href":"https:\/\/deportodos.com.ar\/2023\/wp-json\/wp\/v2\/media?parent=2426"}],"wp:term":[{"taxonomy":"category","embeddable":true,"href":"https:\/\/deportodos.com.ar\/2023\/wp-json\/wp\/v2\/categories?post=2426"},{"taxonomy":"post_tag","embeddable":true,"href":"https:\/\/deportodos.com.ar\/2023\/wp-json\/wp\/v2\/tags?post=2426"}],"curies":[{"name":"wp","href":"https:\/\/api.w.org\/{rel}","templated":true}]}}