{"id":2429,"date":"2024-10-08T03:02:29","date_gmt":"2024-10-08T03:02:29","guid":{"rendered":"https:\/\/deportodos.com.ar\/2023\/?p=2429"},"modified":"2024-10-08T03:02:30","modified_gmt":"2024-10-08T03:02:30","slug":"jornada-de-alto-vuelo-en-rosario-del-tala","status":"publish","type":"post","link":"https:\/\/deportodos.com.ar\/2023\/jornada-de-alto-vuelo-en-rosario-del-tala\/","title":{"rendered":"JORNADA DE ALTO VUELO EN ROSARIO DEL TALA"},"content":{"rendered":"\n<p>LA 7ma. FECHA DEL CERTAMEN SE CORRI\u00d3 EN EL CIRCUITO DE LOS PUENTES ANTE NUMEROSO P\u00daBLICO Y CON PILOTOS DE VARIAS PROVINCIAS\u2026<br>El pasado f\u00edn de semana se cumpli\u00f3 la 7ma. Fecha del Endurocross Entrerriano en Rosario del Tala, en el Circuito \u201cLos Puentes\u201d bien presentado por los organizadores, mucho trabajo en la previa lo que permiti\u00f3 concretar la jornada en el exigente trazado. En lo deportivo el representante de Arrecifes Francisco Cabarcos domin\u00f3 la categor\u00eda principal Seniors Open, en tanto en Expertos \u201cA\u201d, el joven Piloto de Perez Mill\u00e1n Francisco Pontacuarto se adjudic\u00f3 la suma de puntos final. Gast\u00f3n Gange de 1 de Mayo result\u00f3 el m\u00e1s efectivo en la Seniors B y tambi\u00e9n la Juniors Open en gran labor. Completaron la galer\u00eda de ganadores: Rodrigo Barrios de Gualeguay en Expertos 125 cc, Diego Caglieris de Rafaela en Master \u201cA\u201d , Cristian Bua de Tigre en Master \u201cB\u201d, Gerardo Campod\u00f3nico de Gualeguay en Master \u201cC\u201d, Gabriel Geist de Cerrito en Expertos \u201dC\u201d, Emiliano Kranevitter de Valle Mar\u00eda en Calle hasta 300 cc, Andres Darricarrere de Paysand\u00fa en Principiantes, Daian Schvindt de Lucas Gonz\u00e1lez en Juniors Limitada, y Marco Gambaro de Paran\u00e1 en Juvenil 85cc.<br>Sintetizando otra gran jornada lo que se vivi\u00f3 en Rosario del Tala ante numeroso p\u00fablico que rodeo el escenario a orillas del R\u00edo Gualeguay . Ahora todo se prepara para la gran final el Premio Coronaci\u00f3n en Villa San Justo, circuito \u201cLa Meli \u201d los d\u00edas 9 y 10 de Noviembre 2024. Los esperamos\u2026!!!<br>ENDUROCROSS ENTRERRIANO \u2013 7ma. FECHA \u2013 5 Y 6 DE OCTUBRE 2024 \u2013ROSARIO DEL TALA- CIRCUITO \u201cDE LOS PUENTES\u201d- ORGANIZ\u00d3: TALA MX TRAK \u2013 FISCALIZ\u00d3: APEMA \u2013<br>CAT. SENIOR OPEN<br>1\u00b0- Francisco Cabarcos- Arrecifes- CRF 450<br>2\u00b0- Claudio Bonzi \u2013 R. del Tala \u2013 KTM 350<br>3\u00b0- Francisco Pontacuarto \u2013 P\u00e9rez Mill\u00e1n (Bs. As)- CRF 250<br>4\u00b0- Cristian Bauer \u2013 Ald. San Antonio \u2013 CRF 250<br>5\u00b0- Cristian Bua \u2013 Tigre (Bs.As.) \u2013 KXF 450<br>6\u00b0- Gast\u00f3n Gange &#8211; 1\u00b0 de Mayo \u2013 YZF 250 (1\u00b0 B )<br>7\u00b0- Sebasti\u00e1n Gange &#8211; 1\u00b0 de Mayo \u2013 YZF 250 (2\u00b0 B )<br>8\u00b0- Juan Martin Arribillaga \u2013 Gualeguay \u2013 CRF 450 (3\u00b0 B)<br>9\u00b0- Federico Bogue \u2013 Gualeguay \u2013 KXF 250 (4\u00b0 B)<br>10\u00b0- Mateo Lopepe \u2013 Paysand\u00fa (ROU) \u2013 KXF 250 (5\u00b0 B)<br>11\u00b0- Diego Moressi \u2013 Paran\u00e1 \u2013 YZF 250 (6\u00b0 B)<br>12\u00b0- Hern\u00e1n Garnier \u2013 Villa Elisa \u2013 CRF 250 ( 7\u00b0B)<\/p>\n\n\n\n<p>CAT. EXPERTOS A<br>1\u00b0- Francisco Pontacuarto \u2013 P\u00e9rez Mill\u00e1n (Bs. As)- CRF 250<br>2\u00b0- Francisco Cabarcos- Arrecifes- Gas Gas 250<br>3\u00b0- Ricardo Kihn \u2013 Viale \u2013 KXF 250<br>4\u00b0- Cristian Bauer \u2013 Ald. San Antonio \u2013 CRF 250<br>5\u00b0- Luca Garc\u00eda \u2013 Gualeguaychu \u2013 CRF 250<\/p>\n\n\n\n<p>CAT. JUNIOR OPEN<br>1\u00b0- Mat\u00edas Alzura &#8211; P\u00e9rez Mill\u00e1n (Bs. As) \u2013 CRF 450<br>2\u00b0- Sebasti\u00e1n Gange \u2013 1\u00b0 de Mayo \u2013 YZF 250<br>3\u00b0- Jos\u00e9 Carrizo \u2013 San Nicol\u00e1s \u2013 CRF 450<br>4\u00b0- Ricardo Kihn \u2013Viale \u2013 KXF 250<br>5\u00b0- Nahuel Bruno \u2013 Tabossi \u2013 KXF 250<br>6\u00b0- Alejandro Francou \u2013 Caseros \u2013 KXF 250<br>7\u00b0- Mateo Lopepe \u2013 Paysand\u00fa(ROU) \u2013 KXF 250<br>8\u00b0- Hern\u00e1n Casco \u2013 Rosario \u2013 KXF 250<br>9\u00b0- Nicol\u00e1s Emeri \u2013 Viale \u2013 CRF 250<\/p>\n\n\n\n<p>CAT. EXPERTOS 125 cc<br>1\u00b0- Rodrigo Barrios \u2013 Gualeguay \u2013 YZ 125<br>2\u00b0- Gast\u00f3n Gange \u2013 1\u00b0 de Mayo \u2013 YZF 250<br>3\u00b0- Mateo Granton \u2013 V. Elisa \u2013 YZ 125<br>4\u00b0- Marco Gambaro \u2013 Paran\u00e1 \u2013 Gas Gas 85<br>5\u00b0- Franco Dennig \u2013 Valle Mar\u00eda \u2013 YZ 125<\/p>\n\n\n\n<p>CAT. JUVENIL 85cc<br>1\u00b0- Marco Gambaro \u2013 Paran\u00e1 \u2013 Gas Gas 85<br>2\u00b0- Mateo Silva \u2013 Paran\u00e1 \u2013 KTM 85<br>3\u00b0- Ferm\u00edn G\u00f3mez \u2013 Gualeguay- KTM 65<br>CAT. JUNIOR LIMITADA<br>1\u00b0- Daian Schvindt \u2013 Lucas Gonz\u00e1lez \u2013 CRF 250<br>2\u00b0- Mateo Granton \u2013 V. Elisa \u2013 YZ 125<br>3\u00b0- Jos\u00e9 Luis Arralde- Concordia \u2013 CRF 250<br>4\u00b0- Franco Denning \u2013 Valle Mar\u00eda \u2013 YZ 125<br>5\u00b0- Alvaro Bellico \u2013 Aldao (S. F\u00e9) \u2013 CRF 250<br>6\u00b0- Ariel Mezzera- San Nicolas \u2013 CRF 250<br>7\u00b0- Emiliano Kranevitter- Valle Mar\u00eda \u2013 Tornado 250<br>8\u00b0- Alejandro Herrera- San Lorenzo \u2013 YZF 250<br>9\u00b0- Sergio A\u00f1asco \u2013 Paysand\u00fa(ROU) \u2013 Husgvarna 250<br>10\u00b0- Gabriel Geist- Cerrito- CR 125<br>11\u00b0- Juan Carlos Gomez- Pilar (Bs.As.) \u2013 KXF 250<br>12\u00b0- Marcos Gianotto \u2013 Carreras (S.F\u00e9)- CRF 250<br>13\u00b0- Marco Gambaro \u2013 Paran\u00e1 \u2013 Gas Gas 85<br>14\u00b0- Juan Cruz Beber \u2013 Viale \u2013 CRF 250<br>15\u00b0- Alejandro Felli- Basavilbaso \u2013 YZF 250<br>16\u00b0- Max Morresi &#8211; Paran\u00e1 \u2013 YZF 250<br>17\u00b0- Nahuel Bruno \u2013 Tabossi \u2013 KXF 250<br>18\u00b0- Leandro Skiba \u2013 Gral. Galarza \u2013 YZ 125<br>19\u00b0- Alejandro Francou \u2013 caseros \u2013 KXF 250<br>20\u00b0- Andre Darricarrere- Paysand\u00fa (ROU) \u2013 YZ 125<br>21\u00b0- Nicol\u00e1s Emeri \u2013 Viale- CRF 250<br>22\u00b0- Benjam\u00edn Campod\u00f3nico \u2013 Gualeguay- CRF 450<br>23\u00b0- Alcides Schlottauer \u2013 Gral. Galarza- KXF 250<br>24\u00b0- Mateo Silva \u2013 Paran\u00e1- KTM 85<br>25\u00b0- Ramiro Schon \u2013 Gualeguay- Tornado 250<br>26\u00b0- Agust\u00edn Hengenreter- Gualeguaych\u00fa- CRF 250<\/p>\n\n\n\n<p>CAT. EXPERTOS C<br>1\u00b0- Gabriel Geist- Cerrito \u2013 CR 125<br>2\u00b0- Adri\u00e1n Mart\u00ednez \u2013 Diamante \u2013 CR 125<br>3\u00b0- Martin Kokojazuk \u2013 R. del Tala \u2013 RM 125<br>4\u00b0- Ram\u00f3n Bianni- Paran\u00e1 \u2013 KLX 250<\/p>\n\n\n\n<p>CAT. MASTER A<br>1\u00b0 &#8211; Diego Caglieris \u2013 Rafaela \u2013 YZF 450<br>2\u00b0- Hern\u00e1n Casco \u2013 Rosario \u2013 KXF 250<br>3\u00b0- Jos\u00e9 Carrizo \u2013 San Nicol\u00e1s \u2013 CRF 450<br>4\u00b0- Sergio A\u00f1asco \u2013 Paysand\u00fa (ROU) \u2013 Husqvarna 250<br>5\u00b0- Hern\u00e1n Garnier \u2013 Villa Elisa \u2013 CRF 250<br>6\u00b0- Alejandro Herrera- San Lorenzo \u2013 YZF 250<br>7\u00b0- Adri\u00e1n Mart\u00ednez \u2013 Diamante \u2013 CR 125<br>8\u00b0- Ernesto Ekerdt- Villa San Justo \u2013 CRF 450<\/p>\n\n\n\n<p>CAT. MASTER B<br>1\u00b0- Cristian Bua \u2013 Tigre (Bs. As) \u2013 KXF 450<br>2\u00b0- Lucas Garcia \u2013 Gualeguaych\u00fa \u2013 CRF 250<br>3\u00b0- Mat\u00edas Alzura \u2013 P\u00e9rez Mill\u00e1n (Bs.As) \u2013 CRF 450<br>4\u00b0- Pablo Brem \u2013 Villa Elisa \u2013 CRF 250<br>5\u00b0- Jos\u00e9 Luis Arralde \u2013 Concordia \u2013 CRF 250<br>6\u00b0- Ariel Mezzera- San Nicolas \u2013 CRF 250<br>7\u00b0- Ignacio Acevedo \u2013 Gualeguaychu \u2013 RMZ 450<br>8\u00b0- Alejandro Felli- Basavilbaso \u2013 YZF 250<br>9\u00b0- Federico Bogue \u2013 Gualeguay- KXF 250<br>10\u00b0- Gustavo Giampaoli \u2013 Villa Mugueta \u2013 YZF 250<\/p>\n\n\n\n<p>CAT. MASTER C<br>1\u00b0- Gerardo Campodonico \u2013 Gualeguay \u2013 CRF 450<br>2\u00b0- Adri\u00e1n Peralta \u2013 Rafaela \u2013 YZF 250<br>3\u00b0- Cristian Portillo \u2013 Paran\u00e1 \u2013 KXF 250<br>4\u00b0- Carlos Silvestre \u2013 Paran\u00e1 \u2013 Husqvarna 350<br>5\u00b0- Marcelo Sanfilippo \u2013 Paran\u00e1 \u2013 KLX 300<br>6\u00b0- Diego Morresi \u2013 Paran\u00e1 \u2013 YZF 250<br>7\u00b0- Manuel Pardillo \u2013 Rosario \u2013 YZF 250<br>8\u00b0- Oscar Gonz\u00e1lez \u2013 San Lorenzo \u2013 YZ 125<br>9\u00b0- Jos\u00e9 Warnes \u2013 Concordia \u2013 KLX 250<\/p>\n\n\n\n<p>CAT. ENDURO CALLE<br>1\u00b0- Emiliano Kranevitter \u2013 Paran\u00e1 \u2013 Tornado 250<br>2\u00b0- M\u00e1ximo Bazzana \u2013 Pueblo Andino (S. F\u00e9) \u2013 CRF 230<br>3\u00b0- Facundo Mihlnikel \u2013 Pueblo Liebig \u2013 Tornado 250<br>4\u00b0- Gustavo Beace \u2013 Arrecifes \u2013 Tornado 250<br>5\u00b0- Daniel Bozzani \u2013 Gualeguay- GRF 250<br>6\u00b0- Facundo Bogliacino \u2013 Gualeguaychu \u2013Tornado 250<br>7\u00b0- Franco Lepre \u2013 Gualeguaych\u00fa \u2013 Tornado 250<br>8\u00b0- Iv\u00e1n Bonet \u2013 Santa F\u00e9 \u2013 Tornado 250<br>9\u00b0- Rodrigo De Zan \u2013 Gualeguay \u2013 RVM 250<br>10\u00b0- Eduardo S\u00e1nchez- Paran\u00e1- KLX 300<br>11\u00b0- Gonzalo Nocelli \u2013 Villa Mugueta- RVM 250<br>12\u00b0- Ramiro Schon \u2013 Gualeguay- Tornado 250<br>13\u00b0- Leonardo Graff \u2013 Gualeguay- RVM 250<\/p>\n\n\n\n<p>CAT. PRINCIPIANTES<br>1\u00b0- Andre Darricarrere- Paysand\u00fa (ROU) \u2013 YZ 125<br>2\u00b0- Max Morresi \u2013 Paran\u00e1 \u2013 YZF 250<br>3\u00b0- Ignacio Irrazabal \u2013 Paysand\u00fa (ROU)- Husqvarna 125<br>4\u00b0- Leandro Skiba- Gral. Galarza \u2013 Yz 125<br>5\u00b0- Agust\u00edn Bustamante \u2013 Federal \u2013 YZ 125<br>6\u00b0- M\u00e1ximo Bazzana \u2013 Pueblo Andino (S. F\u00e9) \u2013 CRF 230<br>7\u00b0- Benjam\u00edn Campodonico \u2013 Gualeguay \u2013 CRF 450<br>8\u00b0- Agust\u00edn Hergenrether \u2013 Gualeguaych\u00fa- CRF 250<br>9\u00b0- Ramiro Schon \u2013 Gualeguay- Tornado 250<br>10\u00b0- Juan Cruz Beber \u2013 Viale \u2013 CRF 250<br>11\u00b0- Alcides Schlottauer \u2013 Gral. Galarza- KXF 250<br>12\u00b0- Jes\u00fas Emeri \u2013 Paran\u00e1 \u2013 YZ 125<br>13\u00b0- Iv\u00e1n Bonet \u2013 Santa F\u00e9 \u2013 Tornado 250<br>14\u00b0- Daniel Bozzani \u2013 Gualeguay- GRF 250<br>15\u00b0- Leonardo Graff- Gualeguay- RVM 250<br>16\u00b0- Franco Lepre &#8211; Gualeguaychu \u2013 Tornado 250<br>17\u00b0- Ram\u00f3n Bianni \u2013 Paran\u00e1 \u2013 YZF 250<\/p>\n\n\n\n<p>INFO: PRENSA APEMA<br>FOTOS: SOFIA GALVAN<\/p>\n","protected":false},"excerpt":{"rendered":"<p>LA 7ma. FECHA DEL CERTAMEN SE CORRI\u00d3 EN EL CIRCUITO DE LOS PUENTES ANTE NUMEROSO&#8230;<\/p>\n","protected":false},"author":2,"featured_media":2430,"comment_status":"open","ping_status":"open","sticky":false,"template":"","format":"standard","meta":{"footnotes":""},"categories":[20],"tags":[],"class_list":["post-2429","post","type-post","status-publish","format-standard","has-post-thumbnail","hentry","category-enduro"],"featured_image_urls":{"full":["https:\/\/deportodos.com.ar\/2023\/wp-content\/uploads\/2024\/10\/FB_IMG_1728356531946.jpg",1080,720,false],"thumbnail":["https:\/\/deportodos.com.ar\/2023\/wp-content\/uploads\/2024\/10\/FB_IMG_1728356531946-150x150.jpg",150,150,true],"medium":["https:\/\/deportodos.com.ar\/2023\/wp-content\/uploads\/2024\/10\/FB_IMG_1728356531946-300x200.jpg",300,200,true],"medium_large":["https:\/\/deportodos.com.ar\/2023\/wp-content\/uploads\/2024\/10\/FB_IMG_1728356531946-768x512.jpg",640,427,true],"large":["https:\/\/deportodos.com.ar\/2023\/wp-content\/uploads\/2024\/10\/FB_IMG_1728356531946-1024x683.jpg",640,427,true],"1536x1536":["https:\/\/deportodos.com.ar\/2023\/wp-content\/uploads\/2024\/10\/FB_IMG_1728356531946.jpg",1080,720,false],"2048x2048":["https:\/\/deportodos.com.ar\/2023\/wp-content\/uploads\/2024\/10\/FB_IMG_1728356531946.jpg",1080,720,false],"covernews-featured":["https:\/\/deportodos.com.ar\/2023\/wp-content\/uploads\/2024\/10\/FB_IMG_1728356531946-1024x683.jpg",1024,683,true],"covernews-medium":["https:\/\/deportodos.com.ar\/2023\/wp-content\/uploads\/2024\/10\/FB_IMG_1728356531946-540x340.jpg",540,340,true]},"author_info":{"display_name":"c2530142","author_link":"https:\/\/deportodos.com.ar\/2023\/author\/c2530142\/"},"category_info":"<a href=\"https:\/\/deportodos.com.ar\/2023\/category\/enduro\/\" rel=\"category tag\">Enduro<\/a>","tag_info":"Enduro","comment_count":"0","_links":{"self":[{"href":"https:\/\/deportodos.com.ar\/2023\/wp-json\/wp\/v2\/posts\/2429","targetHints":{"allow":["GET"]}}],"collection":[{"href":"https:\/\/deportodos.com.ar\/2023\/wp-json\/wp\/v2\/posts"}],"about":[{"href":"https:\/\/deportodos.com.ar\/2023\/wp-json\/wp\/v2\/types\/post"}],"author":[{"embeddable":true,"href":"https:\/\/deportodos.com.ar\/2023\/wp-json\/wp\/v2\/users\/2"}],"replies":[{"embeddable":true,"href":"https:\/\/deportodos.com.ar\/2023\/wp-json\/wp\/v2\/comments?post=2429"}],"version-history":[{"count":1,"href":"https:\/\/deportodos.com.ar\/2023\/wp-json\/wp\/v2\/posts\/2429\/revisions"}],"predecessor-version":[{"id":2431,"href":"https:\/\/deportodos.com.ar\/2023\/wp-json\/wp\/v2\/posts\/2429\/revisions\/2431"}],"wp:featuredmedia":[{"embeddable":true,"href":"https:\/\/deportodos.com.ar\/2023\/wp-json\/wp\/v2\/media\/2430"}],"wp:attachment":[{"href":"https:\/\/deportodos.com.ar\/2023\/wp-json\/wp\/v2\/media?parent=2429"}],"wp:term":[{"taxonomy":"category","embeddable":true,"href":"https:\/\/deportodos.com.ar\/2023\/wp-json\/wp\/v2\/categories?post=2429"},{"taxonomy":"post_tag","embeddable":true,"href":"https:\/\/deportodos.com.ar\/2023\/wp-json\/wp\/v2\/tags?post=2429"}],"curies":[{"name":"wp","href":"https:\/\/api.w.org\/{rel}","templated":true}]}}