{"id":2442,"date":"2024-10-10T20:54:28","date_gmt":"2024-10-10T20:54:28","guid":{"rendered":"https:\/\/deportodos.com.ar\/2023\/?p=2442"},"modified":"2024-10-10T20:54:46","modified_gmt":"2024-10-10T20:54:46","slug":"este-fin-de-semana-se-correra-la-38-regata-internacional-el-palmar","status":"publish","type":"post","link":"https:\/\/deportodos.com.ar\/2023\/este-fin-de-semana-se-correra-la-38-regata-internacional-el-palmar\/","title":{"rendered":"ESTE FIN DE SEMANA SE CORRER\u00c1 LA 38\u00b0 REGATA INTERNACIONAL EL PALMAR"},"content":{"rendered":"\n<p>Este s\u00e1bado se correr\u00e1 la edici\u00f3n 38 de la Regata Internacional El Palmar. La salida ser\u00e1 a las 12:00 frente al Parque Nacional \u201cEl Palmar\u201d y se prev\u00e9 que la llegada al puerto de Col\u00f3n sea las 17:00. Posteriormente, la salida del domingo ser\u00e1 a las 9 y la llegada a la Isla del Puerto de Concepci\u00f3n del Uruguay est\u00e1 prevista para las 12.30. La actividad finalizar\u00e1 con la entrega de premios, a las 14:00 en el Yacht Club Entrerriano.<\/p>\n\n\n\n<p>El lanzamiento de la edici\u00f3n 2024 fue el martes en el Yatch Club y se trata de una de las competencias n\u00e1uticas m\u00e1s importantes del r\u00edo Uruguay. Estuvieron presentes autoridades de la Direcci\u00f3n de Deportes de la Municipalidad, del Yacht Club local, de Prefectura Uruguay y Col\u00f3n, de R\u00edo Uruguay Seguros (sponsor oficial), y los regatistas Eduardo Parra y Hern\u00e1n Chareun.<\/p>\n\n\n\n<blockquote class=\"wp-block-quote is-layout-flow wp-block-quote-is-layout-flow\">\n<p>www.lapiramide.net<\/p>\n<\/blockquote>\n","protected":false},"excerpt":{"rendered":"<p>Este s\u00e1bado se correr\u00e1 la edici\u00f3n 38 de la Regata Internacional El Palmar. La salida&#8230;<\/p>\n","protected":false},"author":2,"featured_media":2443,"comment_status":"open","ping_status":"open","sticky":false,"template":"","format":"standard","meta":{"footnotes":""},"categories":[62],"tags":[],"class_list":["post-2442","post","type-post","status-publish","format-standard","has-post-thumbnail","hentry","category-vela"],"featured_image_urls":{"full":["https:\/\/deportodos.com.ar\/2023\/wp-content\/uploads\/2024\/10\/FB_IMG_1728593554744.jpg",720,559,false],"thumbnail":["https:\/\/deportodos.com.ar\/2023\/wp-content\/uploads\/2024\/10\/FB_IMG_1728593554744-150x150.jpg",150,150,true],"medium":["https:\/\/deportodos.com.ar\/2023\/wp-content\/uploads\/2024\/10\/FB_IMG_1728593554744-300x233.jpg",300,233,true],"medium_large":["https:\/\/deportodos.com.ar\/2023\/wp-content\/uploads\/2024\/10\/FB_IMG_1728593554744.jpg",640,497,false],"large":["https:\/\/deportodos.com.ar\/2023\/wp-content\/uploads\/2024\/10\/FB_IMG_1728593554744.jpg",640,497,false],"1536x1536":["https:\/\/deportodos.com.ar\/2023\/wp-content\/uploads\/2024\/10\/FB_IMG_1728593554744.jpg",720,559,false],"2048x2048":["https:\/\/deportodos.com.ar\/2023\/wp-content\/uploads\/2024\/10\/FB_IMG_1728593554744.jpg",720,559,false],"covernews-featured":["https:\/\/deportodos.com.ar\/2023\/wp-content\/uploads\/2024\/10\/FB_IMG_1728593554744.jpg",720,559,false],"covernews-medium":["https:\/\/deportodos.com.ar\/2023\/wp-content\/uploads\/2024\/10\/FB_IMG_1728593554744-540x340.jpg",540,340,true]},"author_info":{"display_name":"c2530142","author_link":"https:\/\/deportodos.com.ar\/2023\/author\/c2530142\/"},"category_info":"<a href=\"https:\/\/deportodos.com.ar\/2023\/category\/vela\/\" rel=\"category tag\">Vela<\/a>","tag_info":"Vela","comment_count":"0","_links":{"self":[{"href":"https:\/\/deportodos.com.ar\/2023\/wp-json\/wp\/v2\/posts\/2442","targetHints":{"allow":["GET"]}}],"collection":[{"href":"https:\/\/deportodos.com.ar\/2023\/wp-json\/wp\/v2\/posts"}],"about":[{"href":"https:\/\/deportodos.com.ar\/2023\/wp-json\/wp\/v2\/types\/post"}],"author":[{"embeddable":true,"href":"https:\/\/deportodos.com.ar\/2023\/wp-json\/wp\/v2\/users\/2"}],"replies":[{"embeddable":true,"href":"https:\/\/deportodos.com.ar\/2023\/wp-json\/wp\/v2\/comments?post=2442"}],"version-history":[{"count":1,"href":"https:\/\/deportodos.com.ar\/2023\/wp-json\/wp\/v2\/posts\/2442\/revisions"}],"predecessor-version":[{"id":2444,"href":"https:\/\/deportodos.com.ar\/2023\/wp-json\/wp\/v2\/posts\/2442\/revisions\/2444"}],"wp:featuredmedia":[{"embeddable":true,"href":"https:\/\/deportodos.com.ar\/2023\/wp-json\/wp\/v2\/media\/2443"}],"wp:attachment":[{"href":"https:\/\/deportodos.com.ar\/2023\/wp-json\/wp\/v2\/media?parent=2442"}],"wp:term":[{"taxonomy":"category","embeddable":true,"href":"https:\/\/deportodos.com.ar\/2023\/wp-json\/wp\/v2\/categories?post=2442"},{"taxonomy":"post_tag","embeddable":true,"href":"https:\/\/deportodos.com.ar\/2023\/wp-json\/wp\/v2\/tags?post=2442"}],"curies":[{"name":"wp","href":"https:\/\/api.w.org\/{rel}","templated":true}]}}