{"id":2466,"date":"2024-10-15T20:57:52","date_gmt":"2024-10-15T20:57:52","guid":{"rendered":"https:\/\/deportodos.com.ar\/2023\/?p=2466"},"modified":"2024-10-15T20:57:53","modified_gmt":"2024-10-15T20:57:53","slug":"greta-victoria-rodriguez-gano-la-16edicion-de-la-rustica-internacional-de-uruguaiana-brasil-y-varios-argentino-con-exelentes-resultados","status":"publish","type":"post","link":"https:\/\/deportodos.com.ar\/2023\/greta-victoria-rodriguez-gano-la-16edicion-de-la-rustica-internacional-de-uruguaiana-brasil-y-varios-argentino-con-exelentes-resultados\/","title":{"rendered":"GRETA VICTORIA RODRIGUEZ GANO LA 16\u00b0EDICION DE LA RUSTICA INTERNACIONAL DE URUGUAIANA BRASIL Y VARIOS ARGENTINO CON EXELENTES RESULTADOS"},"content":{"rendered":"\n<p>Este pasado s\u00e1bado deportes villa Adela viajo a la ciudad Brasile\u00f1a de Uruguaiana ya que el dia domingo muy temprano se disputaba la 27\u00b0 edici\u00f3n del medio Marat\u00f3n Internacional y la 16\u00b0 edici\u00f3n de la Rustica Internacional 10km, donde una gran cantidad de corredores, argentinos estuvieron participando de esta muy linda prueba donde cada a\u00f1o es organiza por la asociaci\u00f3n de corredores de Ruta de Uruguaiana .<\/p>\n\n\n\n<p>Una muy linda carrera que muchos argentinos viajan a esta ciudad ya que tiene una muy buena recompensa econ\u00f3mica y gran atenci\u00f3n a los atletas que llegan a correrla y con muy buena remera t\u00e9cnica, trofeos y medallas muy bonitas en ambas distancia.<\/p>\n\n\n\n<p>Varios concordiense y entrerrianos participaron en las dos distancia la m\u00e1s destacada fue la atleta de Villa Adela quien fue la ganadora de punta a punta los 10km, tambi\u00e9n tuvieron destacado desempe\u00f1o los otros atletas del team deportes villa Adela, Luis Alves fue segundo y Mar\u00eda Rosa Monz\u00f3n fue tercera en la general de los 10km tambi\u00e9n Estela Scatularo quien fue ganadora de su categor\u00eda.<\/p>\n\n\n\n<p>Los otros concordiense tambi\u00e9n tuvieron una destacada en desempe\u00f1o en la media Marat\u00f3n la de puerto Yerua Ximena Simeone ocupo el segundo lugar en la general y el otro representante del team Bruno Colombo tambi\u00e9n se trajo el segundo en su debut en la media Marat\u00f3n, otros entrerrianos fueron la atletas Lilian Cebri\u00e1n en sexto lugar y la Felicianera Mar\u00eda Velazco llegue el puesto 20 en la general\u2026<\/p>\n\n\n\n<p>S\u00edntesis de la Rustica 10K<\/p>\n\n\n\n<p>En caballeros el ganador fue Carlos Enrique Goncalves Lima de Uruguaiana en el segundo lugar llego Luis Alvez de San Jaime de la frontera Argentina y el tercer lugar Evanilson Mora de Almeida.<\/p>\n\n\n\n<p>En las damas la ganadora fue la argentina Greta Victoria Rodr\u00edguez quien domino ampliamente la prueba en segundo lugar llego Maraines Moraes de Lima de Uruguaiana y completo el podio otra argentina radicada en Concordia Mar\u00eda Rosa Monz\u00f3n.<\/p>\n\n\n\n<p><strong>LA S\u00cdNTESIS DE LA MEDIA MARAT\u00d3N<\/strong><\/p>\n\n\n\n<p>El ganador fue el corredor brasile\u00f1os Cleiton Rocha secundado por el argentino Bruno Colombo y en tercer lugar otro atleta Brasile\u00f1o Rodrigo Rambo Petri.<\/p>\n\n\n\n<p>En las damas una siempre vigente atleta brasile\u00f1a Mar\u00eda Rosa Nunes Ferreira en el segundo lugar la joven atleta Argentina Ximena Simeone y completo el top 3 otra atleta Brasile\u00f1a Marjane Lais Bertotti Plock.<\/p>\n\n\n\n<p>Clasificaci\u00f3n General<\/p>\n\n\n\n<p>CLASIFICACI\u00d3N GENERAL 10KM<\/p>\n\n\n\n<p>DAMAS<\/p>\n\n\n\n<p>1\u00b0 GRETA VICTORIA RODRIGUEZ, ARGENTINA 00:41:08 &#8211;<\/p>\n\n\n\n<p>2\u00b0 MARINEZ MORAES DE LIMA, BRASIL 00:44:31 +03:22.65<\/p>\n\n\n\n<p>3\u00b0 MONZON ROSA, ARGENTINA 00:45:00 +03:51.65<\/p>\n\n\n\n<p>4\u00b0. MAYRA FONTOURA ARAUJO, BRASIL 00:46:15 +05:06.77<\/p>\n\n\n\n<p>5\u00b0 SIMONE RODRIGUES DOS SANTOS BRASIL 00:48:24 +07:16.08<\/p>\n\n\n\n<p>CABALLEROS<\/p>\n\n\n\n<p>1\u00b0 CARLOS HENRIQUE GON\u00c7ALVES LIMA, BRASIL -00:33:32 &#8211;<\/p>\n\n\n\n<p>2\u00b0 ALVES LUIS, ARGENTINA -00:35:06 +01:33.81<\/p>\n\n\n\n<p>3\u00b0 EVANILSON MOURA DE ALMEIDA- BRASIL -00:35:33 +02:01.23<\/p>\n\n\n\n<p>4\u00b0 JOSU\u00c9 LEITE, LONG\u00c3O NO BOQUEIR\u00c3O \u2013 BRASIL &#8211; 00:35:48 +02:16.26<\/p>\n\n\n\n<p>5\u00b0 H\u00c9RCULES DOS REIS AMARAL- BRASIL 00:36:20 +02:47.63<\/p>\n\n\n\n<p><strong>MEDIA MARAT\u00d3N<\/strong><\/p>\n\n\n\n<p>DAMAS<\/p>\n\n\n\n<p>1\u00b0 MARIA ROSANA NUNES FERREIRA, BRASIL -01:27:53<\/p>\n\n\n\n<p>2\u00b0 XIMENA SIMEONE \u2013ARGENTINA- 01:33:38 +05:44.94<\/p>\n\n\n\n<p>3\u00b0 MARJANE LAIS BERTOTTI PLOCK- BRASIL &#8211; 01:35:27 +07:34.09<\/p>\n\n\n\n<p>4\u00b0 10 ANA PAULA PHILIPP- BRASIL &#8211; 01:37:52 +09:58.88<\/p>\n\n\n\n<p>5\u00b0CANDIDA RIBEIRO SCHIAFINO NOLD, BRASIL &#8211; 01:39:25 +11:32.05<\/p>\n\n\n\n<p>CABALLEROS<\/p>\n\n\n\n<p>1\u00b0 CLEITON DO NASCIMENTO DA ROCHA JARDIM- BRASIL &#8211; 01:09:17 &#8211;<\/p>\n\n\n\n<p>2\u00b0 MEDINA COLOMBO BRUNO, ARGENTINA 01:10:27 +01:10.00<\/p>\n\n\n\n<p>3\u00b0 RODRIGO RAMBO PETRI, ACELCOR \u2013 BRASIL -01:13:17 +04:00.00<\/p>\n\n\n\n<p>4\u00b0 JEAN DA SILVA CARVALHO- BRASIL 01:14:17 +05:00.00<\/p>\n\n\n\n<p>5\u00b0 ANDRE CLOVIS HERTHER- BRASIL 01:14:59 +05:42.00<\/p>\n\n\n\n<p>Informe y Fotos: Enrique Rodr\u00edguez<\/p>\n","protected":false},"excerpt":{"rendered":"<p>Este pasado s\u00e1bado deportes villa Adela viajo a la ciudad Brasile\u00f1a de Uruguaiana ya que&#8230;<\/p>\n","protected":false},"author":2,"featured_media":2467,"comment_status":"open","ping_status":"open","sticky":false,"template":"","format":"standard","meta":{"footnotes":""},"categories":[5],"tags":[],"class_list":["post-2466","post","type-post","status-publish","format-standard","has-post-thumbnail","hentry","category-atletismo"],"featured_image_urls":{"full":["https:\/\/deportodos.com.ar\/2023\/wp-content\/uploads\/2024\/10\/IMG-20241015-WA0004.jpg",1600,1067,false],"thumbnail":["https:\/\/deportodos.com.ar\/2023\/wp-content\/uploads\/2024\/10\/IMG-20241015-WA0004-150x150.jpg",150,150,true],"medium":["https:\/\/deportodos.com.ar\/2023\/wp-content\/uploads\/2024\/10\/IMG-20241015-WA0004-300x200.jpg",300,200,true],"medium_large":["https:\/\/deportodos.com.ar\/2023\/wp-content\/uploads\/2024\/10\/IMG-20241015-WA0004-768x512.jpg",640,427,true],"large":["https:\/\/deportodos.com.ar\/2023\/wp-content\/uploads\/2024\/10\/IMG-20241015-WA0004-1024x683.jpg",640,427,true],"1536x1536":["https:\/\/deportodos.com.ar\/2023\/wp-content\/uploads\/2024\/10\/IMG-20241015-WA0004-1536x1024.jpg",1536,1024,true],"2048x2048":["https:\/\/deportodos.com.ar\/2023\/wp-content\/uploads\/2024\/10\/IMG-20241015-WA0004.jpg",1600,1067,false],"covernews-featured":["https:\/\/deportodos.com.ar\/2023\/wp-content\/uploads\/2024\/10\/IMG-20241015-WA0004-1024x683.jpg",1024,683,true],"covernews-medium":["https:\/\/deportodos.com.ar\/2023\/wp-content\/uploads\/2024\/10\/IMG-20241015-WA0004-540x340.jpg",540,340,true]},"author_info":{"display_name":"c2530142","author_link":"https:\/\/deportodos.com.ar\/2023\/author\/c2530142\/"},"category_info":"<a href=\"https:\/\/deportodos.com.ar\/2023\/category\/atletismo\/\" rel=\"category tag\">Atletismo<\/a>","tag_info":"Atletismo","comment_count":"0","_links":{"self":[{"href":"https:\/\/deportodos.com.ar\/2023\/wp-json\/wp\/v2\/posts\/2466","targetHints":{"allow":["GET"]}}],"collection":[{"href":"https:\/\/deportodos.com.ar\/2023\/wp-json\/wp\/v2\/posts"}],"about":[{"href":"https:\/\/deportodos.com.ar\/2023\/wp-json\/wp\/v2\/types\/post"}],"author":[{"embeddable":true,"href":"https:\/\/deportodos.com.ar\/2023\/wp-json\/wp\/v2\/users\/2"}],"replies":[{"embeddable":true,"href":"https:\/\/deportodos.com.ar\/2023\/wp-json\/wp\/v2\/comments?post=2466"}],"version-history":[{"count":1,"href":"https:\/\/deportodos.com.ar\/2023\/wp-json\/wp\/v2\/posts\/2466\/revisions"}],"predecessor-version":[{"id":2468,"href":"https:\/\/deportodos.com.ar\/2023\/wp-json\/wp\/v2\/posts\/2466\/revisions\/2468"}],"wp:featuredmedia":[{"embeddable":true,"href":"https:\/\/deportodos.com.ar\/2023\/wp-json\/wp\/v2\/media\/2467"}],"wp:attachment":[{"href":"https:\/\/deportodos.com.ar\/2023\/wp-json\/wp\/v2\/media?parent=2466"}],"wp:term":[{"taxonomy":"category","embeddable":true,"href":"https:\/\/deportodos.com.ar\/2023\/wp-json\/wp\/v2\/categories?post=2466"},{"taxonomy":"post_tag","embeddable":true,"href":"https:\/\/deportodos.com.ar\/2023\/wp-json\/wp\/v2\/tags?post=2466"}],"curies":[{"name":"wp","href":"https:\/\/api.w.org\/{rel}","templated":true}]}}