{"id":2473,"date":"2024-10-17T13:27:40","date_gmt":"2024-10-17T13:27:40","guid":{"rendered":"https:\/\/deportodos.com.ar\/2023\/?p=2473"},"modified":"2024-10-17T13:27:42","modified_gmt":"2024-10-17T13:27:42","slug":"con-tres-entrerrianos-ya-estan-los-inscriptos-para-el-tc-en-san-nicolas","status":"publish","type":"post","link":"https:\/\/deportodos.com.ar\/2023\/con-tres-entrerrianos-ya-estan-los-inscriptos-para-el-tc-en-san-nicolas\/","title":{"rendered":"CON TRES ENTRERRIANOS, YA EST\u00c1N LOS INSCRIPTOS PARA EL TC EN SAN NICOL\u00c1S"},"content":{"rendered":"\n<p>Tres entrerrianos forman parte de los 46 inscriptos del Turismo Carretera para su presencia en San Nicol\u00e1s. En el aut\u00f3dromo Juan Mar\u00eda Traverso se disputar\u00e1 la tercera fecha de la Copa de Oro R\u00edo Uruguay Seguros y ser\u00e1 escenario de la antepen\u00faltima presentaci\u00f3n de la temporada. Se trata del campe\u00f3n defensor, el paranaense Mariano Werner (Ford Mustang), su coterr\u00e1neo Agust\u00edn Mart\u00ednez (Toyota Nueva Generaci\u00f3n) y el uruguayense Nicol\u00e1s Bonelli, quien dejar\u00e1 de competir con una&nbsp;<em>Chevy<\/em>&nbsp;para estrenar un Chevrolet Camaro.<\/p>\n\n\n\n<p>Por primera vez en poco m\u00e1s de 46 a\u00f1os, no habr\u00e1 ninguna&nbsp;<em>Chevy<\/em>&nbsp;en una carrera de TC.&nbsp;Hay que remontarse al 26 de marzo de 1978, en Mendoza, para encontrar el \u00faltimo antecedente en que la categor\u00eda corri\u00f3 sin este modelo de Chevrolet. Cabe destacar que Nico Bonelli us\u00f3 ese modelo hasta la cita en Paran\u00e1, el pasado 29 de septiembre.<\/p>\n\n\n\n<p>Adem\u00e1s,&nbsp;ser\u00e1n s\u00f3lo tres autos de \u201cvieja\u201d generaci\u00f3n:&nbsp;Una Dodge GTX de&nbsp;Facundo Chapur, un Ford Falcon con&nbsp;Emiliano Spataro, y un \u201ccl\u00e1sico\u201d Torino, manejado por&nbsp;Sebasti\u00e1n Abella. S\u00f3lo tres de 46 participantes, en un n\u00famero que refleja la vertiginosa transici\u00f3n a los nuevos modelos en el recambio que impuls\u00f3 el TC esta temporada, se\u00f1ala<em>&nbsp;Campeones<\/em>.<\/p>\n\n\n\n<p><strong>Inscriptos \u2013 TC en San Nicol\u00e1s<\/strong><\/p>\n\n\n\n<figure class=\"wp-block-table\"><table class=\"has-fixed-layout\"><tbody><tr><td><strong>ORDEN<\/strong><\/td><td><strong>N*<\/strong><\/td><td><strong>PILOTO<\/strong><\/td><td><strong>M<\/strong><\/td><td><strong>EQUIPO<\/strong><\/td><\/tr><tr><td>1<\/td><td>1<\/td><td>Werner, Mariano<\/td><td>Ford M.<\/td><td>WERNER COMP.<\/td><\/tr><tr><td>2<\/td><td>3<\/td><td>Todino, Germ\u00e1n<\/td><td>Ford M.<\/td><td>MAQUIN PARTS<\/td><\/tr><tr><td>3<\/td><td>4<\/td><td>Castellano, Jonatan<\/td><td>Dodge C.<\/td><td>TOMAS ABDALA RACING<\/td><\/tr><tr><td>4<\/td><td>5<\/td><td>Mangoni, Santiago<\/td><td>Chevrolet C.<\/td><td>CANNING MOTORSPORT<\/td><\/tr><tr><td>5<\/td><td>6<\/td><td>Lambiris, Mauricio<\/td><td>Ford M.<\/td><td>MAQUIN PARTS<\/td><\/tr><tr><td>6<\/td><td>7<\/td><td>Landa, Marcos<\/td><td>Torino NG.<\/td><td>TROTTA COMP.<\/td><\/tr><tr><td>7<\/td><td>9<\/td><td>Trucco, Juan Mart\u00edn<\/td><td>Dodge C.<\/td><td>DI MEGLIO<\/td><\/tr><tr><td>8<\/td><td>10<\/td><td>Aguirre, Valent\u00edn<\/td><td>Chevrolet C.<\/td><td>CANNING MOTORSPORT<\/td><\/tr><tr><td>9<\/td><td>11<\/td><td>Ledesma, Christian<\/td><td>Chevrolet C.<\/td><td>PRADECON RACING<\/td><\/tr><tr><td>10<\/td><td>12<\/td><td>Mazzacane, Gast\u00f3n<\/td><td>Chevrolet C.<\/td><td>COIRO COMP.<\/td><\/tr><tr><td>11<\/td><td>13<\/td><td>Catal\u00e1n Magni, Juan T<\/td><td>Ford M.<\/td><td>CM MOTORSPORT<\/td><\/tr><tr><td>12<\/td><td>19<\/td><td>Ciantini, Diego<\/td><td>Chevrolet C.<\/td><td>CANNING MOTORSPORT<\/td><\/tr><tr><td>13<\/td><td>21<\/td><td>Fritzler, Otto<\/td><td>Dodge C.<\/td><td>PRADECON RACING<\/td><\/tr><tr><td>14<\/td><td>22<\/td><td>Ebarl\u00edn, Juan Jos\u00e9<\/td><td>Chevrolet C.<\/td><td>LRD PERFORMANCE<\/td><\/tr><tr><td>15<\/td><td>23<\/td><td>Gini, Esteban<\/td><td>Toyota NG.<\/td><td>MAQUIN PARTS<\/td><\/tr><tr><td>16<\/td><td>34<\/td><td>Spataro, Emiliano<\/td><td>Ford<\/td><td>SPATARO RACING<\/td><\/tr><tr><td>17<\/td><td>38<\/td><td>Cotignola, Nicol\u00e1s<\/td><td>Torino NG.<\/td><td>SPRINT RACING<\/td><\/tr><tr><td>18<\/td><td>47<\/td><td>Fontana, Norberto<\/td><td>Chevrolet C.<\/td><td>HNOS.ALVAREZ<\/td><\/tr><tr><td>19<\/td><td>53<\/td><td>Iribarne, Federico<\/td><td>Chevrolet C.<\/td><td>UR RACING<\/td><\/tr><tr><td>20<\/td><td>63<\/td><td>Bonelli, Nicol\u00e1s<\/td><td>Chevrolet C.<\/td><td>RUS MED TEAM<\/td><\/tr><tr><td>21<\/td><td>68<\/td><td>Santero, Juli\u00e1n<\/td><td>Ford M.<\/td><td>LCA RACING<\/td><\/tr><tr><td>22<\/td><td>71<\/td><td>Abella,Sebasti\u00e1n<\/td><td>Torino<\/td><td>LCA RACING<\/td><\/tr><tr><td>23<\/td><td>72<\/td><td>Serrano, Martin<\/td><td>Toyota NG.<\/td><td>COIRO COMP.<\/td><\/tr><tr><td>24<\/td><td>75<\/td><td>Alaux, Sergio<\/td><td>Chevrolet C.<\/td><td>GIAVEDONI SPORT<\/td><\/tr><tr><td>25<\/td><td>77<\/td><td>Carinelli, Augusto<\/td><td>Dodge C.<\/td><td>FANCIO COMP.<\/td><\/tr><tr><td>26<\/td><td>79<\/td><td>Chapur, Facundo<\/td><td>Dodge<\/td><td>AyP COMP.<\/td><\/tr><tr><td>27<\/td><td>83<\/td><td>Ardusso, Facundo<\/td><td>Chevrolet C.<\/td><td>RV RACING<\/td><\/tr><tr><td>28<\/td><td>85<\/td><td>Risatti, Ricardo<\/td><td>Chevrolet C.<\/td><td>LRD PERFORMANCE<\/td><\/tr><tr><td>29<\/td><td>86<\/td><td>Canapino, Agustin<\/td><td>Chevrolet C.<\/td><td>CANNING MOTORSPORT<\/td><\/tr><tr><td>30<\/td><td>88<\/td><td>Trosset, Nicol\u00e1s<\/td><td>Ford M.<\/td><td>MV RACING TEAM<\/td><\/tr><tr><td>31<\/td><td>94<\/td><td>De La Iglesia, Lautaro<\/td><td>Dodge C.<\/td><td>DI MEGLIO<\/td><\/tr><tr><td>32<\/td><td>95<\/td><td>Martinez,Agust\u00edn<\/td><td>Toyota NG.<\/td><td>MARTINEZ COMP.<\/td><\/tr><tr><td>33<\/td><td>96<\/td><td>Benvenuti, Juan Cruz<\/td><td>Chevrolet C.<\/td><td>ALIFRACO SPORT<\/td><\/tr><tr><td>34<\/td><td>107<\/td><td>Martinez, Tobias<\/td><td>Torino NG.<\/td><td>TROTTA COMP.<\/td><\/tr><tr><td>35<\/td><td>111<\/td><td>Garbelino, Juan<\/td><td>Torino NG.<\/td><td>ALIFRACO SPORT<\/td><\/tr><tr><td>36<\/td><td>114<\/td><td>Ferrante, Gast\u00f3n<\/td><td>Toyota NG.<\/td><td>FPA RACING<\/td><\/tr><tr><td>37<\/td><td>115<\/td><td>De Carlo, Diego<\/td><td>Chevrolet C.<\/td><td>LRD PERFORMANCE<\/td><\/tr><tr><td>38<\/td><td>121<\/td><td>Craparo, Elio<\/td><td>Dodge C.<\/td><td>HNOS.ALVAREZ<\/td><\/tr><tr><td>39<\/td><td>122<\/td><td>Jakos, Andr\u00e9s<\/td><td>Toyota NG.<\/td><td>TOYOTA G.R<\/td><\/tr><tr><td>40<\/td><td>123<\/td><td>V\u00e1zquez, Mart\u00edn<\/td><td>Dodge C.<\/td><td>MV RACING TEAM<\/td><\/tr><tr><td>41<\/td><td>127<\/td><td>Agrelo, Marcelo<\/td><td>Toyota NG.<\/td><td>MAQUIN PARTS<\/td><\/tr><tr><td>42<\/td><td>157<\/td><td>De Benedictis , Juan B.<\/td><td>Ford M.<\/td><td>DTA RACING<\/td><\/tr><tr><td>43<\/td><td>161<\/td><td>Candela, Kevin<\/td><td>Torino NG.<\/td><td>CANDELA COMP.<\/td><\/tr><tr><td>44<\/td><td>172<\/td><td>\u00c1lvarez, Santiago<\/td><td>Chevrolet C.<\/td><td>CANNING MOTORSPORT<\/td><\/tr><tr><td>45<\/td><td>197<\/td><td>Quijada, Marcos<\/td><td>Chevrolet C.<\/td><td>UR RACING<\/td><\/tr><tr><td>46<\/td><td>231<\/td><td>Urcera, Jos\u00e9 Manuel<\/td><td>Ford M.<\/td><td>MORIATIS COMP.<\/td><\/tr><\/tbody><\/table><\/figure>\n\n\n\n<blockquote class=\"wp-block-quote is-layout-flow wp-block-quote-is-layout-flow\">\n<p>www.analisisdigital.com.ar<\/p>\n<\/blockquote>\n","protected":false},"excerpt":{"rendered":"<p>Tres entrerrianos forman parte de los 46 inscriptos del Turismo Carretera para su presencia en&#8230;<\/p>\n","protected":false},"author":2,"featured_media":2474,"comment_status":"open","ping_status":"open","sticky":false,"template":"","format":"standard","meta":{"footnotes":""},"categories":[6],"tags":[],"class_list":["post-2473","post","type-post","status-publish","format-standard","has-post-thumbnail","hentry","category-automovilismo"],"featured_image_urls":{"full":["https:\/\/deportodos.com.ar\/2023\/wp-content\/uploads\/2024\/10\/70483.jpg",450,300,false],"thumbnail":["https:\/\/deportodos.com.ar\/2023\/wp-content\/uploads\/2024\/10\/70483-150x150.jpg",150,150,true],"medium":["https:\/\/deportodos.com.ar\/2023\/wp-content\/uploads\/2024\/10\/70483-300x200.jpg",300,200,true],"medium_large":["https:\/\/deportodos.com.ar\/2023\/wp-content\/uploads\/2024\/10\/70483.jpg",450,300,false],"large":["https:\/\/deportodos.com.ar\/2023\/wp-content\/uploads\/2024\/10\/70483.jpg",450,300,false],"1536x1536":["https:\/\/deportodos.com.ar\/2023\/wp-content\/uploads\/2024\/10\/70483.jpg",450,300,false],"2048x2048":["https:\/\/deportodos.com.ar\/2023\/wp-content\/uploads\/2024\/10\/70483.jpg",450,300,false],"covernews-featured":["https:\/\/deportodos.com.ar\/2023\/wp-content\/uploads\/2024\/10\/70483.jpg",450,300,false],"covernews-medium":["https:\/\/deportodos.com.ar\/2023\/wp-content\/uploads\/2024\/10\/70483.jpg",450,300,false]},"author_info":{"display_name":"c2530142","author_link":"https:\/\/deportodos.com.ar\/2023\/author\/c2530142\/"},"category_info":"<a href=\"https:\/\/deportodos.com.ar\/2023\/category\/automovilismo\/\" rel=\"category tag\">Automovilismo<\/a>","tag_info":"Automovilismo","comment_count":"0","_links":{"self":[{"href":"https:\/\/deportodos.com.ar\/2023\/wp-json\/wp\/v2\/posts\/2473","targetHints":{"allow":["GET"]}}],"collection":[{"href":"https:\/\/deportodos.com.ar\/2023\/wp-json\/wp\/v2\/posts"}],"about":[{"href":"https:\/\/deportodos.com.ar\/2023\/wp-json\/wp\/v2\/types\/post"}],"author":[{"embeddable":true,"href":"https:\/\/deportodos.com.ar\/2023\/wp-json\/wp\/v2\/users\/2"}],"replies":[{"embeddable":true,"href":"https:\/\/deportodos.com.ar\/2023\/wp-json\/wp\/v2\/comments?post=2473"}],"version-history":[{"count":1,"href":"https:\/\/deportodos.com.ar\/2023\/wp-json\/wp\/v2\/posts\/2473\/revisions"}],"predecessor-version":[{"id":2475,"href":"https:\/\/deportodos.com.ar\/2023\/wp-json\/wp\/v2\/posts\/2473\/revisions\/2475"}],"wp:featuredmedia":[{"embeddable":true,"href":"https:\/\/deportodos.com.ar\/2023\/wp-json\/wp\/v2\/media\/2474"}],"wp:attachment":[{"href":"https:\/\/deportodos.com.ar\/2023\/wp-json\/wp\/v2\/media?parent=2473"}],"wp:term":[{"taxonomy":"category","embeddable":true,"href":"https:\/\/deportodos.com.ar\/2023\/wp-json\/wp\/v2\/categories?post=2473"},{"taxonomy":"post_tag","embeddable":true,"href":"https:\/\/deportodos.com.ar\/2023\/wp-json\/wp\/v2\/tags?post=2473"}],"curies":[{"name":"wp","href":"https:\/\/api.w.org\/{rel}","templated":true}]}}