{"id":2478,"date":"2024-10-17T15:56:07","date_gmt":"2024-10-17T15:56:07","guid":{"rendered":"https:\/\/deportodos.com.ar\/2023\/?p=2478"},"modified":"2024-10-17T15:56:37","modified_gmt":"2024-10-17T15:56:37","slug":"la-3-edicion-de-la-carrera-criolla","status":"publish","type":"post","link":"https:\/\/deportodos.com.ar\/2023\/la-3-edicion-de-la-carrera-criolla\/","title":{"rendered":"LA 3\u00b0 EDICI\u00d3N DE LA CARRERA CRIOLLA"},"content":{"rendered":"\n<p><strong>FECHAS:&nbsp;<\/strong>s\u00e1bado 19 de octubre de 2024.<\/p>\n\n\n\n<p><strong>LUGAR:<\/strong>&nbsp;La Criolla, Dpto. Concordia &#8211; Entre R\u00edos.<\/p>\n\n\n\n<p><strong>TIPO DE CIRCUITO&nbsp; :<\/strong>&nbsp;Todo Asfalto.<\/p>\n\n\n\n<p><strong>LARGADA Y LLEGADA:<\/strong>&nbsp;Bv. Lago Salto Grande Esq. Av. Juan B. Alberdi.<\/p>\n\n\n\n<p><strong>HORA DE LARGADA:&nbsp;<\/strong>19:00 hs&nbsp;<strong>Y DE LLEGADA:<\/strong>&nbsp;20:30 hs. (m\u00e1ximo)<\/p>\n\n\n\n<p><strong>DISTANCIAS:<\/strong><\/p>\n\n\n\n<ul class=\"wp-block-list\">\n<li>5Km \u2013 Competitivo.<\/li>\n\n\n\n<li>10Km\u2013 Competitivo.<\/li>\n<\/ul>\n\n\n\n<p><strong>COSTOS DE INSCRIPCI\u00d3N:<\/strong><\/p>\n\n\n\n<ul class=\"wp-block-list\">\n<li>CATEGOR\u00cdA\u00a0<strong>5 K $ 10.000,00<\/strong><\/li>\n\n\n\n<li>CATEGOR\u00cdA<strong>\u00a010 K $ 10.000,00<\/strong><\/li>\n\n\n\n<li>Requisito excluyente para poder pagar la inscripci\u00f3n es estar preinscripto en sistema.<\/li>\n<\/ul>\n\n\n\n<p><strong>ENTREGA DE KIT:<\/strong><\/p>\n\n\n\n<ul class=\"wp-block-list\">\n<li>Desde el\u00a0<strong>MIERCOLES<\/strong>\u00a016 \u00a0de\u00a0<strong>OCTUBRE<\/strong>\u00a0al\u00a0<strong>VIERNES<\/strong>\u00a0 18 de\u00a0<strong>OCTUBRE<\/strong>\u00a0\u00a0de 8:00 a 12:00 en la terminal de \u00f3mnibus de La Criolla.<\/li>\n\n\n\n<li>Desde las 16:00 a 18:00 hs del d\u00eda de la carrera.<\/li>\n\n\n\n<li>Forma de pago: TRANSFERENCIA BANCARIA (ingresando a la opcion \u00abPAGAR\u00bb)\n<ul class=\"wp-block-list\">\n<li>IMPRESCINDIBLE: una vez realizado, cargar el comprobante del pago en el sitio (opcion \u00abINFORMAR PAGO\u00bb)<\/li>\n<\/ul>\n<\/li>\n\n\n\n<li>La Inscripci\u00f3n deber\u00e1 realizarse de manera obligatoria a trav\u00e9s del sitio web del evento\u00a0encarrera.com.ar\/lacriolla\u00a0 \u00a0completando todos los \u00edtems para poder organizar todos los detalles de la carrera.\u00a0\u00a0\u00a0<\/li>\n<\/ul>\n\n\n\n<p><strong>CATEGOR\u00cdAS:&nbsp;IGUAL PARA 5 KM Y 10 KM &#8211; (Femenino y Masculino)<\/strong><\/p>\n\n\n\n<ul class=\"wp-block-list\">\n<li>Las Categor\u00edas se determinar\u00e1n seg\u00fan la edad que el atleta tengaal d\u00eda del evento.<\/li>\n\n\n\n<li>Juveniles mayores 17 a 19 a\u00f1os<\/li>\n\n\n\n<li>20 a 24 a\u00f1os<\/li>\n\n\n\n<li>25 a 29 a\u00f1os<\/li>\n\n\n\n<li>30 a 34 a\u00f1os<\/li>\n\n\n\n<li>35 a 39 a\u00f1os<\/li>\n\n\n\n<li>40 a 44 a\u00f1os<\/li>\n\n\n\n<li>45 a 49 a\u00f1os<\/li>\n\n\n\n<li>50 a 54 a\u00f1os<\/li>\n\n\n\n<li>55 a 59 a\u00f1os<\/li>\n\n\n\n<li>60 a 64 a\u00f1os<\/li>\n\n\n\n<li>65 a 69 a\u00f1os<\/li>\n\n\n\n<li>70 en adelante.<\/li>\n\n\n\n<li>Discapacidad<\/li>\n<\/ul>\n\n\n\n<blockquote class=\"wp-block-quote is-layout-flow wp-block-quote-is-layout-flow\">\n<p>www.deportesvillaadela.blogs.com<\/p>\n<\/blockquote>\n","protected":false},"excerpt":{"rendered":"<p>FECHAS:&nbsp;s\u00e1bado 19 de octubre de 2024. LUGAR:&nbsp;La Criolla, Dpto. Concordia &#8211; Entre R\u00edos. TIPO DE&#8230;<\/p>\n","protected":false},"author":2,"featured_media":2480,"comment_status":"open","ping_status":"open","sticky":false,"template":"","format":"standard","meta":{"footnotes":""},"categories":[5],"tags":[],"class_list":["post-2478","post","type-post","status-publish","format-standard","has-post-thumbnail","hentry","category-atletismo"],"featured_image_urls":{"full":["https:\/\/deportodos.com.ar\/2023\/wp-content\/uploads\/2024\/10\/FB_IMG_1729180563934.jpg",510,640,false],"thumbnail":["https:\/\/deportodos.com.ar\/2023\/wp-content\/uploads\/2024\/10\/FB_IMG_1729180563934-150x150.jpg",150,150,true],"medium":["https:\/\/deportodos.com.ar\/2023\/wp-content\/uploads\/2024\/10\/FB_IMG_1729180563934-239x300.jpg",239,300,true],"medium_large":["https:\/\/deportodos.com.ar\/2023\/wp-content\/uploads\/2024\/10\/FB_IMG_1729180563934.jpg",510,640,false],"large":["https:\/\/deportodos.com.ar\/2023\/wp-content\/uploads\/2024\/10\/FB_IMG_1729180563934.jpg",510,640,false],"1536x1536":["https:\/\/deportodos.com.ar\/2023\/wp-content\/uploads\/2024\/10\/FB_IMG_1729180563934.jpg",510,640,false],"2048x2048":["https:\/\/deportodos.com.ar\/2023\/wp-content\/uploads\/2024\/10\/FB_IMG_1729180563934.jpg",510,640,false],"covernews-featured":["https:\/\/deportodos.com.ar\/2023\/wp-content\/uploads\/2024\/10\/FB_IMG_1729180563934.jpg",510,640,false],"covernews-medium":["https:\/\/deportodos.com.ar\/2023\/wp-content\/uploads\/2024\/10\/FB_IMG_1729180563934-510x340.jpg",510,340,true]},"author_info":{"display_name":"c2530142","author_link":"https:\/\/deportodos.com.ar\/2023\/author\/c2530142\/"},"category_info":"<a href=\"https:\/\/deportodos.com.ar\/2023\/category\/atletismo\/\" rel=\"category tag\">Atletismo<\/a>","tag_info":"Atletismo","comment_count":"0","_links":{"self":[{"href":"https:\/\/deportodos.com.ar\/2023\/wp-json\/wp\/v2\/posts\/2478","targetHints":{"allow":["GET"]}}],"collection":[{"href":"https:\/\/deportodos.com.ar\/2023\/wp-json\/wp\/v2\/posts"}],"about":[{"href":"https:\/\/deportodos.com.ar\/2023\/wp-json\/wp\/v2\/types\/post"}],"author":[{"embeddable":true,"href":"https:\/\/deportodos.com.ar\/2023\/wp-json\/wp\/v2\/users\/2"}],"replies":[{"embeddable":true,"href":"https:\/\/deportodos.com.ar\/2023\/wp-json\/wp\/v2\/comments?post=2478"}],"version-history":[{"count":1,"href":"https:\/\/deportodos.com.ar\/2023\/wp-json\/wp\/v2\/posts\/2478\/revisions"}],"predecessor-version":[{"id":2479,"href":"https:\/\/deportodos.com.ar\/2023\/wp-json\/wp\/v2\/posts\/2478\/revisions\/2479"}],"wp:featuredmedia":[{"embeddable":true,"href":"https:\/\/deportodos.com.ar\/2023\/wp-json\/wp\/v2\/media\/2480"}],"wp:attachment":[{"href":"https:\/\/deportodos.com.ar\/2023\/wp-json\/wp\/v2\/media?parent=2478"}],"wp:term":[{"taxonomy":"category","embeddable":true,"href":"https:\/\/deportodos.com.ar\/2023\/wp-json\/wp\/v2\/categories?post=2478"},{"taxonomy":"post_tag","embeddable":true,"href":"https:\/\/deportodos.com.ar\/2023\/wp-json\/wp\/v2\/tags?post=2478"}],"curies":[{"name":"wp","href":"https:\/\/api.w.org\/{rel}","templated":true}]}}