{"id":2495,"date":"2024-10-20T23:44:26","date_gmt":"2024-10-20T23:44:26","guid":{"rendered":"https:\/\/deportodos.com.ar\/2023\/?p=2495"},"modified":"2024-10-20T23:44:28","modified_gmt":"2024-10-20T23:44:28","slug":"mariano-werner-se-quedo-con-la-carrera-en-san-nicolas","status":"publish","type":"post","link":"https:\/\/deportodos.com.ar\/2023\/mariano-werner-se-quedo-con-la-carrera-en-san-nicolas\/","title":{"rendered":"MARIANO WERNER SE QUED\u00d3 CON LA CARRERA EN SAN NICOL\u00c1S"},"content":{"rendered":"\n<p>Este domingo concluy\u00f3 la acci\u00f3n correspondiente a la antepen\u00faltima fecha del Turismo Carretera. En el aut\u00f3dromo de San Nicol\u00e1s, los pilotos del TC compitieron en series y final para definir al ganador de la 13\u00b0 fecha del torneo.<\/p>\n\n\n\n<p>En las series, los ganadores fueron Andr\u00e9s Jakos (siete minutos, 22 segundos y 668 mil\u00e9simas); el paranaense Mariano Werner (siete minutos 22 segundos y 622 mil\u00e9simas); y Lautaro De la Iglesia (siete minutos, 22 segundos y 44 mil\u00e9simas).<\/p>\n\n\n\n<p>Con esos resultados, la grilla de partida la lider\u00f3 De la Iglesia, seguido por Werner y Jakos. Pero esto cambi\u00f3 y mucho durante la disputa de la final.<\/p>\n\n\n\n<p>Es que Werner consigui\u00f3 saltar al primer lugar; mientras que De la Iglesia y Jakos sufrieron inconvenientes en sus veh\u00edculos que los dejaron muy lejos en el clasificador final.<\/p>\n\n\n\n<p>El vencedor de la competencia fue Werner, que se qued\u00f3 con su segundo triunfo de la temporada y alcanz\u00f3 los 120,5 puntos en la Copa de Oro, en la que s\u00f3lo est\u00e1 por detr\u00e1s de Juli\u00e1n Santero, que tiene 127.<\/p>\n\n\n\n<p>El podio lo completaron el hist\u00f3rico Agust\u00edn Canapino, que regres\u00f3 para las \u00faltimas fechas de la temporada; y Germ\u00e1n Todino, que pugna por ser uno de los tres de \u00faltimo minuto.<\/p>\n\n\n\n<p>Para los entrerrianos, la final tuvo resultados dispares: Agust\u00edn Mart\u00ednez termin\u00f3 en la 10\u00b0 colocaci\u00f3n; Nicol\u00e1s Bonelli finaliz\u00f3 30\u00b0 y Juan Garbelino qued\u00f3 a dos giros de terminar la competencia.<\/p>\n\n\n\n<p>Ahora tan solo quedan dos fechas. La pr\u00f3xima ser\u00e1 en el aut\u00f3dromo de Toay, en La Pampa, el fin de semana del 10 de noviembre. La temporada, por otra parte, finalizar\u00e1 el 1 de diciembre en el aut\u00f3dromo Roberto Mouras de La Plata.<\/p>\n\n\n\n<p><strong>Resultados &#8211; Turismo Carretera &#8211; Fecha 13 (en San Nicol\u00e1s)<\/strong><\/p>\n\n\n\n<p><strong>1\u00b0) Mariano Werner (Ford): 37&#8217;51&#8243;963\/1000.<\/strong><\/p>\n\n\n\n<p>2\u00b0) Agust\u00edn Canapino (Chevrolet): a 13&#8243;518\/1000.<\/p>\n\n\n\n<p>3\u00b0) Germ\u00e1n Todino (Ford): a 14&#8243;542\/1000.<\/p>\n\n\n\n<p>4\u00b0) Jonatan Castellano (Dodge): a 15&#8243;38\/1000.<\/p>\n\n\n\n<p>5\u00b0) Valent\u00edn Aguirre (Chevrolet): a 19&#8243;799\/1000.<\/p>\n\n\n\n<p>&#8212;<\/p>\n\n\n\n<p><strong>10\u00b0) Agust\u00edn Mart\u00ednez (Toyota): a 34&#8243;198\/1000.<\/strong><\/p>\n\n\n\n<p><strong>30\u00b0) Nicol\u00e1s Bonelli (Chevrolet): a 1&#8217;14&#8243;259\/1000.<\/strong><\/p>\n\n\n\n<p><strong>34\u00b0) Juan Garbelino (Torino): a 2 vueltas.<\/strong><\/p>\n\n\n\n<p><strong>Posiciones &#8211; Copa de Oro<\/strong><\/p>\n\n\n\n<p>1\u00b0) Juli\u00e1n Santero (Ford): 127 puntos.<\/p>\n\n\n\n<p><strong>2\u00b0) Mariano Werner (Ford): 120,5.<\/strong><\/p>\n\n\n\n<p>3\u00b0) Santiago Mangoni (Chevrolet): 103.<\/p>\n\n\n\n<p>4\u00b0) Valent\u00edn Aguirre (Chevrolet): 101,5.<\/p>\n\n\n\n<p>5\u00b0) Mauricio Lambiris (Ford): 100.<\/p>\n\n\n\n<blockquote class=\"wp-block-quote is-layout-flow wp-block-quote-is-layout-flow\">\n<p>www.analisisdigital.com.ar<\/p>\n<\/blockquote>\n","protected":false},"excerpt":{"rendered":"<p>Este domingo concluy\u00f3 la acci\u00f3n correspondiente a la antepen\u00faltima fecha del Turismo Carretera. En el&#8230;<\/p>\n","protected":false},"author":2,"featured_media":2496,"comment_status":"open","ping_status":"open","sticky":false,"template":"","format":"standard","meta":{"footnotes":""},"categories":[6],"tags":[],"class_list":["post-2495","post","type-post","status-publish","format-standard","has-post-thumbnail","hentry","category-automovilismo"],"featured_image_urls":{"full":["https:\/\/deportodos.com.ar\/2023\/wp-content\/uploads\/2024\/10\/befunky_2024-9-0_14-45-16.jpg",450,300,false],"thumbnail":["https:\/\/deportodos.com.ar\/2023\/wp-content\/uploads\/2024\/10\/befunky_2024-9-0_14-45-16-150x150.jpg",150,150,true],"medium":["https:\/\/deportodos.com.ar\/2023\/wp-content\/uploads\/2024\/10\/befunky_2024-9-0_14-45-16-300x200.jpg",300,200,true],"medium_large":["https:\/\/deportodos.com.ar\/2023\/wp-content\/uploads\/2024\/10\/befunky_2024-9-0_14-45-16.jpg",450,300,false],"large":["https:\/\/deportodos.com.ar\/2023\/wp-content\/uploads\/2024\/10\/befunky_2024-9-0_14-45-16.jpg",450,300,false],"1536x1536":["https:\/\/deportodos.com.ar\/2023\/wp-content\/uploads\/2024\/10\/befunky_2024-9-0_14-45-16.jpg",450,300,false],"2048x2048":["https:\/\/deportodos.com.ar\/2023\/wp-content\/uploads\/2024\/10\/befunky_2024-9-0_14-45-16.jpg",450,300,false],"covernews-featured":["https:\/\/deportodos.com.ar\/2023\/wp-content\/uploads\/2024\/10\/befunky_2024-9-0_14-45-16.jpg",450,300,false],"covernews-medium":["https:\/\/deportodos.com.ar\/2023\/wp-content\/uploads\/2024\/10\/befunky_2024-9-0_14-45-16.jpg",450,300,false]},"author_info":{"display_name":"c2530142","author_link":"https:\/\/deportodos.com.ar\/2023\/author\/c2530142\/"},"category_info":"<a href=\"https:\/\/deportodos.com.ar\/2023\/category\/automovilismo\/\" rel=\"category tag\">Automovilismo<\/a>","tag_info":"Automovilismo","comment_count":"0","_links":{"self":[{"href":"https:\/\/deportodos.com.ar\/2023\/wp-json\/wp\/v2\/posts\/2495","targetHints":{"allow":["GET"]}}],"collection":[{"href":"https:\/\/deportodos.com.ar\/2023\/wp-json\/wp\/v2\/posts"}],"about":[{"href":"https:\/\/deportodos.com.ar\/2023\/wp-json\/wp\/v2\/types\/post"}],"author":[{"embeddable":true,"href":"https:\/\/deportodos.com.ar\/2023\/wp-json\/wp\/v2\/users\/2"}],"replies":[{"embeddable":true,"href":"https:\/\/deportodos.com.ar\/2023\/wp-json\/wp\/v2\/comments?post=2495"}],"version-history":[{"count":1,"href":"https:\/\/deportodos.com.ar\/2023\/wp-json\/wp\/v2\/posts\/2495\/revisions"}],"predecessor-version":[{"id":2497,"href":"https:\/\/deportodos.com.ar\/2023\/wp-json\/wp\/v2\/posts\/2495\/revisions\/2497"}],"wp:featuredmedia":[{"embeddable":true,"href":"https:\/\/deportodos.com.ar\/2023\/wp-json\/wp\/v2\/media\/2496"}],"wp:attachment":[{"href":"https:\/\/deportodos.com.ar\/2023\/wp-json\/wp\/v2\/media?parent=2495"}],"wp:term":[{"taxonomy":"category","embeddable":true,"href":"https:\/\/deportodos.com.ar\/2023\/wp-json\/wp\/v2\/categories?post=2495"},{"taxonomy":"post_tag","embeddable":true,"href":"https:\/\/deportodos.com.ar\/2023\/wp-json\/wp\/v2\/tags?post=2495"}],"curies":[{"name":"wp","href":"https:\/\/api.w.org\/{rel}","templated":true}]}}