{"id":2498,"date":"2024-10-20T23:59:25","date_gmt":"2024-10-20T23:59:25","guid":{"rendered":"https:\/\/deportodos.com.ar\/2023\/?p=2498"},"modified":"2024-10-20T23:59:27","modified_gmt":"2024-10-20T23:59:27","slug":"patronato-perdio-duramente-con-san-martin","status":"publish","type":"post","link":"https:\/\/deportodos.com.ar\/2023\/patronato-perdio-duramente-con-san-martin\/","title":{"rendered":"PATRONATO PERDI\u00d3 DURAMENTE CON SAN MART\u00cdN"},"content":{"rendered":"\n<p>Patronato se present\u00f3 este domingo en el estadio Presb\u00edtero Bartolom\u00e9 Grella con la obligaci\u00f3n de sumar de a tres. Fue en el marco de la pen\u00faltima fecha de la Zona A en la Primera Nacional. El partido se jug\u00f3 con el&nbsp;<em>Patr\u00f3n<\/em>&nbsp;sabiendo que un triunfo le podr\u00eda alcanzar para mantener la categor\u00eda. Fabrizio Llobet fue el \u00e1rbitro del cotejo.<\/p>\n\n\n\n<p>Pero otra vez el local se encontr\u00f3 perdiendo como local. La apertura del marcador fue de Nazareno Funez, que a los 17 minutos adelant\u00f3 al elenco&nbsp;<em>Verdinegro<\/em>, que a partir de ah\u00ed se plant\u00f3 de otra manera en el juego.<\/p>\n\n\n\n<p>La realidad es que el conjunto necesitado era el&nbsp;<em>Patr\u00f3n<\/em>, ya que San Mart\u00edn terminar\u00e1 segundo de la Zona A pase lo que pase, por lo que deber\u00e1 jugar el Reducido -aunque lo har\u00e1 con ventaja deportiva en la mayor\u00eda de los cruces-. El equipo de Diego Pozo, en cambio, ten\u00eda la responsabilidad de obtener el triunfo para confirmar su permanencia.<\/p>\n\n\n\n<p>Los primeros 45 minutos pasaron con el&nbsp;<em>Patr\u00f3n<\/em>&nbsp;intentando, pero sin la eficacia necesaria para finalmente lograr el empate, por lo que se fueron al descanso sin que suceda mucho m\u00e1s.<\/p>\n\n\n\n<p>En la segunda mitad, la primera chance fue para el visitante con una gran apilada de Lucas Acosta que acab\u00f3 en un mano a mano que el atacante sanjuanino no resolvi\u00f3 de la mejor manera. Estuvo cerca de ser el segundo.<\/p>\n\n\n\n<p>El&nbsp;<em>Patr\u00f3n<\/em>&nbsp;acumul\u00f3 oportunidades de riesgo, pero en ning\u00fan momento pareci\u00f3 estar cerca de romper la valla defendida por Mat\u00edas Borgogno, al menos en esta parte del encuentro. Es as\u00ed que Emanuel Dening y Franco Coronel contaron con sus ocasiones, adem\u00e1s de alg\u00fan intento perdido m\u00e1s.<\/p>\n\n\n\n<p>Sin embargo, San Mart\u00edn sigui\u00f3 haciendo simple lo dif\u00edcil para el&nbsp;<em>Patr\u00f3n<\/em>. A los 23, un tiro de esquina ejecutado con maestr\u00eda desde el costado izquierdo encontr\u00f3 la llegada en soledad de Juli\u00e1n Marchio. El central gan\u00f3 de cabeza en soledad y remat\u00f3 contra el poste derecho de la valla defendida por Julio Salv\u00e1 para el 2-0.<\/p>\n\n\n\n<p>Y otra vez la pesadumbre en el estadio, que no encontraba respuesta en sus jugadores y viv\u00eda el partido con sumo nerviosismo. En este momento fueron las chances m\u00e1s claras del&nbsp;<em>Rojinegro<\/em>: destaca un cabezazo de Emanuel Dening tras un excelente centro de Arnaldo Gonz\u00e1lez que se fue pegado al poste o una chance del propio Gonz\u00e1lez, que se la llev\u00f3 a pura prepotencia dentro del \u00e1rea, pero no pudo definir antes de la llegada de Borgogno.<\/p>\n\n\n\n<p>Desencajado del encuentro, Maximiliano Rueda cometi\u00f3 una fuerte falta y dej\u00f3 irresponsablemente a su equipo con uno menos con el tiempo cumplido. Adem\u00e1s, cuatro minutos m\u00e1s tarde volvi\u00f3 a quedar claro que San Mart\u00edn hac\u00eda simple lo que al&nbsp;<em>Patr\u00f3n<\/em>&nbsp;le cuesta horrores.<\/p>\n\n\n\n<p>Una p\u00e9rdida en ataque lanz\u00f3 el contragolpe del conjunto sanjuanino, que logr\u00f3 meterse al \u00e1rea con pelota dominada y tuvo el gol en los pies de Ezequiel Montagna. Sin embargo, la definici\u00f3n del atacante fue despejada sobre la l\u00ednea por Gabriel D\u00edaz, con la mala suerte de que cay\u00f3 en posici\u00f3n de Maximiliano Guti\u00e9rrez, que defini\u00f3 al arco vac\u00edo y, tras un rebote, convirti\u00f3 el 3-0. Cosa juzgada.<\/p>\n\n\n\n<p>Patronato perdi\u00f3 y qued\u00f3 con 37 puntos, todav\u00eda en la 16\u00b0 colocaci\u00f3n. Tiene los mismos puntos que Arsenal, que perdi\u00f3 en esta fecha (1-3 vs. Racing de C\u00f3rdoba); y uno m\u00e1s que Talleres de Remedios de Escalada, que igual\u00f3 0-0 con Deportivo Maip\u00fa.<\/p>\n\n\n\n<p>En la \u00faltima fecha, a Patronato le bastar\u00e1 con ganar para quedarse en la categor\u00eda. Un empate, obligar\u00eda a ganar a Talleres de Remedios de Escalada. El&nbsp;<em>Patr\u00f3n<\/em>&nbsp;depende de s\u00ed mismo pero, viendo los resultados hasta el momento, eso es lo m\u00e1s peligroso.<\/p>\n\n\n\n<p><strong>-S\u00cdNTESIS-<\/strong><br>Patronato&nbsp;<strong>0-3<\/strong>&nbsp;San Mart\u00edn de San Juan.<\/p>\n\n\n\n<p><strong>Goles:<\/strong><br>17\u2019PT: Nazareno F\u00fanez.<br>23\u2019ST: Juli\u00e1n Marchio.<br>50\u2019ST: Maximiliano Guti\u00e9rrez.<\/p>\n\n\n\n<p><strong>Expulsado:<\/strong><br>46\u2019ST: Maximiliano Rueda (PAT).<\/p>\n\n\n\n<p><strong>Formaciones:<br>Patronato:<\/strong>&nbsp;Julio Salv\u00e1; Gonzalo As\u00eds, Gabriel D\u00edaz, Santiago Bellatti, Diego Mart\u00ednez; Emiliano Purita, Gustavo Turraca, Juan Barinaga, Franco Coronel; Alan Bonansea y Emanuel Dening.<br>DT: Diego Pozo.<\/p>\n\n\n\n<p><strong>San Mart\u00edn:<\/strong>&nbsp;Mat\u00edas Borgogno; Alejandro Molina, Rodrigo C\u00e1ceres, Juli\u00e1n Marchio, Leonel \u00c1lvarez; Enzo Avaro, Gino Olgu\u00edn, Tom\u00e1s Escalante, Lucas Acosta; Jonathan Zacar\u00eda y Nazareno F\u00fanez.<br>DT: Ra\u00fal Antu\u00f1a.<\/p>\n\n\n\n<p><strong>Cambios:<\/strong><br>ET: ingres\u00f3 Maximiliano Rueda por Emiliano Purita (PAT).<br>10\u2019ST: ingres\u00f3 Valent\u00edn Pereyra por Santiago Bellatti (PAT).<br>15\u2019ST: ingres\u00f3 Ezequiel Montagna por Lucas Acosta (SMA).<br>20\u2019ST: ingres\u00f3 Arnaldo Gonz\u00e1lez por Juan Barinaga (PAT).<br>20\u2019ST: ingres\u00f3 Emanuel Maciel por Gustavo Turraca (PAT).<br>24\u2019ST: ingres\u00f3 Maximiliano Guti\u00e9rrez por Jonathan Zacar\u00eda (SMA).<br>34\u2019ST: ingres\u00f3 M\u00e1ximo Masino por Enzo Avaro (SMA).<br>34\u2019ST: ingres\u00f3 Joaqu\u00edn Sotomayor por Tom\u00e1s Escalante (SMA).<\/p>\n\n\n\n<p><strong>Amonestados:<\/strong><br>20\u2019PT: Tom\u00e1s Escalante (SMA).<br>28\u2019PT: Gonzalo As\u00eds (PAT).<br>43\u2019PT: Emanuel Dening (PAT).<br>48\u2019ST: Emanuel Maciel (PAT).<br>49\u2019ST: Juli\u00e1n Marchio (SMA).<\/p>\n\n\n\n<p><strong>\u00c1rbitro:<\/strong>&nbsp;Fabrizio Llobet.<\/p>\n\n\n\n<p><strong>Estadio:<\/strong>&nbsp;Presb\u00edtero Bartolom\u00e9 Grella.<\/p>\n\n\n\n<blockquote class=\"wp-block-quote is-layout-flow wp-block-quote-is-layout-flow\">\n<p>www.analisisdigital.com.ar<\/p>\n<\/blockquote>\n","protected":false},"excerpt":{"rendered":"<p>Patronato se present\u00f3 este domingo en el estadio Presb\u00edtero Bartolom\u00e9 Grella con la obligaci\u00f3n de&#8230;<\/p>\n","protected":false},"author":2,"featured_media":2499,"comment_status":"open","ping_status":"open","sticky":false,"template":"","format":"standard","meta":{"footnotes":""},"categories":[36],"tags":[],"class_list":["post-2498","post","type-post","status-publish","format-standard","has-post-thumbnail","hentry","category-futbol"],"featured_image_urls":{"full":["https:\/\/deportodos.com.ar\/2023\/wp-content\/uploads\/2024\/10\/nazareno_funez.jpg",450,300,false],"thumbnail":["https:\/\/deportodos.com.ar\/2023\/wp-content\/uploads\/2024\/10\/nazareno_funez-150x150.jpg",150,150,true],"medium":["https:\/\/deportodos.com.ar\/2023\/wp-content\/uploads\/2024\/10\/nazareno_funez-300x200.jpg",300,200,true],"medium_large":["https:\/\/deportodos.com.ar\/2023\/wp-content\/uploads\/2024\/10\/nazareno_funez.jpg",450,300,false],"large":["https:\/\/deportodos.com.ar\/2023\/wp-content\/uploads\/2024\/10\/nazareno_funez.jpg",450,300,false],"1536x1536":["https:\/\/deportodos.com.ar\/2023\/wp-content\/uploads\/2024\/10\/nazareno_funez.jpg",450,300,false],"2048x2048":["https:\/\/deportodos.com.ar\/2023\/wp-content\/uploads\/2024\/10\/nazareno_funez.jpg",450,300,false],"covernews-featured":["https:\/\/deportodos.com.ar\/2023\/wp-content\/uploads\/2024\/10\/nazareno_funez.jpg",450,300,false],"covernews-medium":["https:\/\/deportodos.com.ar\/2023\/wp-content\/uploads\/2024\/10\/nazareno_funez.jpg",450,300,false]},"author_info":{"display_name":"c2530142","author_link":"https:\/\/deportodos.com.ar\/2023\/author\/c2530142\/"},"category_info":"<a href=\"https:\/\/deportodos.com.ar\/2023\/category\/futbol\/\" rel=\"category tag\">Futbol<\/a>","tag_info":"Futbol","comment_count":"0","_links":{"self":[{"href":"https:\/\/deportodos.com.ar\/2023\/wp-json\/wp\/v2\/posts\/2498","targetHints":{"allow":["GET"]}}],"collection":[{"href":"https:\/\/deportodos.com.ar\/2023\/wp-json\/wp\/v2\/posts"}],"about":[{"href":"https:\/\/deportodos.com.ar\/2023\/wp-json\/wp\/v2\/types\/post"}],"author":[{"embeddable":true,"href":"https:\/\/deportodos.com.ar\/2023\/wp-json\/wp\/v2\/users\/2"}],"replies":[{"embeddable":true,"href":"https:\/\/deportodos.com.ar\/2023\/wp-json\/wp\/v2\/comments?post=2498"}],"version-history":[{"count":1,"href":"https:\/\/deportodos.com.ar\/2023\/wp-json\/wp\/v2\/posts\/2498\/revisions"}],"predecessor-version":[{"id":2500,"href":"https:\/\/deportodos.com.ar\/2023\/wp-json\/wp\/v2\/posts\/2498\/revisions\/2500"}],"wp:featuredmedia":[{"embeddable":true,"href":"https:\/\/deportodos.com.ar\/2023\/wp-json\/wp\/v2\/media\/2499"}],"wp:attachment":[{"href":"https:\/\/deportodos.com.ar\/2023\/wp-json\/wp\/v2\/media?parent=2498"}],"wp:term":[{"taxonomy":"category","embeddable":true,"href":"https:\/\/deportodos.com.ar\/2023\/wp-json\/wp\/v2\/categories?post=2498"},{"taxonomy":"post_tag","embeddable":true,"href":"https:\/\/deportodos.com.ar\/2023\/wp-json\/wp\/v2\/tags?post=2498"}],"curies":[{"name":"wp","href":"https:\/\/api.w.org\/{rel}","templated":true}]}}