{"id":2503,"date":"2024-10-21T00:45:10","date_gmt":"2024-10-21T00:45:10","guid":{"rendered":"https:\/\/deportodos.com.ar\/2023\/?p=2503"},"modified":"2024-10-21T01:21:45","modified_gmt":"2024-10-21T01:21:45","slug":"se-corrio-el-pre-coronacion-del-competicion-especial-en-la-historica","status":"publish","type":"post","link":"https:\/\/deportodos.com.ar\/2023\/se-corrio-el-pre-coronacion-del-competicion-especial-en-la-historica\/","title":{"rendered":"SE CORRI\u00d3 EL PRE CORONACI\u00d3N DEL COMPETICI\u00d3N ESPECIAL EN \u00abLA HISTORICA\u00bb"},"content":{"rendered":"\n<p>ACALORADO FINAL PARA EL PRE CORONACI\u00d3N DE COMPETICI\u00d3N ESPECIAL ENTTERRIANA<\/p>\n\n\n\n<p>Un domingo totalmente opuesto al d\u00eda s\u00e1bado, cada una de las clases en pista di\u00f3 cuenta de la fecha decisiva que supone un pre-coronaci\u00f3n y aument\u00f3 el grado de intensidad de pelea en pista.<br>Una sola clase se defini\u00f3 de manera anticipada. La divisional 1, al cabo de una temporada con un alto porcentaje de permanencia en el podio, coronar\u00e1 como campe\u00f3n al piloto ramirense Victorio Herbel. Que; como si fuera poco se asegur\u00f3 el t\u00edtulo con un triunfo que elabor\u00f3 en los \u00faltimos giros de carrera.                                                                                                El resto de las categor\u00edas estira la definici\u00f3n hasta el p\u00edlogo del torneo en el mes de noviembre.<\/p>\n\n\n\n<p> <strong>CLASE 1: EL PRIMERO DE VICTTORIO<\/strong><\/p>\n\n\n\n<p>Finalmente fu\u00e9 campeonato para Victorio Herbel Tras ganar el precoronaci\u00f3n. Hace algunas temporadas, el ramirense que proviene del karting comenz\u00f3 a construir un sue\u00f1o en Clase 1 a base de experiencias que terminar\u00eda plasmando en un gran torneo casi sin fisuras, victorias en finales y asistencia casi perfecta al podio.<\/p>\n\n\n\n<p>Hizo hasta lo imposible; siempre dentro de lo deportivo el sanjosecino Luciano Demarlenge. presion\u00f3 de movida y lidero sendas vueltas de la final, perdiendo rendimiento para las \u00faltimas vueltas de la final.<\/p>\n\n\n\n<p>El \u00faltimo ganador, Patricio Lambert parece haber tomado el gusto de las posiciones de adelante y se di\u00f3 el lujo de pelear toda la final, para terminar ubicandose en segundo lugar sabiendo que no habia mucho por hacer y dejando los motores de Garc\u00eda con el 1-2 del podio.<\/p>\n\n\n\n<p>Nicol\u00e1s Barreto revirti\u00f3 un fin de semana muy complicado, remontando a un brillante tercer lugar y<\/p>\n\n\n\n<p>Copa Seniors:<br>Fabi\u00e1n Conte avanz\u00f3 en el pelot\u00f3n y con contundencia asegur\u00f3 un triunfo que lo vuelve a meter en la pelea del torneo. Ricardo Droqui y Jorge Lambert acompa\u00f1aron en el podio.<\/p>\n\n\n\n<p><strong>CLASE 2: LA DEFINICI\u00d3N&#8230; HASTA EL FINAL<\/strong><\/p>\n\n\n\n<p>En una larga y exigente carrera, sin interrupciones del auto de seguridad Gast\u00f3n Dubois de nuevo mostr\u00f3 el potencial de su conjunto para establecerse en punta y tomar las riendas de la carrera.<\/p>\n\n\n\n<p>Est\u00e9fano Kunzi desisti\u00f3 de la lucha por la punta y tampoco pudo contener el segundo puesto. Robado por Agust\u00edn Roncaglione que ech\u00f3 por aguas las ilusiones de campeonato anticipado por parte del paranaense.<\/p>\n\n\n\n<p>Julio Villa mostr\u00f3 un buen rendimiento logrando la cuarta Ubicaci\u00f3n.<\/p>\n\n\n\n<p><strong>LA INTENSA CLASE 3<\/strong><\/p>\n\n\n\n<p>&#x203c;&#xfe0f;Pas\u00f3 por todos los estados el Gran Premio Precoronaci\u00f3n de una de las clases mas espectaculares del automovilismo entrerriano.<\/p>\n\n\n\n<p>Con incidencias en las series. La final comenzaba con algunos autos que se caer\u00edan por roturas insalvables y pilotos de punta con sanciones disciplinarias.<\/p>\n\n\n\n<p>Facundo tamay y Franco Morend protagonizar\u00edan el primero de muchos duelos. Que se resolver\u00eda en la segunda curva con un roce que los alejar\u00eda del podio. Ser\u00eda el turno del \u00abChiquit\u00edn\u00bb de puerto viejo, Agust\u00edn Picart de tomar la punta y mostrar su Renault Clio en puestos de vanguardia tras un gran trabajo a pulm\u00f3n con su equipo.<\/p>\n\n\n\n<p>En Curva cero se produjo un gran encontronazo que dej\u00f3 tempranamente a dos protagonistas con sendos da\u00f1os al impactar contra las contenciones. Lo que demand\u00f3 interrumpir el evento con bandera roja.<\/p>\n\n\n\n<p>Tras el relanzamiento de la carrera Nahuel Zanandrea, Franco Morend y Picart ingresan a la par en el sector uno, saliendo despedida la unidad del federaense. Tras un impacto a las contenciones otra vez la roja se har\u00eda presente finalizando definitivamente y dejando la cuenta en suma de tiempos de ambas finales como ganador a Zanandrea, en esos momentos trasladado al nosocomio local para mayores revisiones.<\/p>\n\n\n\n<p>Hasta ah\u00ed las incidencias en pista. A posteriori la tecnica dejar\u00eda out al ganador. Heredando el vigente campe\u00f3n Franco Morend el triunfo, que vuelve a meterse en la lucha por el torneo. Picart ser\u00eda segundo y por primera vez de visita en el podio se encontr\u00f3 el oriundo de pronunciamiento, Francisco D&#8217;angelo con el Ford Ka.<\/p>\n\n\n\n<p><strong>FORMULA ENTRERRIANA<\/strong><\/p>\n\n\n\n<p>Con dos finales volvi\u00f3 la categor\u00eda insignia de la provincia, entregando distintos ganadores.<\/p>\n\n\n\n<p>Los correntinos est\u00e1n haciendo ruido del bueno en la categor\u00eda. Por un lado con un gran triunfo de Gonzalo Alvarez, primero en su historial y por otro el formidable debut del piloto de Monte Caseros, Leonardo Rey.<\/p>\n\n\n\n<p>La final del domingo dej\u00f3 como ganador al campe\u00f3n Agust\u00edn Ferreyra, que volvi\u00f3 al triunfo luego de una falla que lo aquej\u00f3 durante el s\u00e1bado<\/p>\n","protected":false},"excerpt":{"rendered":"<p>ACALORADO FINAL PARA EL PRE CORONACI\u00d3N DE COMPETICI\u00d3N ESPECIAL ENTTERRIANA Un domingo totalmente opuesto al&#8230;<\/p>\n","protected":false},"author":2,"featured_media":2508,"comment_status":"open","ping_status":"open","sticky":false,"template":"","format":"standard","meta":{"footnotes":""},"categories":[6],"tags":[],"class_list":["post-2503","post","type-post","status-publish","format-standard","has-post-thumbnail","hentry","category-automovilismo"],"featured_image_urls":{"full":["https:\/\/deportodos.com.ar\/2023\/wp-content\/uploads\/2024\/10\/IMG-20241020-WA0104.jpg",1080,1080,false],"thumbnail":["https:\/\/deportodos.com.ar\/2023\/wp-content\/uploads\/2024\/10\/IMG-20241020-WA0104-150x150.jpg",150,150,true],"medium":["https:\/\/deportodos.com.ar\/2023\/wp-content\/uploads\/2024\/10\/IMG-20241020-WA0104-300x300.jpg",300,300,true],"medium_large":["https:\/\/deportodos.com.ar\/2023\/wp-content\/uploads\/2024\/10\/IMG-20241020-WA0104-768x768.jpg",640,640,true],"large":["https:\/\/deportodos.com.ar\/2023\/wp-content\/uploads\/2024\/10\/IMG-20241020-WA0104-1024x1024.jpg",640,640,true],"1536x1536":["https:\/\/deportodos.com.ar\/2023\/wp-content\/uploads\/2024\/10\/IMG-20241020-WA0104.jpg",1080,1080,false],"2048x2048":["https:\/\/deportodos.com.ar\/2023\/wp-content\/uploads\/2024\/10\/IMG-20241020-WA0104.jpg",1080,1080,false],"covernews-featured":["https:\/\/deportodos.com.ar\/2023\/wp-content\/uploads\/2024\/10\/IMG-20241020-WA0104-1024x1024.jpg",1024,1024,true],"covernews-medium":["https:\/\/deportodos.com.ar\/2023\/wp-content\/uploads\/2024\/10\/IMG-20241020-WA0104-540x340.jpg",540,340,true]},"author_info":{"display_name":"c2530142","author_link":"https:\/\/deportodos.com.ar\/2023\/author\/c2530142\/"},"category_info":"<a href=\"https:\/\/deportodos.com.ar\/2023\/category\/automovilismo\/\" rel=\"category tag\">Automovilismo<\/a>","tag_info":"Automovilismo","comment_count":"0","_links":{"self":[{"href":"https:\/\/deportodos.com.ar\/2023\/wp-json\/wp\/v2\/posts\/2503","targetHints":{"allow":["GET"]}}],"collection":[{"href":"https:\/\/deportodos.com.ar\/2023\/wp-json\/wp\/v2\/posts"}],"about":[{"href":"https:\/\/deportodos.com.ar\/2023\/wp-json\/wp\/v2\/types\/post"}],"author":[{"embeddable":true,"href":"https:\/\/deportodos.com.ar\/2023\/wp-json\/wp\/v2\/users\/2"}],"replies":[{"embeddable":true,"href":"https:\/\/deportodos.com.ar\/2023\/wp-json\/wp\/v2\/comments?post=2503"}],"version-history":[{"count":1,"href":"https:\/\/deportodos.com.ar\/2023\/wp-json\/wp\/v2\/posts\/2503\/revisions"}],"predecessor-version":[{"id":2504,"href":"https:\/\/deportodos.com.ar\/2023\/wp-json\/wp\/v2\/posts\/2503\/revisions\/2504"}],"wp:featuredmedia":[{"embeddable":true,"href":"https:\/\/deportodos.com.ar\/2023\/wp-json\/wp\/v2\/media\/2508"}],"wp:attachment":[{"href":"https:\/\/deportodos.com.ar\/2023\/wp-json\/wp\/v2\/media?parent=2503"}],"wp:term":[{"taxonomy":"category","embeddable":true,"href":"https:\/\/deportodos.com.ar\/2023\/wp-json\/wp\/v2\/categories?post=2503"},{"taxonomy":"post_tag","embeddable":true,"href":"https:\/\/deportodos.com.ar\/2023\/wp-json\/wp\/v2\/tags?post=2503"}],"curies":[{"name":"wp","href":"https:\/\/api.w.org\/{rel}","templated":true}]}}