{"id":2509,"date":"2024-10-22T00:31:32","date_gmt":"2024-10-22T00:31:32","guid":{"rendered":"https:\/\/deportodos.com.ar\/2023\/?p=2509"},"modified":"2024-10-22T00:31:33","modified_gmt":"2024-10-22T00:31:33","slug":"resultados-de-la-3-edicion-del-maraton-criollo","status":"publish","type":"post","link":"https:\/\/deportodos.com.ar\/2023\/resultados-de-la-3-edicion-del-maraton-criollo\/","title":{"rendered":"RESULTADOS DE LA 3\u00b0 EDICION DEL MARATON CRIOLLO"},"content":{"rendered":"\n<p>Este pasado s\u00e1bado 19 de octubre en la ciudad de la criolla dto concordia&nbsp;&nbsp;capital del arando, se disputo la 3\u00b0 edici\u00f3n del Marat\u00f3n Criollo esta&nbsp;muy linda&nbsp;carrera de calle, que recorri\u00f3 las principales avenida de esta ciudad con una gran participaci\u00f3n de Corredores de la zona.<\/p>\n\n\n\n<p>La carrera fue nocturna ya que se larg\u00f3 a las 19:00 con muy linda temperatura que reinaba para esa\u00a0\u00a0hora,\u00a0 m\u00e1s de doscientos\u00a0\u00a0ruuners\u00a0\u00a0estuvieron bajo el arco de partida y llegada ubicado en\u00a0\u00a0una de las avenidas principales frente a la terminal de \u00f3mnibus.<\/p>\n\n\n\n<p>Una vez culminada la entrega de Kits ,el locutor oficial Lolo Alani llamo a todos los corredores bajo el arco donde el director de deportes Marcelo Godoy le explico el recorrido y el intendente Ariel Stuker le dio la bienvenida a su ciudad, una vez realizado el acto protocolar ,se dio el conteo y se larg\u00f3 la carrera.\u00a0<\/p>\n\n\n\n<p>La carrera tuvo dos distancias los de 5km una vuelta al circuito y los 10km completaron dos vueltas, los primeros en llegar a la meta fueron los atletas de los 5km donde el ganador fue concordiense Juan Saboredo fue el ganador en esta distancia en segundo lugar llego Walter Moreira tambi\u00e9n de concordia y completo el podio Lisandro Frozard de Colon.<\/p>\n\n\n\n<p>En las damas la concordiense Mar\u00eda Luz Ram\u00edrez&nbsp;&nbsp;fue la ganadora en segundo lugar llego otra concordiense Mar\u00eda Isabel Luna y tercera fue la corredora de los charr\u00faas Noelia Zarate.<\/p>\n\n\n\n<p>En la distancia de los 10 km caballeros&nbsp;&nbsp;Luis Barrio desde la misma&nbsp;&nbsp;largada tomo la punta de la carrera para no soltarla m\u00e1s, hasta llegar bajo de la largada,&nbsp;&nbsp;el segundo lugar llego otro conocido concordiense&nbsp;&nbsp;del atletismo de calle como lo es Silvio Altamirano y en tercer lugar llego el experimentado corredor de Chajari,&nbsp;&nbsp;Alcides Poliya Espindola.<\/p>\n\n\n\n<p>En las damas la ganadora fue la atleta de San Salvador Johana Falc\u00f3n quien&nbsp;&nbsp;domino la carrera de punta a punta en segundo lugar la muy buen atleta de San V\u00edctor pero radicada en concordia Rosa Mar\u00eda Monz\u00f3n&nbsp;&nbsp;y en tercer lugar llego Yamila Sanabria de concordia.<\/p>\n\n\n\n<blockquote class=\"wp-block-quote is-layout-flow wp-block-quote-is-layout-flow\">\n<p>www.deportesvillaadela.blogs.com<\/p>\n<\/blockquote>\n\n\n\n<p><br><br><\/p>\n","protected":false},"excerpt":{"rendered":"<p>Este pasado s\u00e1bado 19 de octubre en la ciudad de la criolla dto concordia&nbsp;&nbsp;capital del&#8230;<\/p>\n","protected":false},"author":2,"featured_media":2510,"comment_status":"open","ping_status":"open","sticky":false,"template":"","format":"standard","meta":{"footnotes":""},"categories":[5],"tags":[],"class_list":["post-2509","post","type-post","status-publish","format-standard","has-post-thumbnail","hentry","category-atletismo"],"featured_image_urls":{"full":["https:\/\/deportodos.com.ar\/2023\/wp-content\/uploads\/2024\/10\/IMG-20241021-WA0056.jpg",830,550,false],"thumbnail":["https:\/\/deportodos.com.ar\/2023\/wp-content\/uploads\/2024\/10\/IMG-20241021-WA0056-150x150.jpg",150,150,true],"medium":["https:\/\/deportodos.com.ar\/2023\/wp-content\/uploads\/2024\/10\/IMG-20241021-WA0056-300x199.jpg",300,199,true],"medium_large":["https:\/\/deportodos.com.ar\/2023\/wp-content\/uploads\/2024\/10\/IMG-20241021-WA0056-768x509.jpg",640,424,true],"large":["https:\/\/deportodos.com.ar\/2023\/wp-content\/uploads\/2024\/10\/IMG-20241021-WA0056.jpg",640,424,false],"1536x1536":["https:\/\/deportodos.com.ar\/2023\/wp-content\/uploads\/2024\/10\/IMG-20241021-WA0056.jpg",830,550,false],"2048x2048":["https:\/\/deportodos.com.ar\/2023\/wp-content\/uploads\/2024\/10\/IMG-20241021-WA0056.jpg",830,550,false],"covernews-featured":["https:\/\/deportodos.com.ar\/2023\/wp-content\/uploads\/2024\/10\/IMG-20241021-WA0056.jpg",830,550,false],"covernews-medium":["https:\/\/deportodos.com.ar\/2023\/wp-content\/uploads\/2024\/10\/IMG-20241021-WA0056-540x340.jpg",540,340,true]},"author_info":{"display_name":"c2530142","author_link":"https:\/\/deportodos.com.ar\/2023\/author\/c2530142\/"},"category_info":"<a href=\"https:\/\/deportodos.com.ar\/2023\/category\/atletismo\/\" rel=\"category tag\">Atletismo<\/a>","tag_info":"Atletismo","comment_count":"0","_links":{"self":[{"href":"https:\/\/deportodos.com.ar\/2023\/wp-json\/wp\/v2\/posts\/2509","targetHints":{"allow":["GET"]}}],"collection":[{"href":"https:\/\/deportodos.com.ar\/2023\/wp-json\/wp\/v2\/posts"}],"about":[{"href":"https:\/\/deportodos.com.ar\/2023\/wp-json\/wp\/v2\/types\/post"}],"author":[{"embeddable":true,"href":"https:\/\/deportodos.com.ar\/2023\/wp-json\/wp\/v2\/users\/2"}],"replies":[{"embeddable":true,"href":"https:\/\/deportodos.com.ar\/2023\/wp-json\/wp\/v2\/comments?post=2509"}],"version-history":[{"count":1,"href":"https:\/\/deportodos.com.ar\/2023\/wp-json\/wp\/v2\/posts\/2509\/revisions"}],"predecessor-version":[{"id":2511,"href":"https:\/\/deportodos.com.ar\/2023\/wp-json\/wp\/v2\/posts\/2509\/revisions\/2511"}],"wp:featuredmedia":[{"embeddable":true,"href":"https:\/\/deportodos.com.ar\/2023\/wp-json\/wp\/v2\/media\/2510"}],"wp:attachment":[{"href":"https:\/\/deportodos.com.ar\/2023\/wp-json\/wp\/v2\/media?parent=2509"}],"wp:term":[{"taxonomy":"category","embeddable":true,"href":"https:\/\/deportodos.com.ar\/2023\/wp-json\/wp\/v2\/categories?post=2509"},{"taxonomy":"post_tag","embeddable":true,"href":"https:\/\/deportodos.com.ar\/2023\/wp-json\/wp\/v2\/tags?post=2509"}],"curies":[{"name":"wp","href":"https:\/\/api.w.org\/{rel}","templated":true}]}}