{"id":2541,"date":"2024-10-25T11:32:03","date_gmt":"2024-10-25T11:32:03","guid":{"rendered":"https:\/\/deportodos.com.ar\/2023\/?p=2541"},"modified":"2024-10-25T11:32:04","modified_gmt":"2024-10-25T11:32:04","slug":"este-sabado-la-maquinita-alvarez-peleara-por-el-titulo-sudamericano","status":"publish","type":"post","link":"https:\/\/deportodos.com.ar\/2023\/este-sabado-la-maquinita-alvarez-peleara-por-el-titulo-sudamericano\/","title":{"rendered":"ESTE S\u00c1BADO \u00abLA MAQUINITA\u00bb ALVAREZ PELEAR\u00c1 POR EL T\u00cdTULO SUDAMERICANO"},"content":{"rendered":"\n<p>La oriunda de Los Charr\u00faas se enfrentar\u00e1 a la actual Campeona Sudamericana.<\/p>\n\n\n\n<p>\u00c9rica \u201cLa Maquinita\u201d \u00c1lvarez enfrentar\u00e1 a la bonaerense de Jun\u00edn Anah\u00ed \u201cLa Indiecita\u201d S\u00e1nchez, actual campeona sudamericana y 4 veces campeona mundial. \u00c9rica pelea por el t\u00edtulo sudamericano s\u00faper ligero 63:500.<\/p>\n\n\n\n<p>Cabe se\u00f1alar, que \u201cLa Maquinita\u201d baja la categor\u00eda de welter a s\u00faper ligero para pelear por otro t\u00edtulo sudamericano con una boxeadora de la promotora y en la Federaci\u00f3n Argentina de Boxeo en Buenos Aires. La pelea ser\u00e1 televisada por TyC Sport.<\/p>\n\n\n\n<blockquote class=\"wp-block-quote is-layout-flow wp-block-quote-is-layout-flow\">\n<p>www.diaroriouruguay.com.ar<\/p>\n<\/blockquote>\n","protected":false},"excerpt":{"rendered":"<p>La oriunda de Los Charr\u00faas se enfrentar\u00e1 a la actual Campeona Sudamericana. \u00c9rica \u201cLa Maquinita\u201d&#8230;<\/p>\n","protected":false},"author":2,"featured_media":2542,"comment_status":"open","ping_status":"open","sticky":false,"template":"","format":"standard","meta":{"footnotes":""},"categories":[13],"tags":[],"class_list":["post-2541","post","type-post","status-publish","format-standard","has-post-thumbnail","hentry","category-boxeo"],"featured_image_urls":{"full":["https:\/\/deportodos.com.ar\/2023\/wp-content\/uploads\/2024\/10\/r_1729806892.jpg",768,512,false],"thumbnail":["https:\/\/deportodos.com.ar\/2023\/wp-content\/uploads\/2024\/10\/r_1729806892-150x150.jpg",150,150,true],"medium":["https:\/\/deportodos.com.ar\/2023\/wp-content\/uploads\/2024\/10\/r_1729806892-300x200.jpg",300,200,true],"medium_large":["https:\/\/deportodos.com.ar\/2023\/wp-content\/uploads\/2024\/10\/r_1729806892.jpg",640,427,false],"large":["https:\/\/deportodos.com.ar\/2023\/wp-content\/uploads\/2024\/10\/r_1729806892.jpg",640,427,false],"1536x1536":["https:\/\/deportodos.com.ar\/2023\/wp-content\/uploads\/2024\/10\/r_1729806892.jpg",768,512,false],"2048x2048":["https:\/\/deportodos.com.ar\/2023\/wp-content\/uploads\/2024\/10\/r_1729806892.jpg",768,512,false],"covernews-featured":["https:\/\/deportodos.com.ar\/2023\/wp-content\/uploads\/2024\/10\/r_1729806892.jpg",768,512,false],"covernews-medium":["https:\/\/deportodos.com.ar\/2023\/wp-content\/uploads\/2024\/10\/r_1729806892-540x340.jpg",540,340,true]},"author_info":{"display_name":"c2530142","author_link":"https:\/\/deportodos.com.ar\/2023\/author\/c2530142\/"},"category_info":"<a href=\"https:\/\/deportodos.com.ar\/2023\/category\/boxeo\/\" rel=\"category tag\">Boxeo<\/a>","tag_info":"Boxeo","comment_count":"0","_links":{"self":[{"href":"https:\/\/deportodos.com.ar\/2023\/wp-json\/wp\/v2\/posts\/2541","targetHints":{"allow":["GET"]}}],"collection":[{"href":"https:\/\/deportodos.com.ar\/2023\/wp-json\/wp\/v2\/posts"}],"about":[{"href":"https:\/\/deportodos.com.ar\/2023\/wp-json\/wp\/v2\/types\/post"}],"author":[{"embeddable":true,"href":"https:\/\/deportodos.com.ar\/2023\/wp-json\/wp\/v2\/users\/2"}],"replies":[{"embeddable":true,"href":"https:\/\/deportodos.com.ar\/2023\/wp-json\/wp\/v2\/comments?post=2541"}],"version-history":[{"count":1,"href":"https:\/\/deportodos.com.ar\/2023\/wp-json\/wp\/v2\/posts\/2541\/revisions"}],"predecessor-version":[{"id":2543,"href":"https:\/\/deportodos.com.ar\/2023\/wp-json\/wp\/v2\/posts\/2541\/revisions\/2543"}],"wp:featuredmedia":[{"embeddable":true,"href":"https:\/\/deportodos.com.ar\/2023\/wp-json\/wp\/v2\/media\/2542"}],"wp:attachment":[{"href":"https:\/\/deportodos.com.ar\/2023\/wp-json\/wp\/v2\/media?parent=2541"}],"wp:term":[{"taxonomy":"category","embeddable":true,"href":"https:\/\/deportodos.com.ar\/2023\/wp-json\/wp\/v2\/categories?post=2541"},{"taxonomy":"post_tag","embeddable":true,"href":"https:\/\/deportodos.com.ar\/2023\/wp-json\/wp\/v2\/tags?post=2541"}],"curies":[{"name":"wp","href":"https:\/\/api.w.org\/{rel}","templated":true}]}}