{"id":2548,"date":"2024-10-28T00:41:28","date_gmt":"2024-10-28T00:41:28","guid":{"rendered":"https:\/\/deportodos.com.ar\/2023\/?p=2548"},"modified":"2024-10-28T00:41:28","modified_gmt":"2024-10-28T00:41:28","slug":"se-disputo-el-gran-premio-pescaderia-concordia-en-el-ciclismo-de-ruta","status":"publish","type":"post","link":"https:\/\/deportodos.com.ar\/2023\/se-disputo-el-gran-premio-pescaderia-concordia-en-el-ciclismo-de-ruta\/","title":{"rendered":"SE DISPUT\u00d3 EL GRAN PREMIO PESCADERIA CONCORDIA EN EL CICLISMO DE RUTA"},"content":{"rendered":"\n<p>Gran jornada de ciclismo se vivi\u00f3 en el aut\u00f3dromo de la ciudad de concordia, el d\u00eda s\u00e1bado se realiz\u00f3 el homenaje al dirigente deportivo \u201cNegro Mani Fern\u00e1ndez\u201d, y el d\u00eda domingo se disput\u00f3 el GRAN PREMIO PESCADERIA CONCORDIA, en su 9na edici\u00f3n. Estuvieron presentes pedalistas de las provincias de Buenos Aires, Formosa, Santa Fe, C\u00f3rdoba, Corrientes, Misiones, de todo Entre R\u00edos y del pa\u00eds vecino Uruguay. Con gran concurrencia en todas las categor\u00edas con casi 500 ciclistas sumando ambos d\u00edas. Pero el gran destaque del evento fue la calidad y nivel deportivo de los corredores presentes, muchos equipos que est\u00e1n conformados por ciclistas que fueron campeones del mundo, integrantes de la selecci\u00f3n argentina, como tambi\u00e9n panamericanos y campeones argentinos, y ganadores de la tradicional Doble Bragado. Lo que ubica al GRAN PREMIO PESCADERIA CONCORDIA como la mejor carrera de ciclismo de ruta del litoral argentino.<\/p>\n\n\n\n<p>El pedalista Hugo Vel\u00e1zquez de la ciudad de San Nicol\u00e1s fue el protagonista del fin de semana qued\u00e1ndose con el primer lugar ambos d\u00edas en la categor\u00eda elite, de manera impecable sobre Ra\u00fal Turano, en dos llegadas del pelot\u00f3n al sprint que hicieron emocionar a todos los espectadores presentes. El evento organizado por Marcelo Ben\u00edtez, el Club social y deportivo Temperley y la municipalidad de Concordia, fiscalizada por la Asociaci\u00f3n de ciclismo de la costa del rio Uruguay Y la Facpyr (Federaci\u00f3n Argentina de ciclismo de pista y ruta).<\/p>\n\n\n\n<p><strong>CLASIFICACION COMPETENCIA DIA SABADO 26 DE OCTUBRE OMENAJE \u201cNEGRO MANI\u201d<\/strong><\/p>\n\n\n\n<p><strong>CATEGORIA ELITE SUB 23 MASTE \u201cA\u201d<\/strong><\/p>\n\n\n\n<p>1\u00b0 Hugo, Vel\u00e1zquez (San Nicol\u00e1s)<\/p>\n\n\n\n<p>2\u00b0 Ra\u00fal Turano (Facturer\u00eda El Pato) Bs As.<\/p>\n\n\n\n<p>3\u00b0 Franco Buchanan (Facturer\u00eda El Pato) Bs As.<\/p>\n\n\n\n<p>4\u00b0 Fernando, Antogna (Facturer\u00eda El Pato) Bs As.<\/p>\n\n\n\n<p>5\u00b0 Nicol\u00e1s Almada (Armonia Cycles) Corrientes<\/p>\n\n\n\n<p>6\u00b0 Gonzalo, B\u00e1ez (Municipalidad de Pehuajo)<\/p>\n\n\n\n<p>7\u00b0 Brian, Vales (Facturer\u00eda El Pato) Bs As.<\/p>\n\n\n\n<p>8\u00b0 Maximiliano, Cornejo (Facturer\u00eda El Pato) Bs As.<\/p>\n\n\n\n<p><strong>Categor\u00eda Junio<\/strong><\/p>\n\n\n\n<p>1\u00b0 Nicol\u00e1s Almada (Armonia Cycles, Corrientes)<\/p>\n\n\n\n<p>2\u00b0 Felipe, Turano (Facturer\u00eda El Pato) Bs As.<\/p>\n\n\n\n<p>3\u00b0 Lautaro, Ferreira (Club Libertad) Salto<\/p>\n\n\n\n<p>4\u00b0 Rom\u00e1n, Gim\u00e9nez (Municipalidad de Pehuajo)<\/p>\n\n\n\n<p>5\u00b0 Valent\u00edn Castro (Concordia)<\/p>\n\n\n\n<p><strong>Categor\u00eda Promocionales<\/strong><\/p>\n\n\n\n<p>1\u00b0 Maximiliano, Romanutti (Panara)<\/p>\n\n\n\n<p>2\u00b0 Yamir, Niz (concordia)<\/p>\n\n\n\n<p>3\u00b0 Santago, Rouva (Formosa)<\/p>\n\n\n\n<p>4\u00b0 Kevin, Niz (Concordia)<\/p>\n\n\n\n<p>5\u00b0 Mat\u00edas, Guerrero (Fotmosa)<\/p>\n\n\n\n<p>6\u00b0 Gaston, Ramos (Concordia)<\/p>\n\n\n\n<p>7\u00b0 Agust\u00edn, Benedetto (Concordia)<\/p>\n\n\n\n<p><strong>Categor\u00eda Damas<\/strong><\/p>\n\n\n\n<p>1\u00b0 Jennifer, Francone (C\u00f3rdoba)<\/p>\n\n\n\n<p>2\u00b0 Macarena, Cecco(Santa Fe)<\/p>\n\n\n\n<p>3\u00b0 Sonia, Ferrara (Goya Corrientes)<\/p>\n\n\n\n<p>4\u00b0 Alejandra, Valori (San Nicol\u00e1s)<\/p>\n\n\n\n<p>5\u00b0 Nadia, Leyes (San Salvador)<\/p>\n\n\n\n<p>6\u00b0 Carolina, Rojo (Santa Fe)<\/p>\n\n\n\n<p>7\u00b0 Mar\u00eda Claudia, MIchelli (Paran\u00e1)<\/p>\n\n\n\n<p><strong>Categor\u00eda damas Mayores<\/strong><\/p>\n\n\n\n<p>1\u00b0 Sonia, Ferrara (Corrientes)<\/p>\n\n\n\n<p>2\u00b0 Carolina, Rojo (Santa Fe)<\/p>\n\n\n\n<p>3\u00b0 Michelli, Victoria (Paran\u00e1)<\/p>\n\n\n\n<p>4\u00b0 Natalia, Curicicht (Paran\u00e1)<\/p>\n\n\n\n<p>5\u00b0 Silvana, Fher (Paran\u00e1)<\/p>\n\n\n\n<p><strong>Categor\u00eda Master \u201cD y E\u201d<\/strong><\/p>\n\n\n\n<p>1\u00b0Mario Giuliano (Santa Fe)<\/p>\n\n\n\n<p>2\u00b0Jorge, Cogliatti (Rosario)<\/p>\n\n\n\n<p>3\u00b0Oscar, Pergoleci (Santa Fe)<\/p>\n\n\n\n<p>4\u00b0Rub\u00e9n Campopiano (Uruguay)<\/p>\n\n\n\n<p>5\u00b0Miguel Machi (Buenos Aires)<\/p>\n\n\n\n<p><strong>Categor\u00eda Master \u201cE\u201d<\/strong><\/p>\n\n\n\n<p>1\u00b0Miguel Machi (Buenos Aire)<\/p>\n\n\n\n<p>2\u00b0Jos\u00e9, S\u00e1nchez (concordia)<\/p>\n\n\n\n<p>3\u00b0Daniel, Ben\u00edtez (Concepci\u00f3n del Uruguay)<\/p>\n\n\n\n<p><strong>Categor\u00eda Master \u201cA2 y B\u201d<\/strong><\/p>\n\n\n\n<p>1\u00b0Diego, Tamame (Buenos Aires)<\/p>\n\n\n\n<p>2\u00b0Dami\u00e1n, Molinari (Buenos Aires)<\/p>\n\n\n\n<p>3\u00b0Dario Pagliarisi (Buenos Aires)<\/p>\n\n\n\n<p>4\u00b0Federico Savio, (Concordia)<\/p>\n\n\n\n<p>5\u00b0Nestor Fagundez (Uruguay)<\/p>\n\n\n\n<p>6\u00b0Mariano Maron (chivilcoy)<\/p>\n\n\n\n<p><strong>Categor\u00eda Master \u201cC\u201d<\/strong><\/p>\n\n\n\n<p>1\u00b0Dario, Pagliarisi (Buenos Aires)<\/p>\n\n\n\n<p>2\u00b0Mauricio, Petruchelli (Buenos Aires)<\/p>\n\n\n\n<p>3\u00b0Diego, Gorositto (Buenos Aires)<\/p>\n\n\n\n<p>4\u00b0Martin, Di Rico (Buenos Aires)<\/p>\n\n\n\n<p>5\u00b0Diego, Bierschual (Crespo)<\/p>\n\n\n\n<p>6\u00b0Mario, P\u00e9rez (Uruguay)<\/p>\n\n\n\n<p><strong>CLASIFICACION COMPETENCIA DIA DOMINGO 27 DE OCTUBRE GRAN PREMIO \u201cPESCADERIA CONCORDIA\u201d<\/strong><\/p>\n\n\n\n<p><strong>CATEGORIA ELITE SUB 23 MASTE \u201cA\u201d<\/strong><\/p>\n\n\n\n<p>1\u00b0 Hugo, Vel\u00e1zquez (San Nicol\u00e1s)<\/p>\n\n\n\n<p>2\u00b0 Ra\u00fal Turano (Facturer\u00eda El Pato) Bs As.<\/p>\n\n\n\n<p>3\u00b0 Roman, Mastrangelo (Chivicoy)<\/p>\n\n\n\n<p>4\u00b0 Fernando, Antogna (Facturer\u00eda El Pato) Bs As.<\/p>\n\n\n\n<p>5\u00b0 Gonzalo, B\u00e1ez (Municipalidad de Pehuaj\u00f3)<\/p>\n\n\n\n<p>6\u00b0 Rober, Racedo (Salto Uruguay)<\/p>\n\n\n\n<p>7\u00b0 Francisco, Violaz (Armonia Cycles) Gualeguaych\u00fa<\/p>\n\n\n\n<p><strong>Categor\u00eda Junior<\/strong><\/p>\n\n\n\n<p>1\u00b0 Felipe, Turano (Facturer\u00eda El Pato) Bs As.<\/p>\n\n\n\n<p>2\u00b0 Rom\u00e1n, Gim\u00e9nez (Municipalidad de Pehuaj\u00f3)<\/p>\n\n\n\n<p>3\u00b0 Nicol\u00e1s, Almada (Corrientes)<\/p>\n\n\n\n<p>4\u00b0 Valent\u00edn Castro (Concordia)<\/p>\n\n\n\n<p>5\u00b0 Lautaro, Ferreira (Salto Uruguay)<\/p>\n\n\n\n<p>6\u00b0 Sebasti\u00e1n Mesa (Conocordia)<\/p>\n\n\n\n<p><strong>Categor\u00eda Promocionales<\/strong><\/p>\n\n\n\n<p>1\u00b0 Ariel, vega (Formosa)<\/p>\n\n\n\n<p>2\u00b0Juan, Morales (Bs. As)<\/p>\n\n\n\n<p>3\u00b0 Maximiliano, Romanutti (Paran\u00e1)<\/p>\n\n\n\n<p>4\u00b0 Juan Jos\u00e9, Moreira (Paran\u00e1)<\/p>\n\n\n\n<p>5\u00b0 Santiago, Romuva (Formosa)<\/p>\n\n\n\n<p><strong>Categor\u00eda Damas<\/strong><\/p>\n\n\n\n<p>1\u00b0 Paola, Silva (Paysand\u00fa)<\/p>\n\n\n\n<p>2\u00b0 Jennifer, Francone (C\u00f3rdoba)<\/p>\n\n\n\n<p>3\u00b0 Sonia, Ferrara (Goya Corrientes)<\/p>\n\n\n\n<p>4\u00b0 Cintia, Satriano (Chivicoy)<\/p>\n\n\n\n<p>5\u00b0 Alejandra, Valori (San Nicol\u00e1s)<\/p>\n\n\n\n<p>6\u00b0\u00b0 Nadia, Leyes (San Salvador)<\/p>\n\n\n\n<p>7\u00b0 Mar\u00eda Claudia, MIchelli (Paran\u00e1)<\/p>\n\n\n\n<p><strong>Categor\u00eda Master \u201cD y E\u201d<\/strong><\/p>\n\n\n\n<p>1\u00b0Carlos, Sacconi (Nogoya)<\/p>\n\n\n\n<p>2\u00b0Jorge, Cogliatti (Rosario)<\/p>\n\n\n\n<p>3\u00b0Norberto, Guti\u00e9rrez (C\u00f3rdoba)<\/p>\n\n\n\n<p>4\u00b0 Miguel Machi (Buenos Aires)<\/p>\n\n\n\n<p>5\u00b0Raul, Zapetini (Gualeguay)<\/p>\n\n\n\n<p>6\u00b0 Raul, Areco (Monte Casero)<\/p>\n\n\n\n<p>7\u00b0Anibal, Ruiz (Formosa)<\/p>\n\n\n\n<p><strong>Categor\u00eda Master \u201cE\u201d<\/strong><\/p>\n\n\n\n<p>1\u00b0Miguel Machi (Buenos Aire)<\/p>\n\n\n\n<p>2\u00b0Jos\u00e9, S\u00e1nchez (concordia)<\/p>\n\n\n\n<p>3\u00b0Jose Mar\u00eda, Mart\u00ednez (Concordia)<\/p>\n\n\n\n<p><strong>Categor\u00eda Master \u201cA2 y B\u201d<\/strong><\/p>\n\n\n\n<p>1\u00b0Martin, Perez (Salto Bs As.)<\/p>\n\n\n\n<p>2\u00b0Sergio, Gomez (Arrecides Bs As.)<\/p>\n\n\n\n<p>3\u00b0 Federico Savio, (Concordia)<\/p>\n\n\n\n<p>4\u00b0Molinari, Lucas (Arrecifes Bs As.)<\/p>\n\n\n\n<p>5\u00b0 Dario Pagliarisi (Buenos Aires)<\/p>\n\n\n\n<p>6\u00b0Mariano Mar\u00f3n (chivilcoy)<\/p>\n\n\n\n<p><strong>Categor\u00eda Master \u201cC\u201d<\/strong><\/p>\n\n\n\n<p>1\u00b0Nestor, Varela (Arrecifes Bs As)<\/p>\n\n\n\n<p>2\u00b0Pablo, Draskovich (San Nicol\u00e1s)<\/p>\n\n\n\n<p>3\u00b0Ruben, Mallada (Bs As)<\/p>\n\n\n\n<p>4\u00b0Jorge, Perez (Trinidad Uruguay)<\/p>\n\n\n\n<p>5\u00b0Martin, Di Rico (Rosario)<\/p>\n","protected":false},"excerpt":{"rendered":"<p>Gran jornada de ciclismo se vivi\u00f3 en el aut\u00f3dromo de la ciudad de concordia, el&#8230;<\/p>\n","protected":false},"author":2,"featured_media":2549,"comment_status":"open","ping_status":"open","sticky":false,"template":"","format":"standard","meta":{"footnotes":""},"categories":[16],"tags":[],"class_list":["post-2548","post","type-post","status-publish","format-standard","has-post-thumbnail","hentry","category-ciclismo"],"featured_image_urls":{"full":["https:\/\/deportodos.com.ar\/2023\/wp-content\/uploads\/2024\/10\/IMG-20241027-WA0078.jpg",1600,898,false],"thumbnail":["https:\/\/deportodos.com.ar\/2023\/wp-content\/uploads\/2024\/10\/IMG-20241027-WA0078-150x150.jpg",150,150,true],"medium":["https:\/\/deportodos.com.ar\/2023\/wp-content\/uploads\/2024\/10\/IMG-20241027-WA0078-300x168.jpg",300,168,true],"medium_large":["https:\/\/deportodos.com.ar\/2023\/wp-content\/uploads\/2024\/10\/IMG-20241027-WA0078-768x431.jpg",640,359,true],"large":["https:\/\/deportodos.com.ar\/2023\/wp-content\/uploads\/2024\/10\/IMG-20241027-WA0078-1024x575.jpg",640,359,true],"1536x1536":["https:\/\/deportodos.com.ar\/2023\/wp-content\/uploads\/2024\/10\/IMG-20241027-WA0078-1536x862.jpg",1536,862,true],"2048x2048":["https:\/\/deportodos.com.ar\/2023\/wp-content\/uploads\/2024\/10\/IMG-20241027-WA0078.jpg",1600,898,false],"covernews-featured":["https:\/\/deportodos.com.ar\/2023\/wp-content\/uploads\/2024\/10\/IMG-20241027-WA0078-1024x575.jpg",1024,575,true],"covernews-medium":["https:\/\/deportodos.com.ar\/2023\/wp-content\/uploads\/2024\/10\/IMG-20241027-WA0078-540x340.jpg",540,340,true]},"author_info":{"display_name":"c2530142","author_link":"https:\/\/deportodos.com.ar\/2023\/author\/c2530142\/"},"category_info":"<a href=\"https:\/\/deportodos.com.ar\/2023\/category\/ciclismo\/\" rel=\"category tag\">Ciclismo<\/a>","tag_info":"Ciclismo","comment_count":"0","_links":{"self":[{"href":"https:\/\/deportodos.com.ar\/2023\/wp-json\/wp\/v2\/posts\/2548","targetHints":{"allow":["GET"]}}],"collection":[{"href":"https:\/\/deportodos.com.ar\/2023\/wp-json\/wp\/v2\/posts"}],"about":[{"href":"https:\/\/deportodos.com.ar\/2023\/wp-json\/wp\/v2\/types\/post"}],"author":[{"embeddable":true,"href":"https:\/\/deportodos.com.ar\/2023\/wp-json\/wp\/v2\/users\/2"}],"replies":[{"embeddable":true,"href":"https:\/\/deportodos.com.ar\/2023\/wp-json\/wp\/v2\/comments?post=2548"}],"version-history":[{"count":1,"href":"https:\/\/deportodos.com.ar\/2023\/wp-json\/wp\/v2\/posts\/2548\/revisions"}],"predecessor-version":[{"id":2550,"href":"https:\/\/deportodos.com.ar\/2023\/wp-json\/wp\/v2\/posts\/2548\/revisions\/2550"}],"wp:featuredmedia":[{"embeddable":true,"href":"https:\/\/deportodos.com.ar\/2023\/wp-json\/wp\/v2\/media\/2549"}],"wp:attachment":[{"href":"https:\/\/deportodos.com.ar\/2023\/wp-json\/wp\/v2\/media?parent=2548"}],"wp:term":[{"taxonomy":"category","embeddable":true,"href":"https:\/\/deportodos.com.ar\/2023\/wp-json\/wp\/v2\/categories?post=2548"},{"taxonomy":"post_tag","embeddable":true,"href":"https:\/\/deportodos.com.ar\/2023\/wp-json\/wp\/v2\/tags?post=2548"}],"curies":[{"name":"wp","href":"https:\/\/api.w.org\/{rel}","templated":true}]}}