{"id":2551,"date":"2024-10-28T01:48:32","date_gmt":"2024-10-28T01:48:32","guid":{"rendered":"https:\/\/deportodos.com.ar\/2023\/?p=2551"},"modified":"2024-10-28T01:48:56","modified_gmt":"2024-10-28T01:48:56","slug":"en-chajari-se-definio-el-campeonato-de-duatlon-de-la-costa-rio-uruguay","status":"publish","type":"post","link":"https:\/\/deportodos.com.ar\/2023\/en-chajari-se-definio-el-campeonato-de-duatlon-de-la-costa-rio-uruguay\/","title":{"rendered":"EN CHAJAR\u00cd SE DEFINI\u00d3 EL CAMPEONATO DE DUATL\u00d3N DE LA COSTA R\u00cdO URUGUAY"},"content":{"rendered":"\n<p>Este domingo se vivi\u00f3 un desenlace vibrante en la ciudad de Chajar\u00ed, donde Alejandro Ricagno, con toda su experiencia, logr\u00f3 imponerse en la \u00faltima carrera de la temporada del Duatl\u00f3n Jeep y se coron\u00f3 campe\u00f3n del 2024. La competencia, organizada por la Asociaci\u00f3n Concordiense de Pruebas Combinadas, reuni\u00f3 a los mejores atletas del circuito provincial, quienes compitieron en un final de alto voltaje que mantuvo en suspenso a los espectadores.<\/p>\n\n\n\n<p>La s\u00e9ptima fecha de este certamen tuvo un atractivo especial, pues todos los ojos estaban puestos en la definici\u00f3n del campeonato masculino, con un emocionante duelo entre el joven Eduardo Peliquero y el experimentado Ricagno. Desde el inicio de la prueba, la punta estuvo dominada por un destacado grupo de duatletas: adem\u00e1s de Ricagno y Peliquero, Faustino Marzo, Carlos Cardona y Marino Villalba lideraron el primer tramo. Villalba fue quien primero lleg\u00f3 al parque cerrado en busca de su bicicleta, mostrando un arranque s\u00f3lido.<\/p>\n\n\n\n<p>Sin embargo, en la etapa de ciclismo, Ricagno comenz\u00f3 a marcar su ventaja. Antes de finalizar la primera vuelta, ya se encontraba liderando la prueba con una diferencia de 48 segundos sobre Peliquero. En la \u00faltima parte de pedestrismo, Ricagno continu\u00f3 ampliando su ventaja, logrando un tiempo final que le dio una victoria con un minuto y tres segundos de diferencia sobre Peliquero, asegurando as\u00ed el t\u00edtulo por m\u00e1s de los 37 segundos requeridos para coronarse campe\u00f3n.<\/p>\n\n\n\n<p>El podio masculino qued\u00f3 configurado con Alejandro Ricagno en el primer puesto, Eduardo Peliquero en el segundo, Faustino Marzo en el tercero y Carlos Cardona en el cuarto.<\/p>\n\n\n\n<p>En la categor\u00eda femenina, Judiht Marcilli, oriunda de Chajar\u00ed, fue la ganadora de la \u00faltima carrera. Sin embargo, Karen Zagurski de Concepci\u00f3n del Uruguay, quien obtuvo el segundo lugar en la competencia, acumul\u00f3 los puntos necesarios para quedarse con el campeonato de la temporada. Ana Bel\u00e9n Brunini complet\u00f3 el podio en el tercer puesto.<\/p>\n\n\n\n<p>En cuanto a la clasificaci\u00f3n general del campeonato de damas, Karen Zagurski se coron\u00f3 campeona, seguida por Mariana Mussio de Uruguay en el segundo puesto y Daniela Gross de Concordia en el tercero.<\/p>\n\n\n\n<p>La jornada culmin\u00f3 con un almuerzo de camarader\u00eda, en el que se entregaron los premios y se realizaron sorteos, cerrando as\u00ed una temporada memorable del Duatl\u00f3n Jeep 2024, que deja una huella en la historia del deporte provincial.<\/p>\n\n\n\n<blockquote class=\"wp-block-quote is-layout-flow wp-block-quote-is-layout-flow\">\n<p>www.7paginas.com.ar<\/p>\n<\/blockquote>\n","protected":false},"excerpt":{"rendered":"<p>Este domingo se vivi\u00f3 un desenlace vibrante en la ciudad de Chajar\u00ed, donde Alejandro Ricagno,&#8230;<\/p>\n","protected":false},"author":2,"featured_media":2552,"comment_status":"open","ping_status":"open","sticky":false,"template":"","format":"standard","meta":{"footnotes":""},"categories":[16],"tags":[],"class_list":["post-2551","post","type-post","status-publish","format-standard","has-post-thumbnail","hentry","category-ciclismo"],"featured_image_urls":{"full":["https:\/\/deportodos.com.ar\/2023\/wp-content\/uploads\/2024\/10\/11.jpg",310,220,false],"thumbnail":["https:\/\/deportodos.com.ar\/2023\/wp-content\/uploads\/2024\/10\/11-150x150.jpg",150,150,true],"medium":["https:\/\/deportodos.com.ar\/2023\/wp-content\/uploads\/2024\/10\/11-300x213.jpg",300,213,true],"medium_large":["https:\/\/deportodos.com.ar\/2023\/wp-content\/uploads\/2024\/10\/11.jpg",310,220,false],"large":["https:\/\/deportodos.com.ar\/2023\/wp-content\/uploads\/2024\/10\/11.jpg",310,220,false],"1536x1536":["https:\/\/deportodos.com.ar\/2023\/wp-content\/uploads\/2024\/10\/11.jpg",310,220,false],"2048x2048":["https:\/\/deportodos.com.ar\/2023\/wp-content\/uploads\/2024\/10\/11.jpg",310,220,false],"covernews-featured":["https:\/\/deportodos.com.ar\/2023\/wp-content\/uploads\/2024\/10\/11.jpg",310,220,false],"covernews-medium":["https:\/\/deportodos.com.ar\/2023\/wp-content\/uploads\/2024\/10\/11.jpg",310,220,false]},"author_info":{"display_name":"c2530142","author_link":"https:\/\/deportodos.com.ar\/2023\/author\/c2530142\/"},"category_info":"<a href=\"https:\/\/deportodos.com.ar\/2023\/category\/ciclismo\/\" rel=\"category tag\">Ciclismo<\/a>","tag_info":"Ciclismo","comment_count":"0","_links":{"self":[{"href":"https:\/\/deportodos.com.ar\/2023\/wp-json\/wp\/v2\/posts\/2551","targetHints":{"allow":["GET"]}}],"collection":[{"href":"https:\/\/deportodos.com.ar\/2023\/wp-json\/wp\/v2\/posts"}],"about":[{"href":"https:\/\/deportodos.com.ar\/2023\/wp-json\/wp\/v2\/types\/post"}],"author":[{"embeddable":true,"href":"https:\/\/deportodos.com.ar\/2023\/wp-json\/wp\/v2\/users\/2"}],"replies":[{"embeddable":true,"href":"https:\/\/deportodos.com.ar\/2023\/wp-json\/wp\/v2\/comments?post=2551"}],"version-history":[{"count":2,"href":"https:\/\/deportodos.com.ar\/2023\/wp-json\/wp\/v2\/posts\/2551\/revisions"}],"predecessor-version":[{"id":2554,"href":"https:\/\/deportodos.com.ar\/2023\/wp-json\/wp\/v2\/posts\/2551\/revisions\/2554"}],"wp:featuredmedia":[{"embeddable":true,"href":"https:\/\/deportodos.com.ar\/2023\/wp-json\/wp\/v2\/media\/2552"}],"wp:attachment":[{"href":"https:\/\/deportodos.com.ar\/2023\/wp-json\/wp\/v2\/media?parent=2551"}],"wp:term":[{"taxonomy":"category","embeddable":true,"href":"https:\/\/deportodos.com.ar\/2023\/wp-json\/wp\/v2\/categories?post=2551"},{"taxonomy":"post_tag","embeddable":true,"href":"https:\/\/deportodos.com.ar\/2023\/wp-json\/wp\/v2\/tags?post=2551"}],"curies":[{"name":"wp","href":"https:\/\/api.w.org\/{rel}","templated":true}]}}