{"id":2574,"date":"2024-10-31T20:42:58","date_gmt":"2024-10-31T20:42:58","guid":{"rendered":"https:\/\/deportodos.com.ar\/2023\/?p=2574"},"modified":"2024-10-31T20:42:59","modified_gmt":"2024-10-31T20:42:59","slug":"la-etapa-definitoria-comienza-en-concordia","status":"publish","type":"post","link":"https:\/\/deportodos.com.ar\/2023\/la-etapa-definitoria-comienza-en-concordia\/","title":{"rendered":"LA ETAPA DEFINITORIA COMIENZA EN CONCORDIA"},"content":{"rendered":"\n<p><strong>Este fin de semana, el Campeonato Entrerriano de Karting llevar\u00e1 a cabo su ante\u00faltimo evento anual en la \u201ccapital del citrus\u201d, escenario que supo albergar la apertura de temporada. Habr\u00e1 doble jornada para la 150cc Mayores \u201cC\u201d y podr\u00edamos tener campeones anticipados.<\/strong><\/p>\n\n\n\n<p>Luego del largo per\u00edodo de 35 d\u00edas de inactividad, el campeonato provincial de karting vuelve al ruedo con un evento clave, el pre coronaci\u00f3n 2024, en el aut\u00f3dromo concordiense y con probabilidades de definiciones prematuras en varias de las divisionales. Una de ellas, por ejemplo, es la 150cc Mayores \u201cC\u201d, que cuenta con el agregado de ser la \u00faltima en realizar doble jornada en lo que va del a\u00f1o.<\/p>\n\n\n\n<p>El \u00faltimo antecedente en la \u201ccapital del citrus\u201d nos remonta a un lejano 24 de marzo, con m\u00e1s de 160 karts en pista y los siguientes ganadores: Agust\u00edn Fabi\u00e1n (125cc Internacional), Pablo Zapata (150cc Mayores \u201cC\u201d), Omar Mart\u00ednez (150cc Mayores \u201cC\u201d y Copa M\u00e1ster 150cc), Andr\u00e9s Garc\u00eda, Franco Cecchini (150cc Mayores \u201cB\u201d), Benjam\u00edn Squaglia (150cc Junior \u201cA\u201d), Emilio L\u00f3pez Ferro (150cc Promocional) y Alejandro Pralong (110cc Escuela).<\/p>\n\n\n\n<p>Pese a que la temporada est\u00e1 pr\u00f3xima a concluirse, al cierre de esta edici\u00f3n Concordia presenta muchas novedades en cuanto a las n\u00f3minas de pilotos:<\/p>\n\n\n\n<p><strong><u>\u2013 150cc MAYORES \u201cC\u201d:<\/u><\/strong>&nbsp;debutan Mart\u00edn Fern\u00e1ndez (Gualeguaych\u00fa), Santiago Osvaldo Alali y Oscar Costabel (Concordia) y retornan Juan Manuel Franchini, Cristhian Roca, Eugenio Manassero, Walter Bianchini, Luis Viviani, Eduardo Romani, Juan Augusto Bilbao, Mart\u00edn Tecco, Facundo Buyatti, Gast\u00f3n Dubois y Gabriel Scordia, este \u00faltimo compitiendo por primera vez en 2024.<\/p>\n\n\n\n<p><strong><u>\u2013 150cc MAYORES \u201cB\u201d:<\/u><\/strong>&nbsp;se estrenan Imanol Sacks (Villa Elisa) y Alexis Andr\u00e9s Matinata (Chajar\u00ed) y regresan Ulises Pauletti, Franco Bozo, Albano Borsotti, Facundo Pierini, Jonatan Bourlot, Gast\u00f3n Troyano y Joaqu\u00edn Keil, los cuatro \u00faltimos realizando su primer evento en este a\u00f1o.<\/p>\n\n\n\n<p><strong><u>\u2013 150cc JUNIOR \u201cA\u201d:<\/u><\/strong>&nbsp;debutan Jon\u00e1s Maquiavelo (San Jos\u00e9), Tulio Claa (Villa Elisa) y Mat\u00edas Olivieri (Concordia) y vuelven Mateo Santa Cruz y Diego Alarc\u00f3n.<\/p>\n\n\n\n<p><strong><u>\u2013 150cc PROMOCIONAL:<\/u><\/strong>&nbsp;debuta Luana Mar\u00edn (Posadas, Misiones)<\/p>\n\n\n\n<p>En cuanto a los campeonatos, son 38 los pilotos que llegan a Concordia con chances por el t\u00edtulo: 11 en 150cc Mayores \u201cC\u201d, 6 en la Copa M\u00e1ster 150cc (restan tres fechas), 7 en la 150cc Mayores \u201cB\u201d, 3 en la 150cc Junior \u201cA\u201d, 7 en la 150cc Promocional y 4 en la 110cc Escuela.<\/p>\n\n\n\n<p>Si hablamos de las probabilidades de tener monarcas anticipados, los ojos estar\u00e1n puestos principalmente en la 150cc Junior \u201cA\u201d, donde, con concluir el domingo con 43 puntos de diferencia sobre su escolta (llega a esta cita con 44), Uriel Rodr\u00edguez se alzar\u00e1 con el t\u00edtulo; y en la 150cc Mayores \u201cC\u201d, en la cual Pablo Zapata arriba a este evento con una ventaja de 30 unidades con respecto a Ricardo Narcisi y 33 sobre Leandro Gonz\u00e1lez, con m\u00e1s de 50 puntos en juego en la doble jornada concordiense.<\/p>\n\n\n\n<p>La actividad oficial arrancar\u00e1 el d\u00eda s\u00e1bado con las pruebas oficiales, las clasificaciones y las primeras finales del fin de semana para la 150cc Mayores \u201cC\u201d, y continuar\u00e1 el domingo con la disputa de las series y el grueso de las competencias decisivas, que ser\u00e1n transmitidas en vivo y en directo por Perika Producciones a trav\u00e9s de su canal de YouTube.<\/p>\n\n\n\n<p>PRENSA ACEKP: Rodrigo Bouvet<\/p>\n\n\n\n<p>FOTOS: Prensa Karting Entrerriano<\/p>\n\n\n\n<blockquote class=\"wp-block-quote is-layout-flow wp-block-quote-is-layout-flow\">\n<p>www.kartingentrerriano.com.ar<\/p>\n<\/blockquote>\n","protected":false},"excerpt":{"rendered":"<p>Este fin de semana, el Campeonato Entrerriano de Karting llevar\u00e1 a cabo su ante\u00faltimo evento&#8230;<\/p>\n","protected":false},"author":2,"featured_media":2575,"comment_status":"open","ping_status":"open","sticky":false,"template":"","format":"standard","meta":{"footnotes":""},"categories":[48],"tags":[],"class_list":["post-2574","post","type-post","status-publish","format-standard","has-post-thumbnail","hentry","category-karting"],"featured_image_urls":{"full":["https:\/\/deportodos.com.ar\/2023\/wp-content\/uploads\/2024\/10\/IMG-20241031-WA0042.jpg",1600,1066,false],"thumbnail":["https:\/\/deportodos.com.ar\/2023\/wp-content\/uploads\/2024\/10\/IMG-20241031-WA0042-150x150.jpg",150,150,true],"medium":["https:\/\/deportodos.com.ar\/2023\/wp-content\/uploads\/2024\/10\/IMG-20241031-WA0042-300x200.jpg",300,200,true],"medium_large":["https:\/\/deportodos.com.ar\/2023\/wp-content\/uploads\/2024\/10\/IMG-20241031-WA0042-768x512.jpg",640,427,true],"large":["https:\/\/deportodos.com.ar\/2023\/wp-content\/uploads\/2024\/10\/IMG-20241031-WA0042-1024x682.jpg",640,426,true],"1536x1536":["https:\/\/deportodos.com.ar\/2023\/wp-content\/uploads\/2024\/10\/IMG-20241031-WA0042-1536x1023.jpg",1536,1023,true],"2048x2048":["https:\/\/deportodos.com.ar\/2023\/wp-content\/uploads\/2024\/10\/IMG-20241031-WA0042.jpg",1600,1066,false],"covernews-featured":["https:\/\/deportodos.com.ar\/2023\/wp-content\/uploads\/2024\/10\/IMG-20241031-WA0042-1024x682.jpg",1024,682,true],"covernews-medium":["https:\/\/deportodos.com.ar\/2023\/wp-content\/uploads\/2024\/10\/IMG-20241031-WA0042-540x340.jpg",540,340,true]},"author_info":{"display_name":"c2530142","author_link":"https:\/\/deportodos.com.ar\/2023\/author\/c2530142\/"},"category_info":"<a href=\"https:\/\/deportodos.com.ar\/2023\/category\/karting\/\" rel=\"category tag\">Karting<\/a>","tag_info":"Karting","comment_count":"0","_links":{"self":[{"href":"https:\/\/deportodos.com.ar\/2023\/wp-json\/wp\/v2\/posts\/2574","targetHints":{"allow":["GET"]}}],"collection":[{"href":"https:\/\/deportodos.com.ar\/2023\/wp-json\/wp\/v2\/posts"}],"about":[{"href":"https:\/\/deportodos.com.ar\/2023\/wp-json\/wp\/v2\/types\/post"}],"author":[{"embeddable":true,"href":"https:\/\/deportodos.com.ar\/2023\/wp-json\/wp\/v2\/users\/2"}],"replies":[{"embeddable":true,"href":"https:\/\/deportodos.com.ar\/2023\/wp-json\/wp\/v2\/comments?post=2574"}],"version-history":[{"count":1,"href":"https:\/\/deportodos.com.ar\/2023\/wp-json\/wp\/v2\/posts\/2574\/revisions"}],"predecessor-version":[{"id":2576,"href":"https:\/\/deportodos.com.ar\/2023\/wp-json\/wp\/v2\/posts\/2574\/revisions\/2576"}],"wp:featuredmedia":[{"embeddable":true,"href":"https:\/\/deportodos.com.ar\/2023\/wp-json\/wp\/v2\/media\/2575"}],"wp:attachment":[{"href":"https:\/\/deportodos.com.ar\/2023\/wp-json\/wp\/v2\/media?parent=2574"}],"wp:term":[{"taxonomy":"category","embeddable":true,"href":"https:\/\/deportodos.com.ar\/2023\/wp-json\/wp\/v2\/categories?post=2574"},{"taxonomy":"post_tag","embeddable":true,"href":"https:\/\/deportodos.com.ar\/2023\/wp-json\/wp\/v2\/tags?post=2574"}],"curies":[{"name":"wp","href":"https:\/\/api.w.org\/{rel}","templated":true}]}}